{"id":38388,"date":"2021-11-12T08:09:45","date_gmt":"2021-11-12T11:09:45","guid":{"rendered":"http:\/\/www.centraldenoticias.com.ar\/?p=38388"},"modified":"2021-11-12T08:42:16","modified_gmt":"2021-11-12T11:42:16","slug":"realizaron-trabajos-de-fumigacion-en-espacios-verdes","status":"publish","type":"post","link":"https:\/\/cdnoticias.com\/index.php\/2021\/11\/12\/realizaron-trabajos-de-fumigacion-en-espacios-verdes\/","title":{"rendered":"Realizaron trabajos de fumigaci\u00f3n en espacios verdes"},"content":{"rendered":"<p>Fue en la ma\u00f1ana de este jueves, coordinado por Bromatolog\u00eda.\u00a0<!--more--><\/p>\n<hr \/>\n<p>En la ma\u00f1ana de este jueves,<strong> coordinado por la Direcci\u00f3n de Bromatolog\u00eda del Municipio, se realizaron trabajos de fumigaci\u00f3n en los Parques Eseverri, Cerrito y Mitre, que son aquellos que re\u00fanen mayor aglomeraci\u00f3n de personas en esta \u00e9poca del a\u00f1o.<\/strong><\/p>\n<p>&nbsp;<\/p>\n<blockquote><p>Los trabajos preventivos se realizan en la previa a la gestaci\u00f3n de larvas de mosquito y otros insectos con el objetivo fundamental de \u201cevitar la transmisi\u00f3n de enfermedades\u201d.<\/p><\/blockquote>\n<p>&nbsp;<\/p>\n<p><strong>La fumigaci\u00f3n se realiz\u00f3 a trav\u00e9s de una empresa habilitada para tal fin<\/strong>, con el uso de productos debidamente registrados.<\/p>\n<p>&nbsp;<\/p>\n<p>Desde el \u00e1rea de Salud del Municipio solicitan a la comunidad <strong>prestar importante atenci\u00f3n a los recipientes que puedan contener agua estancada en los domicilios y comenzar el descacharrado.<\/strong><\/p>\n<p>&nbsp;<\/p>\n<p>Por ello <strong>se recomienda<\/strong> mantener el orden y la higiene de los patios y terrenos bald\u00edos, evitar juntar agua de lluvia o, en caso que esto resulte indispensable no almacenarla por m\u00e1s de tres d\u00edas cepillando todo el recipiente antes de recoger agua nuevamente, cambiar el agua de los bebederos de animales diariamente, no dejar recipientes sin tapar en el patio, no juntar chatarra y elementos en desuso.<\/p>\n","protected":false},"excerpt":{"rendered":"<p>Fue en la ma\u00f1ana de este jueves, coordinado por Bromatolog\u00eda.\u00a0<\/p>\n","protected":false},"author":2,"featured_media":38389,"comment_status":"closed","ping_status":"closed","sticky":false,"template":"","format":"standard","meta":{"_jetpack_memberships_contains_paid_content":false,"footnotes":""},"categories":[5,1],"tags":[],"class_list":["post-38388","post","type-post","status-publish","format-standard","has-post-thumbnail","hentry","category-informacion-general","category-portada"],"jetpack_featured_media_url":"https:\/\/i0.wp.com\/cdnoticias.com\/wp-content\/uploads\/2021\/11\/Salud-Bromatologia-Fumigacion-1024x682.jpg?fit=1024%2C682&ssl=1","jetpack_sharing_enabled":true,"_links":{"self":[{"href":"https:\/\/cdnoticias.com\/index.php\/wp-json\/wp\/v2\/posts\/38388","targetHints":{"allow":["GET"]}}],"collection":[{"href":"https:\/\/cdnoticias.com\/index.php\/wp-json\/wp\/v2\/posts"}],"about":[{"href":"https:\/\/cdnoticias.com\/index.php\/wp-json\/wp\/v2\/types\/post"}],"author":[{"embeddable":true,"href":"https:\/\/cdnoticias.com\/index.php\/wp-json\/wp\/v2\/users\/2"}],"replies":[{"embeddable":true,"href":"https:\/\/cdnoticias.com\/index.php\/wp-json\/wp\/v2\/comments?post=38388"}],"version-history":[{"count":0,"href":"https:\/\/cdnoticias.com\/index.php\/wp-json\/wp\/v2\/posts\/38388\/revisions"}],"wp:featuredmedia":[{"embeddable":true,"href":"https:\/\/cdnoticias.com\/index.php\/wp-json\/wp\/v2\/media\/38389"}],"wp:attachment":[{"href":"https:\/\/cdnoticias.com\/index.php\/wp-json\/wp\/v2\/media?parent=38388"}],"wp:term":[{"taxonomy":"category","embeddable":true,"href":"https:\/\/cdnoticias.com\/index.php\/wp-json\/wp\/v2\/categories?post=38388"},{"taxonomy":"post_tag","embeddable":true,"href":"https:\/\/cdnoticias.com\/index.php\/wp-json\/wp\/v2\/tags?post=38388"}],"curies":[{"name":"wp","href":"https:\/\/api.w.org\/{rel}","templated":true}]}}