{"id":38385,"date":"2021-11-12T09:29:05","date_gmt":"2021-11-12T12:29:05","guid":{"rendered":"http:\/\/www.centraldenoticias.com.ar\/?p=38385"},"modified":"2021-11-12T09:29:05","modified_gmt":"2021-11-12T12:29:05","slug":"el-titular-de-ypf-nego-suba-del-combustible-en-diciembre","status":"publish","type":"post","link":"https:\/\/cdnoticias.com\/index.php\/2021\/11\/12\/el-titular-de-ypf-nego-suba-del-combustible-en-diciembre\/","title":{"rendered":"El titular de YPF neg\u00f3 suba del combustible en diciembre"},"content":{"rendered":"<p>&#8220;No va a haber aumento de combustible; no hay nada definido&#8221;, dijo, y destac\u00f3 el crecimiento de la producci\u00f3n y la inversi\u00f3n por parte de la petrolera estatal.<!--more--><\/p>\n<hr \/>\n<p><strong>El presidente de YPF, Pablo Gonz\u00e1lez, neg\u00f3 este jueves que se haya definido un aumento de precios de combustibles para diciembre pr\u00f3ximo<\/strong>, luego que en las \u00faltimas horas un ejecutivo de la compa\u00f1\u00eda hab\u00eda mencionado la posibilidad de un ajuste al hablar en una conferencia virtual con inversores.<\/p>\n<p>&nbsp;<\/p>\n<blockquote><p>\u201cNo va a haber aumento de combustible. No hay nada definido y nadie dijo que habr\u00e1 suba el pr\u00f3ximo mes\u201d, indic\u00f3 Gonz\u00e1lez en relaci\u00f3n a versiones de posibles incrementos.<\/p><\/blockquote>\n<p>&nbsp;<\/p>\n<p>En ese sentido, explic\u00f3 que <strong>el rumor de la suba en el surtidor se funda en el incremento previsto del Impuesto de Combustible L\u00edquidos (ICL)<\/strong> que en mayo \u00faltimo fue postergado hasta el 1 de diciembre de este a\u00f1o, y que podr\u00eda tener una nueva pr\u00f3rroga, seg\u00fan indic\u00f3.<\/p>\n<p>&nbsp;<\/p>\n<p>\u201cCreo que cuando Roberto Feletti se expresa en relaci\u00f3n a esto est\u00e1 pensando que <strong>en diciembre vence una pr\u00f3rroga del impuesto a los combustibles l\u00edquidos<\/strong>, algo que impacta directamente sobre el surtidor. La secretar\u00eda de Energ\u00eda de la Naci\u00f3n est\u00e1 trabajando en prorrogar ese vencimiento hasta tanto la Ley de Promoci\u00f3n de Actividades Hidrocarbur\u00edferas lo resuelva. Si no se saca una pr\u00f3rroga antes de fin de mes, eso va a pasar; pero se est\u00e1 trabajando para que no suceda\u201d, agreg\u00f3 en referencia a comentarios del secretario de Comercio respecto a que una suba no afectar\u00eda al congelamiento de precios en supermercados.<\/p>\n<p>&nbsp;<\/p>\n<p>Adem\u00e1s de Feletti, durante una call con accionistas en la que se presentaban los resultados del tercer trimestre de la compa\u00f1\u00eda, un representante de Credit Suisse, <strong>el CEO de YPF Sergio Affronti hab\u00eda admitido que estaban siendo considerados posibles aumentos<\/strong>.<\/p>\n<p>&nbsp;<\/p>\n<p>Por otro lado, Gonz\u00e1lez neg\u00f3 a AM 750 que haya existido un \u201ccongelamiento\u201d de precios en las naftas, y sostuvo que <strong>a principios de este a\u00f1o la empresa explic\u00f3 \u201ccu\u00e1l iba a ser el plan de inversi\u00f3n y c\u00f3mo iban a ser los aumentos\u201d<\/strong>.<\/p>\n<p>&nbsp;<\/p>\n<p>Adem\u00e1s, analiz\u00f3 que \u201cel problema que est\u00e1 existiendo\u201d es \u201c<strong>la presi\u00f3n del mercado en relaci\u00f3n al precio del commodity internacional<\/strong> (actualmente a m\u00e1s de US$ 80) que provoca que muchas productoras quieran exportar\u201d, debido a que \u201cen el mercado interno se est\u00e1 comprando y vendiendo a US$ 60\u201d.<\/p>\n<p>&nbsp;<\/p>\n<p>Por otro lado, destac\u00f3<strong> los resultados positivos de ganancias y producci\u00f3n de YPF<\/strong>, pues la empresa registr\u00f3 en el tercer trimestre del a\u00f1o una ganancia neta de $ 23.000 millones, con un crecimiento de la producci\u00f3n de hidrocarburos de 17% respecto del \u00faltimo trimestre de 2020. \u201cHace mucho que YPF no ten\u00eda un resultado positivo de ganancias as\u00ed, adem\u00e1s de aumentar la producci\u00f3n de petr\u00f3leo y gas; y de haber podido reducir la deuda que ten\u00eda en US$ 650 millones ubic\u00e1ndola a niveles del a\u00f1o 2015\u201d, afirm\u00f3.<\/p>\n<p>&nbsp;<\/p>\n<p>Agencia: <em>DIB<\/em><\/p>\n","protected":false},"excerpt":{"rendered":"<p>&#8220;No va a haber aumento de combustible; no hay nada definido&#8221;, dijo, y destac\u00f3 el crecimiento de la producci\u00f3n y<\/p>\n","protected":false},"author":4,"featured_media":38386,"comment_status":"closed","ping_status":"closed","sticky":false,"template":"","format":"standard","meta":{"_jetpack_memberships_contains_paid_content":false,"footnotes":""},"categories":[6,1],"tags":[],"class_list":["post-38385","post","type-post","status-publish","format-standard","has-post-thumbnail","hentry","category-nacionales","category-portada"],"jetpack_featured_media_url":"https:\/\/i0.wp.com\/cdnoticias.com\/wp-content\/uploads\/2021\/11\/DIB-combustible-YPF.jpg?fit=696%2C522&ssl=1","jetpack_sharing_enabled":true,"_links":{"self":[{"href":"https:\/\/cdnoticias.com\/index.php\/wp-json\/wp\/v2\/posts\/38385","targetHints":{"allow":["GET"]}}],"collection":[{"href":"https:\/\/cdnoticias.com\/index.php\/wp-json\/wp\/v2\/posts"}],"about":[{"href":"https:\/\/cdnoticias.com\/index.php\/wp-json\/wp\/v2\/types\/post"}],"author":[{"embeddable":true,"href":"https:\/\/cdnoticias.com\/index.php\/wp-json\/wp\/v2\/users\/4"}],"replies":[{"embeddable":true,"href":"https:\/\/cdnoticias.com\/index.php\/wp-json\/wp\/v2\/comments?post=38385"}],"version-history":[{"count":0,"href":"https:\/\/cdnoticias.com\/index.php\/wp-json\/wp\/v2\/posts\/38385\/revisions"}],"wp:featuredmedia":[{"embeddable":true,"href":"https:\/\/cdnoticias.com\/index.php\/wp-json\/wp\/v2\/media\/38386"}],"wp:attachment":[{"href":"https:\/\/cdnoticias.com\/index.php\/wp-json\/wp\/v2\/media?parent=38385"}],"wp:term":[{"taxonomy":"category","embeddable":true,"href":"https:\/\/cdnoticias.com\/index.php\/wp-json\/wp\/v2\/categories?post=38385"},{"taxonomy":"post_tag","embeddable":true,"href":"https:\/\/cdnoticias.com\/index.php\/wp-json\/wp\/v2\/tags?post=38385"}],"curies":[{"name":"wp","href":"https:\/\/api.w.org\/{rel}","templated":true}]}}