{"id":38383,"date":"2021-11-11T13:08:34","date_gmt":"2021-11-11T16:08:34","guid":{"rendered":"http:\/\/www.centraldenoticias.com.ar\/?p=38383"},"modified":"2021-11-11T13:08:34","modified_gmt":"2021-11-11T16:08:34","slug":"antena-en-colonia-nievas-los-vecinos-fueron-citados-por-el-concejo","status":"publish","type":"post","link":"https:\/\/cdnoticias.com\/index.php\/2021\/11\/11\/antena-en-colonia-nievas-los-vecinos-fueron-citados-por-el-concejo\/","title":{"rendered":"Antena en Colonia Nievas: los vecinos fueron citados por el Concejo"},"content":{"rendered":"<p>La comisi\u00f3n de Legislaci\u00f3n invit\u00f3 a dos vecinos de la localidad para el pr\u00f3ximo martes. Se analiza el proyecto presentado que reclama por la reubicaci\u00f3n de la antena de telefon\u00eda.<\/p>\n<p><!--more--><\/p>\n<hr \/>\n<p><strong>La comisi\u00f3n de Legislaci\u00f3n del Concejo Deliberante cit\u00f3 a dos vecinos de la localidad de Colonia Nievas<\/strong> para la reuni\u00f3n del pr\u00f3ximo martes.<\/p>\n<p>&nbsp;<\/p>\n<p>La invitaci\u00f3n se origin\u00f3 en el proyecto presentado hace dos semanas que reclama por la <strong>reubicaci\u00f3n de la antena de telefon\u00eda<\/strong>.<\/p>\n<p>&nbsp;<\/p>\n<p>En su \u00faltima reuni\u00f3n, <strong>la comisi\u00f3n que preside Mar\u00eda Jos\u00e9 Gonz\u00e1lez (Juntos) envi\u00f3 la citaci\u00f3n para los vecinos Osvaldo Blugiese y Gabriela Del\u00eda<\/strong>.<\/p>\n<p>&nbsp;<\/p>\n<p>En sesi\u00f3n ordinaria del pasado 28 de octubre lleg\u00f3 a debate la iniciativa impulsada por los vecinos, pero <a href=\"https:\/\/cdnoticias.com\/index.php\/2021\/10\/28\/antena-en-colonia-nievas-no-se-a-que-municipio-se-le-puede-ocurrir-semejante-decision\/\" target=\"_blank\" rel=\"noopener\">finalmente se acord\u00f3 el pase a comisi\u00f3n<\/a> a pedido tambi\u00e9n de los habitantes de Nievas.<\/p>\n<p>&nbsp;<\/p>\n<p>En ese marco, desde el interbloque Frente de Todos se plante\u00f3 <strong>\u201ctenemos una normativa provincial y municipal. Ambas han sido desconocidas a la hora de otorgar la habilitaci\u00f3n\u201d<\/strong>. En palabras de <strong>la concejal Mercedes Land\u00edvar<\/strong> se destac\u00f3 la importancia de escuchar la postura de los vecinos y sostuvo que \u201c<em>ojal\u00e1 que el Municipio pueda lograr una negociaci\u00f3n exitosa<\/em> porque fue uno de los que cometi\u00f3 el error, tenemos la obligaci\u00f3n de darle voz a este reclamo para que no se malinterprete\u201d.<\/p>\n","protected":false},"excerpt":{"rendered":"<p>La comisi\u00f3n de Legislaci\u00f3n invit\u00f3 a dos vecinos de la localidad para el pr\u00f3ximo martes. Se analiza el proyecto presentado<\/p>\n","protected":false},"author":4,"featured_media":36158,"comment_status":"closed","ping_status":"closed","sticky":false,"template":"","format":"standard","meta":{"_jetpack_memberships_contains_paid_content":false,"footnotes":""},"categories":[4,1],"tags":[],"class_list":["post-38383","post","type-post","status-publish","format-standard","has-post-thumbnail","hentry","category-politica","category-portada"],"jetpack_featured_media_url":"https:\/\/i0.wp.com\/cdnoticias.com\/wp-content\/uploads\/2021\/10\/antena-colonia-nievas-00.jpg?fit=800%2C445&ssl=1","jetpack_sharing_enabled":true,"_links":{"self":[{"href":"https:\/\/cdnoticias.com\/index.php\/wp-json\/wp\/v2\/posts\/38383","targetHints":{"allow":["GET"]}}],"collection":[{"href":"https:\/\/cdnoticias.com\/index.php\/wp-json\/wp\/v2\/posts"}],"about":[{"href":"https:\/\/cdnoticias.com\/index.php\/wp-json\/wp\/v2\/types\/post"}],"author":[{"embeddable":true,"href":"https:\/\/cdnoticias.com\/index.php\/wp-json\/wp\/v2\/users\/4"}],"replies":[{"embeddable":true,"href":"https:\/\/cdnoticias.com\/index.php\/wp-json\/wp\/v2\/comments?post=38383"}],"version-history":[{"count":0,"href":"https:\/\/cdnoticias.com\/index.php\/wp-json\/wp\/v2\/posts\/38383\/revisions"}],"wp:featuredmedia":[{"embeddable":true,"href":"https:\/\/cdnoticias.com\/index.php\/wp-json\/wp\/v2\/media\/36158"}],"wp:attachment":[{"href":"https:\/\/cdnoticias.com\/index.php\/wp-json\/wp\/v2\/media?parent=38383"}],"wp:term":[{"taxonomy":"category","embeddable":true,"href":"https:\/\/cdnoticias.com\/index.php\/wp-json\/wp\/v2\/categories?post=38383"},{"taxonomy":"post_tag","embeddable":true,"href":"https:\/\/cdnoticias.com\/index.php\/wp-json\/wp\/v2\/tags?post=38383"}],"curies":[{"name":"wp","href":"https:\/\/api.w.org\/{rel}","templated":true}]}}