{"id":38327,"date":"2021-11-10T17:44:20","date_gmt":"2021-11-10T20:44:20","guid":{"rendered":"http:\/\/www.centraldenoticias.com.ar\/?p=38327"},"modified":"2021-11-10T18:36:37","modified_gmt":"2021-11-10T21:36:37","slug":"violento-accidente-dejo-como-saldo-dos-persona-hospitalizadas","status":"publish","type":"post","link":"https:\/\/cdnoticias.com\/index.php\/2021\/11\/10\/violento-accidente-dejo-como-saldo-dos-persona-hospitalizadas\/","title":{"rendered":"Violento accidente dej\u00f3 como saldo dos persona hospitalizadas"},"content":{"rendered":"<p>Ocurri\u00f3 sobre el cruce de Rufino Fal y Saavedra y se vieron implicados tres rodados, uno de los cuales se encontraba estacionado.<!--more--><\/p>\n<hr \/>\n<p>En la tarde de este martes un violento siniestro vial se registr\u00f3 en el barrio Hip\u00f3lito Yrigoyen, dejando como saldo<strong> importantes da\u00f1os materiales y dos personas hospitalizadas<\/strong>, quienes afortunadamente no habr\u00edan registrado lesiones de consideraci\u00f3n.<\/p>\n<p>&nbsp;<\/p>\n<p>Todo ocurri\u00f3 despu\u00e9s de las 16.30 sobre el cruce de Rufino Fal y Saavedra, donde en condiciones que son materia de estudio colisionaron un Fiat Duna y una camioneta utilitaria tambi\u00e9n Fiat, que produjo del impacto protagoniz\u00f3 un trompo y termin\u00f3 chocando <strong>un Renault Sandero que se hallaba estacionado, al cual se le estall\u00f3 la luneta, entre otros da\u00f1os.<\/strong><\/p>\n<p>&nbsp;<\/p>\n<p><img data-recalc-dims=\"1\" loading=\"lazy\" decoding=\"async\" class=\"alignnone size-full wp-image-38328\" src=\"https:\/\/i0.wp.com\/cdnoticias.com\/wp-content\/uploads\/2021\/11\/choque02.jpg?resize=800%2C445&#038;ssl=1\" alt=\"\" width=\"800\" height=\"445\" srcset=\"https:\/\/i0.wp.com\/cdnoticias.com\/wp-content\/uploads\/2021\/11\/choque02.jpg?w=800&amp;ssl=1 800w, https:\/\/i0.wp.com\/cdnoticias.com\/wp-content\/uploads\/2021\/11\/choque02.jpg?resize=300%2C167&amp;ssl=1 300w, https:\/\/i0.wp.com\/cdnoticias.com\/wp-content\/uploads\/2021\/11\/choque02.jpg?resize=768%2C427&amp;ssl=1 768w\" sizes=\"auto, (max-width: 800px) 100vw, 800px\" \/><\/p>\n<p>&nbsp;<\/p>\n<p>Las dos personas que tripulaban la camioneta registraron diversos golpes, por lo que fueron <strong>trasladadas por precauci\u00f3n al Hospital Municipal \u201cDoctor H\u00e9ctor Cura\u201d<\/strong>. Los ocupantes del Duna resultaron ilesos.<\/p>\n<p>&nbsp;<\/p>\n<p>Adem\u00e1s de personal policial, en el lugar <strong>colaboraron agentes del Comando de Patrullas<\/strong>, quienes asistieron a las personas implicadas y reorganizaron la circulaci\u00f3n por el sector.<\/p>\n","protected":false},"excerpt":{"rendered":"<p>Ocurri\u00f3 sobre el cruce de Rufino Fal y Saavedra y se vieron implicados tres rodados, uno de los cuales se<\/p>\n","protected":false},"author":3,"featured_media":38330,"comment_status":"closed","ping_status":"closed","sticky":false,"template":"","format":"standard","meta":{"_jetpack_memberships_contains_paid_content":false,"footnotes":""},"categories":[14,1],"tags":[],"class_list":["post-38327","post","type-post","status-publish","format-standard","has-post-thumbnail","hentry","category-policiales","category-portada"],"jetpack_featured_media_url":"https:\/\/i0.wp.com\/cdnoticias.com\/wp-content\/uploads\/2021\/11\/choque.jpg?fit=800%2C445&ssl=1","jetpack_sharing_enabled":true,"_links":{"self":[{"href":"https:\/\/cdnoticias.com\/index.php\/wp-json\/wp\/v2\/posts\/38327","targetHints":{"allow":["GET"]}}],"collection":[{"href":"https:\/\/cdnoticias.com\/index.php\/wp-json\/wp\/v2\/posts"}],"about":[{"href":"https:\/\/cdnoticias.com\/index.php\/wp-json\/wp\/v2\/types\/post"}],"author":[{"embeddable":true,"href":"https:\/\/cdnoticias.com\/index.php\/wp-json\/wp\/v2\/users\/3"}],"replies":[{"embeddable":true,"href":"https:\/\/cdnoticias.com\/index.php\/wp-json\/wp\/v2\/comments?post=38327"}],"version-history":[{"count":0,"href":"https:\/\/cdnoticias.com\/index.php\/wp-json\/wp\/v2\/posts\/38327\/revisions"}],"wp:featuredmedia":[{"embeddable":true,"href":"https:\/\/cdnoticias.com\/index.php\/wp-json\/wp\/v2\/media\/38330"}],"wp:attachment":[{"href":"https:\/\/cdnoticias.com\/index.php\/wp-json\/wp\/v2\/media?parent=38327"}],"wp:term":[{"taxonomy":"category","embeddable":true,"href":"https:\/\/cdnoticias.com\/index.php\/wp-json\/wp\/v2\/categories?post=38327"},{"taxonomy":"post_tag","embeddable":true,"href":"https:\/\/cdnoticias.com\/index.php\/wp-json\/wp\/v2\/tags?post=38327"}],"curies":[{"name":"wp","href":"https:\/\/api.w.org\/{rel}","templated":true}]}}