{"id":38325,"date":"2021-11-10T20:08:04","date_gmt":"2021-11-10T23:08:04","guid":{"rendered":"http:\/\/www.centraldenoticias.com.ar\/?p=38325"},"modified":"2021-11-10T20:08:04","modified_gmt":"2021-11-10T23:08:04","slug":"aplicaran-una-dosis-de-refuerzo-al-personal-de-salud-y-a-los-mayores-de-70-anos","status":"publish","type":"post","link":"https:\/\/cdnoticias.com\/index.php\/2021\/11\/10\/aplicaran-una-dosis-de-refuerzo-al-personal-de-salud-y-a-los-mayores-de-70-anos\/","title":{"rendered":"Aplicar\u00e1n una dosis de refuerzo al personal de salud y a los mayores de 70 a\u00f1os"},"content":{"rendered":"<div class=\"td_block_wrap tdb_single_subtitle tdi_72 td-pb-border-top td_block_template_1\" data-td-block-uid=\"tdi_72\">\n<div class=\"tdb-block-inner td-fix-index\">\n<p>Ser\u00e1 para quienes hayan completado el esquema de vacunaci\u00f3n hace m\u00e1s de 180 d\u00edas. Se llevar\u00e1 adelante en todo el pa\u00eds.<\/p>\n<\/div>\n<\/div>\n<p><!--more--><\/p>\n<hr \/>\n<div class=\"td_block_wrap tdb_single_date tdi_73 td-pb-border-top td_block_template_1 tdb-post-meta\" data-td-block-uid=\"tdi_73\">\n<p>&nbsp;<\/p>\n<p>El <strong>Gobierno nacional<\/strong> anunci\u00f3 la<strong> aplicaci\u00f3n de la tercera dosis de la vacuna contra el coronavirus\u00a0a\u00a0personal de salud y mayores de 70 a\u00f1os en todo el pa\u00eds,<\/strong> aunque cada provincia determinar\u00e1 la forma y el modo en que se emplear\u00e1 el refuerzo extra.<\/p>\n<p>&nbsp;<\/p>\n<p>As\u00ed se determin\u00f3 tras una <strong>reuni\u00f3n del comit\u00e9 de expertos del ministerio de Salud de la Naci\u00f3n<\/strong>, que avanzar\u00e1 con el plan que se iniciar\u00e1 con los <strong>adultos mayores de 70 a\u00f1os y el personal de la salud que hayan completado el esquema de vacunaci\u00f3n hace m\u00e1s de 180 d\u00edas.<\/strong> Sin embargo, cada jurisdicci\u00f3n pueda iniciar esta estrategia de vacunaci\u00f3n de acuerdo a su plan operativo.<\/p>\n<p>&nbsp;<\/p>\n<p>\u201cLa administraci\u00f3n de <strong>una dosis de vacuna<\/strong>, en estos casos, se debe a que <strong>es probable que la respuesta inmunol\u00f3gica disminuya con el tiempo<\/strong>\u201d, se anunci\u00f3 de manera oficial.<\/p>\n<\/div>\n<p>&nbsp;<\/p>\n<div class=\"td_block_wrap tdb_single_content tdi_78 td-pb-border-top td_block_template_1 td-post-content tagdiv-type\" data-td-block-uid=\"tdi_78\">\n<div class=\"tdb-block-inner td-fix-index\">\n<p>La decisi\u00f3n de <strong>aplicar el\u00a0refuerzo a estos grupos\u00a0fue tomada por el Ministerio de Salud<\/strong> y las<strong> autoridades sanitarias<\/strong> de las distintas jurisdicciones en la edici\u00f3n del <strong>Consejo Federal de Salud<\/strong> (Cofesa) del viernes pasado y formalizada este mi\u00e9rcoles. En l\u00ednea con lo\u00a0acordado, para la <strong>dosis refuerzo se utilizar\u00e1 principalmente la vacuna AstraZeneca<\/strong>. De todos modos, se <strong>evaluar\u00e1n los casos de manera particular<\/strong> seg\u00fan el esquema de vacunaci\u00f3n previo y las condiciones cl\u00ednicas de cada persona.<\/p>\n<p>&nbsp;<\/p>\n<p>El subsecretario de <strong>Estrategias Sanitarias, Juan Manuel Castelli,<\/strong> remarc\u00f3 que esta medida est\u00e1 relacionada con el <strong>gran avance de la vacunaci\u00f3n y el aumento de la circulaci\u00f3n de la variante Delta.<\/strong> Asimismo, sostuvo que <strong>el objetivo es proteger lo antes posible al personal de salud y a los adultos mayores<\/strong> que hayan completado su esquema hace <strong>m\u00e1s de seis meses,<\/strong> para luego<strong> avanzar con el resto de la poblaci\u00f3n en forma escalonada y simult\u00e1nea<\/strong> en funci\u00f3n de cada plan provincial.<\/p>\n<p>&nbsp;<\/p>\n<p>Hasta ahora se hab\u00eda anunciado una <strong>dosis adicional para personas inmunodeprimidas<\/strong> sin importar el esquema primario recibido, y<strong> mayores 50 a\u00f1os que hubiera recibido las dos dosis de Sinopharm<\/strong>. De hecho, este <strong>mi\u00e9rcoles la provincia de Buenos Aires<\/strong> empez\u00f3 con ese proceso y para ello <strong>envi\u00f3 un total de 1.008.134 turnos.<\/strong><\/p>\n<p>&nbsp;<\/p>\n<p><strong>\u201cArgentina cuenta con disponibilidad de vacunas<\/strong> para dar respuesta a estas estrategias atendiendo a la demanda y las particularidades de los planes provinciales\u201d, indic\u00f3 el comunicado.<\/p>\n<p>&nbsp;<\/p>\n<p>Por su parte, la<strong> presidenta de la CoNaIn, Mirta Roses<\/strong>, asegur\u00f3 que \u201ctenemos que tomar en cuenta tambi\u00e9n que en <strong>\u00e1reas urbanas el acceso de la poblaci\u00f3n a las vacunas es cotidiano.<\/strong> Pero <strong>en muchas partes del pa\u00eds tenemos que avanzar con el paquete completo<\/strong> de manera simult\u00e1nea porque puede ser que <strong>por razones clim\u00e1ticas o geogr\u00e1ficas<\/strong> lleguemos una o dos veces, pero quiz\u00e1s no haya una tercera vez\u201d.<\/p>\n<p>&nbsp;<\/p>\n<p>En este sentido, la <strong>Provincia de Buenos Aires<\/strong> indic\u00f3 que respecto de esas <strong>dosis de refuerzo, los 514 mil trabajadores de la salud<\/strong> que se desempe\u00f1an en ese distrito<strong> comenzar\u00e1n a ser vacunados a fines de diciembre<\/strong> con el objetivo de \u201cgenerar m\u00e1s defensas con miras al pr\u00f3ximo invierno\u201d.<\/p>\n<\/div>\n<\/div>\n<p>&nbsp;<\/p>\n<p><em>Fuente: DIB\u00a0<\/em><\/p>\n<div class=\"td_block_wrap tdb_single_tags tdi_81 td-pb-border-top td_block_template_1\" data-td-block-uid=\"tdi_81\"><\/div>\n","protected":false},"excerpt":{"rendered":"<p>Ser\u00e1 para quienes hayan completado el esquema de vacunaci\u00f3n hace m\u00e1s de 180 d\u00edas. Se llevar\u00e1 adelante en todo el<\/p>\n","protected":false},"author":6,"featured_media":27672,"comment_status":"closed","ping_status":"closed","sticky":false,"template":"","format":"standard","meta":{"_jetpack_memberships_contains_paid_content":false,"footnotes":""},"categories":[6,1],"tags":[],"class_list":["post-38325","post","type-post","status-publish","format-standard","has-post-thumbnail","hentry","category-nacionales","category-portada"],"jetpack_featured_media_url":"https:\/\/i0.wp.com\/cdnoticias.com\/wp-content\/uploads\/2021\/07\/Vacunas-1-1-1024x576-1-696x392.jpg?fit=696%2C392&ssl=1","jetpack_sharing_enabled":true,"_links":{"self":[{"href":"https:\/\/cdnoticias.com\/index.php\/wp-json\/wp\/v2\/posts\/38325","targetHints":{"allow":["GET"]}}],"collection":[{"href":"https:\/\/cdnoticias.com\/index.php\/wp-json\/wp\/v2\/posts"}],"about":[{"href":"https:\/\/cdnoticias.com\/index.php\/wp-json\/wp\/v2\/types\/post"}],"author":[{"embeddable":true,"href":"https:\/\/cdnoticias.com\/index.php\/wp-json\/wp\/v2\/users\/6"}],"replies":[{"embeddable":true,"href":"https:\/\/cdnoticias.com\/index.php\/wp-json\/wp\/v2\/comments?post=38325"}],"version-history":[{"count":0,"href":"https:\/\/cdnoticias.com\/index.php\/wp-json\/wp\/v2\/posts\/38325\/revisions"}],"wp:featuredmedia":[{"embeddable":true,"href":"https:\/\/cdnoticias.com\/index.php\/wp-json\/wp\/v2\/media\/27672"}],"wp:attachment":[{"href":"https:\/\/cdnoticias.com\/index.php\/wp-json\/wp\/v2\/media?parent=38325"}],"wp:term":[{"taxonomy":"category","embeddable":true,"href":"https:\/\/cdnoticias.com\/index.php\/wp-json\/wp\/v2\/categories?post=38325"},{"taxonomy":"post_tag","embeddable":true,"href":"https:\/\/cdnoticias.com\/index.php\/wp-json\/wp\/v2\/tags?post=38325"}],"curies":[{"name":"wp","href":"https:\/\/api.w.org\/{rel}","templated":true}]}}