{"id":38300,"date":"2021-11-10T20:41:01","date_gmt":"2021-11-10T23:41:01","guid":{"rendered":"http:\/\/www.centraldenoticias.com.ar\/?p=38300"},"modified":"2021-11-11T09:10:32","modified_gmt":"2021-11-11T12:10:32","slug":"maximiliano-wesner-candidato-del-frente-de-todos-vamos-a-crecer-en-algunos-puntos","status":"publish","type":"post","link":"https:\/\/cdnoticias.com\/index.php\/2021\/11\/10\/maximiliano-wesner-candidato-del-frente-de-todos-vamos-a-crecer-en-algunos-puntos\/","title":{"rendered":"Maximiliano Wesner, candidato del Frente de Todos: \u201cvamos a crecer en algunos puntos\u201d"},"content":{"rendered":"<p>As\u00ed proyect\u00f3 el resultado del domingo. Las propuestas con \u00e9nfasis en el sector productivo, su lectura del contexto general y la mirada en el largo plazo: \u201ctenemos que pensar una Olavarr\u00eda para el 2023\u201d.<!--more--><\/p>\n<hr \/>\n<p><strong>El primer candidato a concejal del Frente de Todos (FdT), Maximiliano Wesner<\/strong>, habl\u00f3 con <strong>Central de Noticias<\/strong> en el marco de la campa\u00f1a para las elecciones legislativas del domingo.<\/p>\n<p>&nbsp;<\/p>\n<p>Para Maximiliano, la principal motivaci\u00f3n para ser concejal es \u201c<strong>contribuir a la transformaci\u00f3n de nuestro Partido de Olavarr\u00eda<\/strong>. Participo en el FdT desde hace mucho tiempo hoy me toca encabezar esta lista -como siempre digo- \u00edntegra, plural y con caras nuevas. Me parece que <strong>nos merecemos una Olavarr\u00eda mejor<\/strong> y en ese sentido quiero trabajar con mucha responsabilidad\u201d.<\/p>\n<p>&nbsp;<\/p>\n<p>Tras asumir como concejal el 10 de diciembre, detall\u00f3 los temas que consider\u00f3 de urgente tratamiento: <strong>obra p\u00fablica, desarrollo de viviendas y llevar el HCD \u201ca la calle\u201d<\/strong>.<\/p>\n<p>&nbsp;<\/p>\n<p><img data-recalc-dims=\"1\" loading=\"lazy\" decoding=\"async\" class=\"alignnone size-large wp-image-38291\" src=\"https:\/\/i0.wp.com\/cdnoticias.com\/wp-content\/uploads\/2021\/11\/wesner6.jpg?resize=800%2C445&#038;ssl=1\" alt=\"\" width=\"800\" height=\"445\" srcset=\"https:\/\/i0.wp.com\/cdnoticias.com\/wp-content\/uploads\/2021\/11\/wesner6.jpg?resize=1024%2C570&amp;ssl=1 1024w, https:\/\/i0.wp.com\/cdnoticias.com\/wp-content\/uploads\/2021\/11\/wesner6.jpg?resize=300%2C167&amp;ssl=1 300w, https:\/\/i0.wp.com\/cdnoticias.com\/wp-content\/uploads\/2021\/11\/wesner6.jpg?resize=768%2C427&amp;ssl=1 768w, https:\/\/i0.wp.com\/cdnoticias.com\/wp-content\/uploads\/2021\/11\/wesner6.jpg?resize=800%2C445&amp;ssl=1 800w, https:\/\/i0.wp.com\/cdnoticias.com\/wp-content\/uploads\/2021\/11\/wesner6.jpg?w=1600&amp;ssl=1 1600w\" sizes=\"auto, (max-width: 800px) 100vw, 800px\" \/><\/p>\n<p>&nbsp;<\/p>\n<p>En ese sentido, resalt\u00f3 que <strong>\u201csomos el \u00fanico espacio que present\u00f3 las propuestas de cara a la comunidad\u201d<\/strong>, en referencia al <a href=\"https:\/\/cdnoticias.com\/index.php\/2021\/10\/12\/frente-de-todos-frigorifico-municipal-viviendas-y-forestacion-urbana\/\">acto que se llev\u00f3 adelante el 12 de octubre<\/a>. Explic\u00f3 que \u201ces un nutrido compendio de propuestas que obviamente se va a mejorar y charlar con los compa\u00f1eros que hoy actualmente son concejales y concejalas\u201d.<\/p>\n<p>&nbsp;<\/p>\n<blockquote><p>\u201cNos debemos una discusi\u00f3n en materia de obra p\u00fablica, nos debemos una discusi\u00f3n en materia de vivienda y h\u00e1bitat en Olavarr\u00eda. Hay un proyecto en el Concejo Deliberante y tenemos un proyecto similar nosotros, tambi\u00e9n candidatas de otros espacios con lo cual sabemos, y eso da luz de la necesidad que tiene Olavarr\u00eda en materia de viviendas, con un atraso hist\u00f3rico y en ese sentido vamos a trabajar\u201d dijo Wesner<\/p><\/blockquote>\n<p>&nbsp;<\/p>\n<p><img data-recalc-dims=\"1\" loading=\"lazy\" decoding=\"async\" class=\"alignnone size-large wp-image-38292\" src=\"https:\/\/i0.wp.com\/cdnoticias.com\/wp-content\/uploads\/2021\/11\/wesner7.jpg?resize=800%2C445&#038;ssl=1\" alt=\"\" width=\"800\" height=\"445\" srcset=\"https:\/\/i0.wp.com\/cdnoticias.com\/wp-content\/uploads\/2021\/11\/wesner7.jpg?resize=1024%2C570&amp;ssl=1 1024w, https:\/\/i0.wp.com\/cdnoticias.com\/wp-content\/uploads\/2021\/11\/wesner7.jpg?resize=300%2C167&amp;ssl=1 300w, https:\/\/i0.wp.com\/cdnoticias.com\/wp-content\/uploads\/2021\/11\/wesner7.jpg?resize=768%2C427&amp;ssl=1 768w, https:\/\/i0.wp.com\/cdnoticias.com\/wp-content\/uploads\/2021\/11\/wesner7.jpg?resize=800%2C445&amp;ssl=1 800w, https:\/\/i0.wp.com\/cdnoticias.com\/wp-content\/uploads\/2021\/11\/wesner7.jpg?w=1600&amp;ssl=1 1600w\" sizes=\"auto, (max-width: 800px) 100vw, 800px\" \/><\/p>\n<p>&nbsp;<\/p>\n<p>Tambi\u00e9n se\u00f1al\u00f3 que considera que<strong> las \u00e1reas de gesti\u00f3n deben \u201csalir a la calle\u201d<\/strong> y expres\u00f3 que as\u00ed lo han aplicado \u201ca quienes nos toca conducir un organismo, ya sea nacional o provincial. Llevamos las herramientas del Estado nacional y provincial a trav\u00e9s del Estado Cerca Tuyo. Esa es la misma impronta que vamos a tener en el Concejo Deliberante\u201d. Enfatiz\u00f3 que as\u00ed como lo hizo durante la campa\u00f1a, seguir\u00e1 una vez que asuma la banca:<strong> \u201cesto no se termina ac\u00e1, hay que darle una fuerte impronta territorial a la gesti\u00f3n\u201d<\/strong>.<\/p>\n<p>&nbsp;<\/p>\n<p>En cuanto a su labor en el HCD la proyect\u00f3 vinculada con su desarrollo profesional, ya que es contador: <strong>\u201cva ser de contralor, de mirar todos los d\u00edas el Rafam, ver c\u00f3mo se viene ejecutando el presupuesto\u201d<\/strong>. A su vez, plante\u00f3 que la tarea ser\u00e1 \u201cconsensuada con el resto de los compa\u00f1eros y compa\u00f1eras\u201d del bloque. A su vez, adelant\u00f3 que trabajar\u00e1 en<em> \u201cplasmar en proyectos de ordenanza las propuestas que hemos presentado\u201d<\/em>, algo que planific\u00f3 para los pr\u00f3ximos dos a\u00f1os.<\/p>\n<p>&nbsp;<\/p>\n<p><img data-recalc-dims=\"1\" loading=\"lazy\" decoding=\"async\" class=\"alignnone size-large wp-image-38287\" src=\"https:\/\/i0.wp.com\/cdnoticias.com\/wp-content\/uploads\/2021\/11\/wesner1.jpg?resize=800%2C445&#038;ssl=1\" alt=\"\" width=\"800\" height=\"445\" srcset=\"https:\/\/i0.wp.com\/cdnoticias.com\/wp-content\/uploads\/2021\/11\/wesner1.jpg?resize=1024%2C570&amp;ssl=1 1024w, https:\/\/i0.wp.com\/cdnoticias.com\/wp-content\/uploads\/2021\/11\/wesner1.jpg?resize=300%2C167&amp;ssl=1 300w, https:\/\/i0.wp.com\/cdnoticias.com\/wp-content\/uploads\/2021\/11\/wesner1.jpg?resize=768%2C427&amp;ssl=1 768w, https:\/\/i0.wp.com\/cdnoticias.com\/wp-content\/uploads\/2021\/11\/wesner1.jpg?resize=800%2C445&amp;ssl=1 800w, https:\/\/i0.wp.com\/cdnoticias.com\/wp-content\/uploads\/2021\/11\/wesner1.jpg?w=1600&amp;ssl=1 1600w\" sizes=\"auto, (max-width: 800px) 100vw, 800px\" \/><\/p>\n<p>&nbsp;<\/p>\n<p>Dentro de las propuestas presentadas por el FdT, varias est\u00e1n vinculadas con la cuesti\u00f3n productiva y los sectores industriales. Wesner hizo referencia al contacto de larga data con referentes empresariales, pymes e industriales de la ciudad, lo cual dio origen a la iniciativa de<strong> crear un fondo municipal de infraestructura, mejora y mantenimiento de parques industriales<\/strong>. <em>\u201cNuestros parques industriales no tienen servicio de recolecci\u00f3n, est\u00e1n expuestos a hechos vand\u00e1licos de inseguridad como en la Zalo donde hay noticias todas las semanas, y en otras cuestiones m\u00e1s que merecen un abordaje. Nuestro municipio debe dar respuesta a eso\u201d<\/em> afirm\u00f3.<\/p>\n<p>&nbsp;<\/p>\n<blockquote><p>Se\u00f1al\u00f3 que atendiendo esas demandas, \u201cdetr\u00e1s de esa inversi\u00f3n p\u00fablica que va a garantizar este fondo, yo creo que va a venir la respuesta privada. Y si hay respuesta privada hay inversi\u00f3n y hay trabajo. Ese es el camino\u201d.<\/p><\/blockquote>\n<p>&nbsp;<\/p>\n<p><img data-recalc-dims=\"1\" loading=\"lazy\" decoding=\"async\" class=\"alignnone size-large wp-image-38290\" src=\"https:\/\/i0.wp.com\/cdnoticias.com\/wp-content\/uploads\/2021\/11\/wesner5.jpg?resize=800%2C445&#038;ssl=1\" alt=\"\" width=\"800\" height=\"445\" srcset=\"https:\/\/i0.wp.com\/cdnoticias.com\/wp-content\/uploads\/2021\/11\/wesner5.jpg?resize=1024%2C570&amp;ssl=1 1024w, https:\/\/i0.wp.com\/cdnoticias.com\/wp-content\/uploads\/2021\/11\/wesner5.jpg?resize=300%2C167&amp;ssl=1 300w, https:\/\/i0.wp.com\/cdnoticias.com\/wp-content\/uploads\/2021\/11\/wesner5.jpg?resize=768%2C427&amp;ssl=1 768w, https:\/\/i0.wp.com\/cdnoticias.com\/wp-content\/uploads\/2021\/11\/wesner5.jpg?resize=800%2C445&amp;ssl=1 800w, https:\/\/i0.wp.com\/cdnoticias.com\/wp-content\/uploads\/2021\/11\/wesner5.jpg?w=1600&amp;ssl=1 1600w\" sizes=\"auto, (max-width: 800px) 100vw, 800px\" \/><\/p>\n<p>&nbsp;<\/p>\n<p><strong>\u201cVamos a crecer\u201d<\/strong><\/p>\n<p>&nbsp;<\/p>\n<p>Respecto del resultado del domingo, <strong>Wesner consider\u00f3 que \u201cvamos a crecer en algunos puntos<\/strong>. Estamos trabajando no solamente con quienes no fueron a votar, visitamos todos los barrios, todas las localidades, estamos acerc\u00e1ndole no solo un folleto con propuestas sino informaci\u00f3n de todos los candidatos locales y seccionales, con una breve rese\u00f1a de qui\u00e9nes somos\u201d.<\/p>\n<p>&nbsp;<\/p>\n<p>El candidato coment\u00f3 que en esas recorridas percibi\u00f3 que <strong>\u201cel humor ya es otro, no es en el 12 de septiembre\u201d<\/strong> a la luz de que &#8220;el contexto macroecon\u00f3mico o la econom\u00eda se han acomodado&#8221;. Se\u00f1al\u00f3 como indicadores generales<em> el aumento de las reservas en lugares tur\u00edsticos para el pr\u00f3ximo fin de semana largo<\/em> y defini\u00f3 que \u201cel escenario, si bien pas\u00f3 muy poco tiempo, es otro\u201d.<\/p>\n<p>&nbsp;<\/p>\n<p>Tambi\u00e9n mencion\u00f3 que \u201cel indicador de la actividad industrial en septiembre creci\u00f3 11.4% respecto del a\u00f1o pasado. <strong>Se han recuperado muchos puestos de trabajo y se han sostenido otros<\/strong> porque ya lo hemos charlado a trav\u00e9s del ATP y el Repro. <strong>Con esa coyuntura econ\u00f3mica y con el contexto sanitario mejorado, la gente se va a acercar a votar<\/strong>\u201d.<\/p>\n<p>&nbsp;<\/p>\n<p><img data-recalc-dims=\"1\" loading=\"lazy\" decoding=\"async\" class=\"alignnone size-large wp-image-38288\" src=\"https:\/\/i0.wp.com\/cdnoticias.com\/wp-content\/uploads\/2021\/11\/wesner2.jpg?resize=800%2C445&#038;ssl=1\" alt=\"\" width=\"800\" height=\"445\" srcset=\"https:\/\/i0.wp.com\/cdnoticias.com\/wp-content\/uploads\/2021\/11\/wesner2.jpg?resize=1024%2C570&amp;ssl=1 1024w, https:\/\/i0.wp.com\/cdnoticias.com\/wp-content\/uploads\/2021\/11\/wesner2.jpg?resize=300%2C167&amp;ssl=1 300w, https:\/\/i0.wp.com\/cdnoticias.com\/wp-content\/uploads\/2021\/11\/wesner2.jpg?resize=768%2C427&amp;ssl=1 768w, https:\/\/i0.wp.com\/cdnoticias.com\/wp-content\/uploads\/2021\/11\/wesner2.jpg?resize=800%2C445&amp;ssl=1 800w, https:\/\/i0.wp.com\/cdnoticias.com\/wp-content\/uploads\/2021\/11\/wesner2.jpg?w=1600&amp;ssl=1 1600w\" sizes=\"auto, (max-width: 800px) 100vw, 800px\" \/><\/p>\n<p>&nbsp;<\/p>\n<p><strong>El futuro<\/strong><\/p>\n<p>&nbsp;<\/p>\n<p>Durante la campa\u00f1a para las Legislativas, el FdT plante\u00f3 el futuro de Olavarr\u00eda m\u00e1s all\u00e1 de las elecciones. Maximiliano Wesner sostuvo que \u201csomos un grupo que viene pensando no s\u00f3lo la ciudad sino las localidades y Olavarr\u00eda en general desde hace tiempo. Creo que <strong>somos la alternativa a la fuerza que hoy est\u00e1 gestionando la ciudad<\/strong>, con lo cual creo que esto sigue para adelante y no se agota el 14 de noviembre\u201d.<\/p>\n<p>&nbsp;<\/p>\n<blockquote><p>\u201cTenemos que pensar una Olavarr\u00eda para el 2023 sin lugar a dudas\u201d ampli\u00f3 el primer candidato a concejal.<\/p><\/blockquote>\n","protected":false},"excerpt":{"rendered":"<p>As\u00ed proyect\u00f3 el resultado del domingo. Las propuestas con \u00e9nfasis en el sector productivo, su lectura del contexto general y<\/p>\n","protected":false},"author":4,"featured_media":38293,"comment_status":"closed","ping_status":"closed","sticky":false,"template":"","format":"standard","meta":{"_jetpack_memberships_contains_paid_content":false,"footnotes":""},"categories":[17,1],"tags":[],"class_list":["post-38300","post","type-post","status-publish","format-standard","has-post-thumbnail","hentry","category-elecciones-2021","category-portada"],"jetpack_featured_media_url":"https:\/\/i0.wp.com\/cdnoticias.com\/wp-content\/uploads\/2021\/11\/wesner4.jpg?fit=1600%2C890&ssl=1","jetpack_sharing_enabled":true,"_links":{"self":[{"href":"https:\/\/cdnoticias.com\/index.php\/wp-json\/wp\/v2\/posts\/38300","targetHints":{"allow":["GET"]}}],"collection":[{"href":"https:\/\/cdnoticias.com\/index.php\/wp-json\/wp\/v2\/posts"}],"about":[{"href":"https:\/\/cdnoticias.com\/index.php\/wp-json\/wp\/v2\/types\/post"}],"author":[{"embeddable":true,"href":"https:\/\/cdnoticias.com\/index.php\/wp-json\/wp\/v2\/users\/4"}],"replies":[{"embeddable":true,"href":"https:\/\/cdnoticias.com\/index.php\/wp-json\/wp\/v2\/comments?post=38300"}],"version-history":[{"count":0,"href":"https:\/\/cdnoticias.com\/index.php\/wp-json\/wp\/v2\/posts\/38300\/revisions"}],"wp:featuredmedia":[{"embeddable":true,"href":"https:\/\/cdnoticias.com\/index.php\/wp-json\/wp\/v2\/media\/38293"}],"wp:attachment":[{"href":"https:\/\/cdnoticias.com\/index.php\/wp-json\/wp\/v2\/media?parent=38300"}],"wp:term":[{"taxonomy":"category","embeddable":true,"href":"https:\/\/cdnoticias.com\/index.php\/wp-json\/wp\/v2\/categories?post=38300"},{"taxonomy":"post_tag","embeddable":true,"href":"https:\/\/cdnoticias.com\/index.php\/wp-json\/wp\/v2\/tags?post=38300"}],"curies":[{"name":"wp","href":"https:\/\/api.w.org\/{rel}","templated":true}]}}