{"id":38273,"date":"2021-11-10T11:10:47","date_gmt":"2021-11-10T14:10:47","guid":{"rendered":"http:\/\/www.centraldenoticias.com.ar\/?p=38273"},"modified":"2021-11-10T11:10:47","modified_gmt":"2021-11-10T14:10:47","slug":"transporte-interurbano-el-hcd-se-prepara-para-discutir-la-autorizacion-para-licitar-el-servicio","status":"publish","type":"post","link":"https:\/\/cdnoticias.com\/index.php\/2021\/11\/10\/transporte-interurbano-el-hcd-se-prepara-para-discutir-la-autorizacion-para-licitar-el-servicio\/","title":{"rendered":"Transporte interurbano: el HCD se prepara para discutir la autorizaci\u00f3n para licitar el servicio"},"content":{"rendered":"<p>Tuvo despacho de la comisi\u00f3n de Legislaci\u00f3n, la previa al pase de sesi\u00f3n. Se estima su tratamiento el 30 de noviembre, fecha de la \u00faltima sesi\u00f3n ordinaria del a\u00f1o.\u00a0<!--more--><\/p>\n<hr \/>\n<p>Tras una reuni\u00f3n conjunta entre los integrantes de la comisi\u00f3n de Hacienda y Legislaci\u00f3n,<strong> el Concejo Deliberante ya despach\u00f3 el proyecto de autorizaci\u00f3n para realizar la licitaci\u00f3n del Transporte P\u00fablico Interurbano, que renovar\u00e1 su concesi\u00f3n el a\u00f1o pr\u00f3ximo.<\/strong> Por los tiempos, acordaron que<strong> tenga tratamiento el 30 de noviembre<\/strong>, fecha de la \u00faltima sesi\u00f3n ordinaria del Concejo Deliberante.<\/p>\n<p>&nbsp;<\/p>\n<p>Seg\u00fan logr\u00f3 saber Central de Noticias, <strong>en Legislaci\u00f3n la propuesta tuvo algunas modificaciones menores en cuanto a paradas y se\u00f1alizaciones.<\/strong> Despu\u00e9s, se mantendr\u00eda la propuesta que fue impulsada desde el Ejecutivo en conjunto con el HCD, empresas interesadas, trabajadores, entre lo m\u00e1s destacado.<\/p>\n<p>&nbsp;<\/p>\n<p>Cabe recordar que<strong> en abril se vencer\u00e1 la actual concesi\u00f3n a cargo de Ola Bus, que podr\u00e1 volver a presentarse a la licitaci\u00f3n, aunque ya hubo otras empresas que manifestaron su inter\u00e9s en presentarse a dicho acto administrativo.<\/strong><\/p>\n<p>&nbsp;<\/p>\n<p>En reuni\u00f3n de <strong>Labor Parlamentaria, los concejales definieron que no habr\u00e1 sesi\u00f3n esta semana: teniendo en cuenta el cierre de campa\u00f1a para el jueves, todo se trasladar\u00e1 al martes 30 de noviembre<\/strong>, donde se realizar\u00e1 la \u00faltima sesi\u00f3n ordinaria del HCD. Se estima que all\u00ed, adem\u00e1s de que el presupuesto 2022 tome estado parlamentario, se trate este importante proyecto para el futuro del transporte interurbano.<\/p>\n","protected":false},"excerpt":{"rendered":"<p>Tuvo despacho de la comisi\u00f3n de Legislaci\u00f3n, la previa al pase de sesi\u00f3n. Se estima su tratamiento el 30 de<\/p>\n","protected":false},"author":2,"featured_media":35397,"comment_status":"closed","ping_status":"closed","sticky":false,"template":"","format":"standard","meta":{"_jetpack_memberships_contains_paid_content":false,"footnotes":""},"categories":[4,1],"tags":[],"class_list":["post-38273","post","type-post","status-publish","format-standard","has-post-thumbnail","hentry","category-politica","category-portada"],"jetpack_featured_media_url":"https:\/\/i0.wp.com\/cdnoticias.com\/wp-content\/uploads\/2021\/10\/transporte1.jpg?fit=1024%2C591&ssl=1","jetpack_sharing_enabled":true,"_links":{"self":[{"href":"https:\/\/cdnoticias.com\/index.php\/wp-json\/wp\/v2\/posts\/38273","targetHints":{"allow":["GET"]}}],"collection":[{"href":"https:\/\/cdnoticias.com\/index.php\/wp-json\/wp\/v2\/posts"}],"about":[{"href":"https:\/\/cdnoticias.com\/index.php\/wp-json\/wp\/v2\/types\/post"}],"author":[{"embeddable":true,"href":"https:\/\/cdnoticias.com\/index.php\/wp-json\/wp\/v2\/users\/2"}],"replies":[{"embeddable":true,"href":"https:\/\/cdnoticias.com\/index.php\/wp-json\/wp\/v2\/comments?post=38273"}],"version-history":[{"count":0,"href":"https:\/\/cdnoticias.com\/index.php\/wp-json\/wp\/v2\/posts\/38273\/revisions"}],"wp:featuredmedia":[{"embeddable":true,"href":"https:\/\/cdnoticias.com\/index.php\/wp-json\/wp\/v2\/media\/35397"}],"wp:attachment":[{"href":"https:\/\/cdnoticias.com\/index.php\/wp-json\/wp\/v2\/media?parent=38273"}],"wp:term":[{"taxonomy":"category","embeddable":true,"href":"https:\/\/cdnoticias.com\/index.php\/wp-json\/wp\/v2\/categories?post=38273"},{"taxonomy":"post_tag","embeddable":true,"href":"https:\/\/cdnoticias.com\/index.php\/wp-json\/wp\/v2\/tags?post=38273"}],"curies":[{"name":"wp","href":"https:\/\/api.w.org\/{rel}","templated":true}]}}