{"id":38213,"date":"2021-11-09T19:16:31","date_gmt":"2021-11-09T22:16:31","guid":{"rendered":"http:\/\/www.centraldenoticias.com.ar\/?p=38213"},"modified":"2021-11-09T20:53:47","modified_gmt":"2021-11-09T23:53:47","slug":"loma-negra-afirmo-que-actuo-conforme-a-la-ley-ante-la-intimacion-de-aoma","status":"publish","type":"post","link":"https:\/\/cdnoticias.com\/index.php\/2021\/11\/09\/loma-negra-afirmo-que-actuo-conforme-a-la-ley-ante-la-intimacion-de-aoma\/","title":{"rendered":"Loma Negra afirm\u00f3 que actu\u00f3 \u201cconforme  a la Ley\u201d ante la intimaci\u00f3n de AOMA"},"content":{"rendered":"<p>Es por el pago de un bono extraordinario por la pandemia. La cementera lo abon\u00f3 solo a quienes trabajaron presencialmente \u201cen el marco de sus facultades y buena fe\u201d, seg\u00fan explicaron.<!--more--><\/p>\n<hr \/>\n<p>En la tarde de este martes la firma Loma Negra emiti\u00f3 un comunicado a los medios period\u00edsticos locales en los que da su versi\u00f3n de los hechos de<a href=\"https:\/\/cdnoticias.com\/index.php\/2021\/11\/08\/aoma-intimo-a-loma-negra-al-pago-de-un-bono-extraordinario-por-la-pandemia\/\" target=\"_blank\" rel=\"noopener\"> la situaci\u00f3n dada a conocer d\u00edas atr\u00e1s por el secretario general de AOMA Olavarr\u00eda, Alejandro Santill\u00e1n<\/a>, quien en conferencia de prensa inform\u00f3 que a partir de una resoluci\u00f3n del Ministerio de Trabajo <strong>se intim\u00f3 a Loma Negra a corregir ciertos \u00edtems vinculados al pago de un bono a los trabajadores por desempe\u00f1ar su labor durante la pandemia.<\/strong><\/p>\n<p>&nbsp;<\/p>\n<p><img data-recalc-dims=\"1\" loading=\"lazy\" decoding=\"async\" class=\"alignnone size-large wp-image-38064\" src=\"https:\/\/i0.wp.com\/cdnoticias.com\/wp-content\/uploads\/2021\/11\/santillan-aoma.jpg?resize=800%2C445&#038;ssl=1\" alt=\"\" width=\"800\" height=\"445\" srcset=\"https:\/\/i0.wp.com\/cdnoticias.com\/wp-content\/uploads\/2021\/11\/santillan-aoma.jpg?resize=1024%2C569&amp;ssl=1 1024w, https:\/\/i0.wp.com\/cdnoticias.com\/wp-content\/uploads\/2021\/11\/santillan-aoma.jpg?resize=300%2C167&amp;ssl=1 300w, https:\/\/i0.wp.com\/cdnoticias.com\/wp-content\/uploads\/2021\/11\/santillan-aoma.jpg?resize=768%2C427&amp;ssl=1 768w, https:\/\/i0.wp.com\/cdnoticias.com\/wp-content\/uploads\/2021\/11\/santillan-aoma.jpg?resize=800%2C445&amp;ssl=1 800w, https:\/\/i0.wp.com\/cdnoticias.com\/wp-content\/uploads\/2021\/11\/santillan-aoma.jpg?w=1152&amp;ssl=1 1152w\" sizes=\"auto, (max-width: 800px) 100vw, 800px\" \/><\/p>\n<p>&nbsp;<\/p>\n<p>\u201cEn relaci\u00f3n con la informaci\u00f3n hecha circular por AOMA seccional Olavarr\u00eda respecto de pagos de un premio a parte de su personal que no se ajustar\u00eda a lo que indica la Ley, Loma Negra desea se\u00f1alar que<strong> la mencionada informaci\u00f3n es incorrecta<\/strong>\u201d, se inicia el documento. Vale dar cuenta que desde la entidad gremial se hab\u00eda referido que <strong>ese pago extraordinario no habr\u00eda alcanzado a la totalidad de los obreros y que, adem\u00e1s, aquellos que lo hab\u00edan percibido no lo hab\u00edan visto luego reflejado en el aguinaldo<\/strong>.<\/p>\n<p>&nbsp;<\/p>\n<p>Loma Negra expres\u00f3 que \u201cdurante el per\u00edodo de la pandemia y habiendo sido declarada la actividad de la empresa esencial, Loma Negra resolvi\u00f3 proactivamente en <strong>el marco de sus facultades y de la buena fe, abonar un reconocimiento extraordinario y discrecional a los colaboradores \u00a0que trabajaron de manera presencial en las distintas plantas y operaciones, exponi\u00e9ndose de manera personal a la pandemia<\/strong>\u201d. \u201cEste premio no solo fue dado a personal propio sino tambi\u00e9n a las empresas contratistas de servicios permanentes en todas las plantas de la empresa y bajo diferentes encuadres sindicales\u201d, se agreg\u00f3.<\/p>\n<p>&nbsp;<\/p>\n<p><img data-recalc-dims=\"1\" loading=\"lazy\" decoding=\"async\" class=\"alignnone size-large wp-image-7526\" src=\"https:\/\/i0.wp.com\/cdnoticias.com\/wp-content\/uploads\/2020\/11\/LamaliII-Loma-Negra.jpg?resize=800%2C534&#038;ssl=1\" alt=\"\" width=\"800\" height=\"534\" srcset=\"https:\/\/i0.wp.com\/cdnoticias.com\/wp-content\/uploads\/2020\/11\/LamaliII-Loma-Negra.jpg?resize=1024%2C683&amp;ssl=1 1024w, https:\/\/i0.wp.com\/cdnoticias.com\/wp-content\/uploads\/2020\/11\/LamaliII-Loma-Negra.jpg?resize=300%2C200&amp;ssl=1 300w, https:\/\/i0.wp.com\/cdnoticias.com\/wp-content\/uploads\/2020\/11\/LamaliII-Loma-Negra.jpg?resize=768%2C512&amp;ssl=1 768w, https:\/\/i0.wp.com\/cdnoticias.com\/wp-content\/uploads\/2020\/11\/LamaliII-Loma-Negra.jpg?resize=272%2C182&amp;ssl=1 272w, https:\/\/i0.wp.com\/cdnoticias.com\/wp-content\/uploads\/2020\/11\/LamaliII-Loma-Negra.jpg?w=1600&amp;ssl=1 1600w, https:\/\/i0.wp.com\/cdnoticias.com\/wp-content\/uploads\/2020\/11\/LamaliII-Loma-Negra.jpg?w=2400&amp;ssl=1 2400w\" sizes=\"auto, (max-width: 800px) 100vw, 800px\" \/><\/p>\n<p>&nbsp;<\/p>\n<p>\u201c<strong>El resto del personal, que no prest\u00f3 tareas y permaneci\u00f3 en sus casas, cobr\u00f3 siempre la totalidad de sus haberes<\/strong> de acuerdo con los convenios vigentes y a lo que indica la Ley\u201d, aclararon luego.<\/p>\n<p>&nbsp;<\/p>\n<p>Por \u00faltimo, se se\u00f1al\u00f3 que \u201chemos respondido en tiempo y forma todos los pedidos de informaci\u00f3n y traslados del Ministerio de Trabajo de la provincia de Buenos Aires en el convencimiento de que hemos actuado conforme marca la Ley. <strong>En caso de ser necesario la empresa recurrir\u00e1 a la justicia para ejercer sus derechos<\/strong>\u201d, concluyeron.<\/p>\n","protected":false},"excerpt":{"rendered":"<p>Es por el pago de un bono extraordinario por la pandemia. La cementera lo abon\u00f3 solo a quienes trabajaron presencialmente<\/p>\n","protected":false},"author":3,"featured_media":36571,"comment_status":"closed","ping_status":"closed","sticky":false,"template":"","format":"standard","meta":{"_jetpack_memberships_contains_paid_content":false,"footnotes":""},"categories":[5,1],"tags":[],"class_list":["post-38213","post","type-post","status-publish","format-standard","has-post-thumbnail","hentry","category-informacion-general","category-portada"],"jetpack_featured_media_url":"https:\/\/i0.wp.com\/cdnoticias.com\/wp-content\/uploads\/2021\/10\/loma-negra-lamali-cemento.jpg?fit=800%2C444&ssl=1","jetpack_sharing_enabled":true,"_links":{"self":[{"href":"https:\/\/cdnoticias.com\/index.php\/wp-json\/wp\/v2\/posts\/38213","targetHints":{"allow":["GET"]}}],"collection":[{"href":"https:\/\/cdnoticias.com\/index.php\/wp-json\/wp\/v2\/posts"}],"about":[{"href":"https:\/\/cdnoticias.com\/index.php\/wp-json\/wp\/v2\/types\/post"}],"author":[{"embeddable":true,"href":"https:\/\/cdnoticias.com\/index.php\/wp-json\/wp\/v2\/users\/3"}],"replies":[{"embeddable":true,"href":"https:\/\/cdnoticias.com\/index.php\/wp-json\/wp\/v2\/comments?post=38213"}],"version-history":[{"count":0,"href":"https:\/\/cdnoticias.com\/index.php\/wp-json\/wp\/v2\/posts\/38213\/revisions"}],"wp:featuredmedia":[{"embeddable":true,"href":"https:\/\/cdnoticias.com\/index.php\/wp-json\/wp\/v2\/media\/36571"}],"wp:attachment":[{"href":"https:\/\/cdnoticias.com\/index.php\/wp-json\/wp\/v2\/media?parent=38213"}],"wp:term":[{"taxonomy":"category","embeddable":true,"href":"https:\/\/cdnoticias.com\/index.php\/wp-json\/wp\/v2\/categories?post=38213"},{"taxonomy":"post_tag","embeddable":true,"href":"https:\/\/cdnoticias.com\/index.php\/wp-json\/wp\/v2\/tags?post=38213"}],"curies":[{"name":"wp","href":"https:\/\/api.w.org\/{rel}","templated":true}]}}