{"id":38199,"date":"2021-11-09T20:53:23","date_gmt":"2021-11-09T23:53:23","guid":{"rendered":"http:\/\/www.centraldenoticias.com.ar\/?p=38199"},"modified":"2021-11-10T08:23:20","modified_gmt":"2021-11-10T11:23:20","slug":"arouxet-estaria-bueno-que-el-ejecutivo-entienda-que-somos-oposicion-constructiva","status":"publish","type":"post","link":"https:\/\/cdnoticias.com\/index.php\/2021\/11\/09\/arouxet-estaria-bueno-que-el-ejecutivo-entienda-que-somos-oposicion-constructiva\/","title":{"rendered":"Arouxet: \u201cEstar\u00eda bueno que el Ejecutivo entienda que somos oposici\u00f3n constructiva\u201d"},"content":{"rendered":"<p>La candidata a primera concejal de Ahora Olavarr\u00eda, el espacio que se consolid\u00f3 como la tercera fuerza en las PASO, habl\u00f3 con Central de Noticias sobre sus expectativas, propuestas y proyecciones para las Legislativas 2021. Adem\u00e1s, el rol del espacio m\u00e1s all\u00e1 de esta elecci\u00f3n.<!--more--><\/p>\n<hr \/>\n<p>Con la mirada puesta en renovar su banca, Celeste Arouxet asegur\u00f3 que quiere continuar en el Concejo Deliberante <em>\u201cporque quiero que se cambie la realidad de la pol\u00edtica\u201d<\/em> y relat\u00f3 que <em>\u201ccuando ingres\u00e9 en esto me di cuenta que hay tanto por hacer y tan poco que se hace. A veces ten\u00e9s que remar contra la corriente por quererle cambiar la realidad a la gente\u201d.<\/em><\/p>\n<p>&nbsp;<\/p>\n<p><strong><em>\u201cTenemos que seguir peleando por la gente\u201d<\/em><\/strong>, asegur\u00f3 y agreg\u00f3:<em> \u201clos que venimos desde abajo sabemos lo que es la necesidad y hay mucha gente que no viene de abajo, pero tiene la empat\u00eda que se necesita\u201d.<\/em><\/p>\n<p>&nbsp;<\/p>\n<p>Le pidi\u00f3 a los vecinos y vecinas <em>\u201cque me den la posibilidad de seguirla peleando desde una banca\u201d<\/em>. Sin embargo, si esto no se concreta afirm\u00f3 que<strong> seguir\u00e1 trabajando desde el espacio Ahora Olavarr\u00eda constituido hace apenas unos meses atr\u00e1s.<\/strong><\/p>\n<p>&nbsp;<\/p>\n<p>Respecto a las propuestas para la ciudad habl\u00f3 de ejes que giran en torno a<strong> viviendas, proyecci\u00f3n del crecimiento de la ciudad y controles de los servicios p\u00fablicos.<\/strong><\/p>\n<p>&nbsp;<\/p>\n<p>En primer lugar, se\u00f1al\u00f3 que <em>\u201c<strong>quiero seguir focaliz\u00e1ndome en el proyecto de las 2300 viviendas que es totalmente alcanzable.<\/strong> Te das cuenta de la riqueza que tiene Olavarr\u00eda cuando con solo un 5% del presupuesto pod\u00e9s hacer 100 viviendas y que genera 2300 viviendas con el repago de ac\u00e1 a 15 a\u00f1os\u201d.<\/em><\/p>\n<p>&nbsp;<\/p>\n<p><img data-recalc-dims=\"1\" loading=\"lazy\" decoding=\"async\" class=\"alignnone size-large wp-image-38162\" src=\"https:\/\/i0.wp.com\/cdnoticias.com\/wp-content\/uploads\/2021\/11\/celeste-arouxet-1.jpg?resize=800%2C445&#038;ssl=1\" alt=\"\" width=\"800\" height=\"445\" srcset=\"https:\/\/i0.wp.com\/cdnoticias.com\/wp-content\/uploads\/2021\/11\/celeste-arouxet-1.jpg?resize=1024%2C570&amp;ssl=1 1024w, https:\/\/i0.wp.com\/cdnoticias.com\/wp-content\/uploads\/2021\/11\/celeste-arouxet-1.jpg?resize=300%2C167&amp;ssl=1 300w, https:\/\/i0.wp.com\/cdnoticias.com\/wp-content\/uploads\/2021\/11\/celeste-arouxet-1.jpg?resize=768%2C427&amp;ssl=1 768w, https:\/\/i0.wp.com\/cdnoticias.com\/wp-content\/uploads\/2021\/11\/celeste-arouxet-1.jpg?resize=800%2C445&amp;ssl=1 800w, https:\/\/i0.wp.com\/cdnoticias.com\/wp-content\/uploads\/2021\/11\/celeste-arouxet-1.jpg?w=1600&amp;ssl=1 1600w\" sizes=\"auto, (max-width: 800px) 100vw, 800px\" \/><\/p>\n<p>&nbsp;<\/p>\n<p>En ese sentido, asegur\u00f3 que m\u00e1s all\u00e1 de que le toque continuar o no en la banca, seguir\u00e1 <em>\u201cinsistiendo\u201d<\/em> en este proyecto que ya fue presentado hace 8 meses y que <strong><em>\u201clamentablemente est\u00e1 trabado\u201d.<\/em><\/strong><\/p>\n<p>&nbsp;<\/p>\n<p>En segundo lugar, habl\u00f3 de definir un <strong><em>\u201cplan estrat\u00e9gico con miras a Olavarr\u00eda 2030\u201d<\/em><\/strong> puesto qu<em>e \u201ccon cada Presupuesto nos damos cuenta de que Olavarr\u00eda no tiene un rumbo. Hoy no se sabe hacia d\u00f3nde va la ciudad\u201d.<\/em><\/p>\n<p>&nbsp;<\/p>\n<p>Otra propuesta es la de <strong><em>\u201ccompra directa online\u201d<\/em><\/strong> que tiene como objetivo <em>\u201cno solamente permitir a todos los comerciantes de Olavarr\u00eda que participen en las compras del municipio sino tambi\u00e9n el ahorro a trav\u00e9s de la mejor compra, del control del gasto\u201d.<\/em><\/p>\n<p>&nbsp;<\/p>\n<p>Ponder\u00f3 como base el control: \u201c<em>El olavarriense est\u00e1 pagando un aumento desmedido de agua, servicios malos en los suministros a falta de una <strong>auditor\u00eda de servicios p\u00fablicos<\/strong> que me la han rechazado en la comisi\u00f3n\u201d.<\/em><\/p>\n<p>&nbsp;<\/p>\n<p><img data-recalc-dims=\"1\" loading=\"lazy\" decoding=\"async\" class=\"alignnone size-large wp-image-38163\" src=\"https:\/\/i0.wp.com\/cdnoticias.com\/wp-content\/uploads\/2021\/11\/celeste-arouxet-2.jpg?resize=800%2C445&#038;ssl=1\" alt=\"\" width=\"800\" height=\"445\" srcset=\"https:\/\/i0.wp.com\/cdnoticias.com\/wp-content\/uploads\/2021\/11\/celeste-arouxet-2.jpg?resize=1024%2C570&amp;ssl=1 1024w, https:\/\/i0.wp.com\/cdnoticias.com\/wp-content\/uploads\/2021\/11\/celeste-arouxet-2.jpg?resize=300%2C167&amp;ssl=1 300w, https:\/\/i0.wp.com\/cdnoticias.com\/wp-content\/uploads\/2021\/11\/celeste-arouxet-2.jpg?resize=768%2C427&amp;ssl=1 768w, https:\/\/i0.wp.com\/cdnoticias.com\/wp-content\/uploads\/2021\/11\/celeste-arouxet-2.jpg?resize=800%2C445&amp;ssl=1 800w, https:\/\/i0.wp.com\/cdnoticias.com\/wp-content\/uploads\/2021\/11\/celeste-arouxet-2.jpg?w=1600&amp;ssl=1 1600w\" sizes=\"auto, (max-width: 800px) 100vw, 800px\" \/><\/p>\n<p>&nbsp;<\/p>\n<p>&nbsp;<\/p>\n<p><strong>El Concejo Deliberante en 2022 <\/strong><\/p>\n<p>&nbsp;<\/p>\n<p><strong><em>\u201cEstar\u00eda bueno que el Ejecutivo entienda que somos oposici\u00f3n constructiva, que no somos enemigos\u201d<\/em><\/strong>, expres\u00f3 y afirm\u00f3 que <em>\u201choy no se analiza el contenido de los proyectos sino qui\u00e9n lo present\u00f3. A veces te hace pensar que ten\u00e9s que presentar los proyectos sin el logo de tu espacio para que por ah\u00ed lo lean\u201d.<\/em><\/p>\n<p>&nbsp;<\/p>\n<p>Fue<strong> cr\u00edtica con el desempe\u00f1o del gobierno municipal<\/strong> al afirmar que <em>\u201cla situaci\u00f3n de la gente es muy dif\u00edcil y el Departamento Ejecutivo la est\u00e1 empeorando cada vez m\u00e1s. Hay mucho desconocimiento, mucha falta de control y mucha falta de empat\u00eda\u201d.<\/em><\/p>\n<p>&nbsp;<\/p>\n<p>Adem\u00e1s, se\u00f1al\u00f3 que <strong><em>\u201clos dos espacios mayoritarios buscaban la polarizaci\u00f3n sin ninguna propuesta\u201d.<\/em><\/strong> Record\u00f3 que <em>\u201cel 14 se votan concejales\u201d<\/em> y a\u00f1adi\u00f3 que <em>\u201cescuch\u00e9 al curismo decir que el Intendente necesita mayor\u00eda y yo opino todo lo contrario. <strong>Necesita que los que son opositores puedan dar el punto de vista del \u00e1mbito legislativo<\/strong> para mejorar la realidad porque sino son todos levanta manos y no llegamos a nada\u201d.<\/em><\/p>\n<p>&nbsp;<\/p>\n<p><img data-recalc-dims=\"1\" loading=\"lazy\" decoding=\"async\" class=\"alignnone size-large wp-image-38166\" src=\"https:\/\/i0.wp.com\/cdnoticias.com\/wp-content\/uploads\/2021\/11\/celeste-arouxet-5.jpg?resize=800%2C445&#038;ssl=1\" alt=\"\" width=\"800\" height=\"445\" srcset=\"https:\/\/i0.wp.com\/cdnoticias.com\/wp-content\/uploads\/2021\/11\/celeste-arouxet-5.jpg?resize=1024%2C570&amp;ssl=1 1024w, https:\/\/i0.wp.com\/cdnoticias.com\/wp-content\/uploads\/2021\/11\/celeste-arouxet-5.jpg?resize=300%2C167&amp;ssl=1 300w, https:\/\/i0.wp.com\/cdnoticias.com\/wp-content\/uploads\/2021\/11\/celeste-arouxet-5.jpg?resize=768%2C427&amp;ssl=1 768w, https:\/\/i0.wp.com\/cdnoticias.com\/wp-content\/uploads\/2021\/11\/celeste-arouxet-5.jpg?resize=800%2C445&amp;ssl=1 800w, https:\/\/i0.wp.com\/cdnoticias.com\/wp-content\/uploads\/2021\/11\/celeste-arouxet-5.jpg?w=1600&amp;ssl=1 1600w\" sizes=\"auto, (max-width: 800px) 100vw, 800px\" \/><\/p>\n<p>&nbsp;<\/p>\n<p>Por \u00faltimo, celebr\u00f3 la recepci\u00f3n que tuvo Ahora Olavarr\u00eda como espacio nuevo:<em> \u201cNo pensamos que se iba a dar tan r\u00e1pido y de forma tan positiva\u201d.<\/em> Es por eso que Arouxet afirm\u00f3 que <em>\u201cel domingo se festeja\u201d<\/em> debido a que <em>\u201cera animarnos a esto y nos animamos contra viento y marea. <strong>Ese 7 y pico por ciento que obtuvimos fue el empuje que necesitamos<\/strong>\u201d.<\/em><\/p>\n<p>&nbsp;<\/p>\n<p>Como referente del espacio junto a<strong> Guillemo Lascano<\/strong>, resalt\u00f3 que en esta campa\u00f1a <em>\u201cuno pone la cara con el compromiso de que me la juego por lo que quiero, y lo que quiero es algo bueno para la gente\u201d.<\/em><\/p>\n<p>&nbsp;<\/p>\n<p>Para Celeste Arouxet el cansancio se siente pero <em>\u201cme gusta, nos dedicamos mucho a esto porque nos apasiona\u201d.<\/em><\/p>\n<p>&nbsp;<\/p>\n<p>Al finalizar la entrevista, resalt\u00f3 la conformaci\u00f3n del espacio a futuro, m\u00e1s all\u00e1 de las pr\u00f3ximas elecciones legislativas: <strong><em>\u201cEl sue\u00f1o nuestro es que Ahora Olavarr\u00eda le d\u00e9 a Olavarr\u00eda el intendente que necesita. Estoy segura de que lo vamos a conseguir\u201d.<\/em><\/strong><\/p>\n","protected":false},"excerpt":{"rendered":"<p>La candidata a primera concejal de Ahora Olavarr\u00eda, el espacio que se consolid\u00f3 como la tercera fuerza en las PASO,<\/p>\n","protected":false},"author":5,"featured_media":38165,"comment_status":"closed","ping_status":"closed","sticky":false,"template":"","format":"standard","meta":{"_jetpack_memberships_contains_paid_content":false,"footnotes":""},"categories":[17,1],"tags":[],"class_list":["post-38199","post","type-post","status-publish","format-standard","has-post-thumbnail","hentry","category-elecciones-2021","category-portada"],"jetpack_featured_media_url":"https:\/\/i0.wp.com\/cdnoticias.com\/wp-content\/uploads\/2021\/11\/celeste-arouxet-4.jpg?fit=1600%2C890&ssl=1","jetpack_sharing_enabled":true,"_links":{"self":[{"href":"https:\/\/cdnoticias.com\/index.php\/wp-json\/wp\/v2\/posts\/38199","targetHints":{"allow":["GET"]}}],"collection":[{"href":"https:\/\/cdnoticias.com\/index.php\/wp-json\/wp\/v2\/posts"}],"about":[{"href":"https:\/\/cdnoticias.com\/index.php\/wp-json\/wp\/v2\/types\/post"}],"author":[{"embeddable":true,"href":"https:\/\/cdnoticias.com\/index.php\/wp-json\/wp\/v2\/users\/5"}],"replies":[{"embeddable":true,"href":"https:\/\/cdnoticias.com\/index.php\/wp-json\/wp\/v2\/comments?post=38199"}],"version-history":[{"count":0,"href":"https:\/\/cdnoticias.com\/index.php\/wp-json\/wp\/v2\/posts\/38199\/revisions"}],"wp:featuredmedia":[{"embeddable":true,"href":"https:\/\/cdnoticias.com\/index.php\/wp-json\/wp\/v2\/media\/38165"}],"wp:attachment":[{"href":"https:\/\/cdnoticias.com\/index.php\/wp-json\/wp\/v2\/media?parent=38199"}],"wp:term":[{"taxonomy":"category","embeddable":true,"href":"https:\/\/cdnoticias.com\/index.php\/wp-json\/wp\/v2\/categories?post=38199"},{"taxonomy":"post_tag","embeddable":true,"href":"https:\/\/cdnoticias.com\/index.php\/wp-json\/wp\/v2\/tags?post=38199"}],"curies":[{"name":"wp","href":"https:\/\/api.w.org\/{rel}","templated":true}]}}