{"id":38182,"date":"2023-07-03T21:54:41","date_gmt":"2023-07-04T00:54:41","guid":{"rendered":"http:\/\/centraldeportes.com.ar\/?p=38182"},"modified":"2025-02-11T17:52:06","modified_gmt":"2025-02-11T20:52:06","slug":"b-metro-presencia-olavarriense-completa-con-el-regreso-de-battigelli","status":"publish","type":"post","link":"https:\/\/cdnoticias.com\/index.php\/2023\/07\/03\/b-metro-presencia-olavarriense-completa-con-el-regreso-de-battigelli\/","title":{"rendered":"B \u201cMetro\u201d: presencia olavarriense completa con el regreso de Battigelli"},"content":{"rendered":"<p>El volante de Armenio volvi\u00f3 tras la expulsi\u00f3n y lo hizo con triunfo incluido. Adem\u00e1s, Barbieri y Buscaglia fueron titulares en Acassuso y Villa San Carlos respectivamente.<!--more--><\/p>\n<hr \/>\n<p>El pasado viernes dio inicio la <strong>4\u00b0 fecha del Torneo Clausura<\/strong> de la <strong>Primera B Metropolitana<\/strong> y volvi\u00f3 a ser con presencia completa de futbolistas de nuestra ciudad. Los tres representantes locales fueron titulares en sus equipos, con festejos para el de Armenio y Acassuso.<\/p>\n<p>&nbsp;<\/p>\n<p>Por un lado, en el Alfredo Ramos, el \u201cTricolor\u201d gole\u00f3 3 a 0 en su visita a Comunicaciones y quebr\u00f3 una racha de cuatro partidos sin festejos. <strong>La jornada cont\u00f3 con el retorno de Carlos Battigelli, quien volvi\u00f3 tras la expulsi\u00f3n y jug\u00f3 todo el partido para el equipo de Ingeniero Maschwitz<\/strong>.<\/p>\n<p>&nbsp;<\/p>\n<figure id=\"attachment_38185\" aria-describedby=\"caption-attachment-38185\" style=\"width: 800px\" class=\"wp-caption aligncenter\"><img data-recalc-dims=\"1\" loading=\"lazy\" decoding=\"async\" class=\"wp-image-38185 size-large\" src=\"https:\/\/i0.wp.com\/centraldeportes.com.ar\/wp-content\/uploads\/2023\/07\/Juan-Barbieri-4%C2%B0-fecha-Clausura-e1688431918218-1024x635.jpg?resize=800%2C496\" alt=\"\" width=\"800\" height=\"496\" \/><figcaption id=\"caption-attachment-38185\" class=\"wp-caption-text\">Cr\u00e9dito: Acassuso Oficial<\/figcaption><\/figure>\n<p>&nbsp;<\/p>\n<p>Otro de los que sum\u00f3 de a tres fue Juan Ignacio Barbieri con la camiseta del \u201cSsuso\u201d. <strong>El delantero olavarriense estuvo desde el arranque y complet\u00f3 los 90\u2019 en el triunfo 2 a 1 frente al vigente campe\u00f3n del Apertura, San Miguel<\/strong>, en cancha de Armenio.<\/p>\n<p>&nbsp;<\/p>\n<figure id=\"attachment_38186\" aria-describedby=\"caption-attachment-38186\" style=\"width: 800px\" class=\"wp-caption aligncenter\"><img data-recalc-dims=\"1\" loading=\"lazy\" decoding=\"async\" class=\"wp-image-38186 size-large\" src=\"https:\/\/i0.wp.com\/centraldeportes.com.ar\/wp-content\/uploads\/2023\/07\/Simon-Buscaglia-4%C2%B0-fecha-Clausura-Villa-San-Carlos-1024x654.jpg?resize=800%2C511\" alt=\"\" width=\"800\" height=\"511\" \/><figcaption id=\"caption-attachment-38186\" class=\"wp-caption-text\">Cr\u00e9dito: Villa San Carlos Oficial<\/figcaption><\/figure>\n<p>&nbsp;<\/p>\n<p>El mismo s\u00e1bado, Villa San Carlos no logr\u00f3 darle continuidad a su racha de victorias y cay\u00f3 1 a 0 en su visita frente al puntero, Talleres de Remedios de Escalada. <strong>Sim\u00f3n Buscaglia comenz\u00f3 dentro del once inicial, a los 14\u2019 del segundo tiempo abandon\u00f3 el campo de juego y en su lugar ingres\u00f3 Axel Paiva<\/strong>.<\/p>\n<p>&nbsp;<\/p>\n<p><em><strong>Foto: Gentileza de Nair Safenraiter.<\/strong><\/em><\/p>\n","protected":false},"excerpt":{"rendered":"<p>El volante de Armenio volvi\u00f3 tras la expulsi\u00f3n y lo hizo con triunfo incluido. Adem\u00e1s, Barbieri y Buscaglia fueron titulares<\/p>\n","protected":false},"author":96739694,"featured_media":156216,"comment_status":"closed","ping_status":"closed","sticky":false,"template":"","format":"standard","meta":{"_jetpack_memberships_contains_paid_content":false,"footnotes":""},"categories":[35,37,1],"tags":[],"class_list":["post-38182","post","type-post","status-publish","format-standard","has-post-thumbnail","hentry","category-futbol","category-futbol-profesional","category-portada"],"jetpack_featured_media_url":"https:\/\/i0.wp.com\/cdnoticias.com\/wp-content\/uploads\/2023\/07\/Carlos-Battigelli-4%C2%B0-fecha-Clausura-Dep.-Armenio-e1688431854833.jpg?fit=2500%2C1531&ssl=1","jetpack_sharing_enabled":true,"_links":{"self":[{"href":"https:\/\/cdnoticias.com\/index.php\/wp-json\/wp\/v2\/posts\/38182","targetHints":{"allow":["GET"]}}],"collection":[{"href":"https:\/\/cdnoticias.com\/index.php\/wp-json\/wp\/v2\/posts"}],"about":[{"href":"https:\/\/cdnoticias.com\/index.php\/wp-json\/wp\/v2\/types\/post"}],"author":[{"embeddable":true,"href":"https:\/\/cdnoticias.com\/index.php\/wp-json\/wp\/v2\/users\/96739694"}],"replies":[{"embeddable":true,"href":"https:\/\/cdnoticias.com\/index.php\/wp-json\/wp\/v2\/comments?post=38182"}],"version-history":[{"count":0,"href":"https:\/\/cdnoticias.com\/index.php\/wp-json\/wp\/v2\/posts\/38182\/revisions"}],"wp:featuredmedia":[{"embeddable":true,"href":"https:\/\/cdnoticias.com\/index.php\/wp-json\/wp\/v2\/media\/156216"}],"wp:attachment":[{"href":"https:\/\/cdnoticias.com\/index.php\/wp-json\/wp\/v2\/media?parent=38182"}],"wp:term":[{"taxonomy":"category","embeddable":true,"href":"https:\/\/cdnoticias.com\/index.php\/wp-json\/wp\/v2\/categories?post=38182"},{"taxonomy":"post_tag","embeddable":true,"href":"https:\/\/cdnoticias.com\/index.php\/wp-json\/wp\/v2\/tags?post=38182"}],"curies":[{"name":"wp","href":"https:\/\/api.w.org\/{rel}","templated":true}]}}