{"id":38178,"date":"2021-11-10T17:24:40","date_gmt":"2021-11-10T20:24:40","guid":{"rendered":"http:\/\/www.centraldenoticias.com.ar\/?p=38178"},"modified":"2021-11-10T17:24:40","modified_gmt":"2021-11-10T20:24:40","slug":"gran-concurrencia-a-las-capacitaciones-en-rcp-y-uso-de-dea","status":"publish","type":"post","link":"https:\/\/cdnoticias.com\/index.php\/2021\/11\/10\/gran-concurrencia-a-las-capacitaciones-en-rcp-y-uso-de-dea\/","title":{"rendered":"Gran concurrencia a las capacitaciones en RCP y uso de DEA"},"content":{"rendered":"<p>La actividad se realiz\u00f3 el pasado s\u00e1bado en Colonia San Miguel y Sierras Bayas.<!--more--><\/p>\n<hr \/>\n<p>&nbsp;<\/p>\n<p>Se <strong>instalaron los nuevos DEA<\/strong> (Desfibrilador Externo Autom\u00e1tico) el pasado s\u00e1bado en las localidades de <strong>Colonia San Miguel y Sierras Bayas<\/strong> con una <strong>importante concurrencia de vecinos.\u00a0<\/strong><\/p>\n<p>&nbsp;<\/p>\n<p>&#8220;Encabezados por el secretario de Salud <strong>Germ\u00e1n Caputo<\/strong>, la asesora en Salud del Municipio <strong>Mariana Diamanti<\/strong>, representantes de <strong>Canteras Piatti<\/strong>, la subdirectora de Atenci\u00f3n Primaria de la Salud <strong>Viviana Schneider<\/strong> y el instructor <strong>Juan Jos\u00e9 C\u00faccaro<\/strong>, la convocatoria <strong>reuni\u00f3 a los vecinos de las localidades<\/strong>, quienes <strong>realizaron<\/strong> una nutrida <strong>capacitaci\u00f3n en RCP y uso de DEA<\/strong>&#8221; se indic\u00f3.<\/p>\n<p>&nbsp;<\/p>\n<p>La actividad, adem\u00e1s, se enmarc\u00f3 en el <strong>programa Ciudad Cardioprotegida,<\/strong> merced al trabajo conjunto entre la<strong> Municipalidad<\/strong> del Partido de <strong>Olavarr\u00eda y la Facultad de Ciencias de la Salud,<\/strong> con el objetivo <strong>capacitar en RCP a adultos y pedi\u00e1tricos y manejo de\u00a0DEA\u00a0<\/strong>a todos los agentes de dependencias municipales, instituciones educativas p\u00fablicas y privadas, deportivas, Polic\u00eda, Bomberos y Ej\u00e9rcito de nuestro Partido.<\/p>\n<p>&nbsp;<\/p>\n","protected":false},"excerpt":{"rendered":"<p>La actividad se realiz\u00f3 el pasado s\u00e1bado en Colonia San Miguel y Sierras Bayas.<\/p>\n","protected":false},"author":6,"featured_media":38179,"comment_status":"closed","ping_status":"closed","sticky":false,"template":"","format":"standard","meta":{"_jetpack_memberships_contains_paid_content":false,"footnotes":""},"categories":[5],"tags":[],"class_list":["post-38178","post","type-post","status-publish","format-standard","has-post-thumbnail","hentry","category-informacion-general"],"jetpack_featured_media_url":"https:\/\/i0.wp.com\/cdnoticias.com\/wp-content\/uploads\/2021\/11\/Salud-Dea-Localidades-1-1024x682.jpg?fit=1024%2C682&ssl=1","jetpack_sharing_enabled":true,"_links":{"self":[{"href":"https:\/\/cdnoticias.com\/index.php\/wp-json\/wp\/v2\/posts\/38178","targetHints":{"allow":["GET"]}}],"collection":[{"href":"https:\/\/cdnoticias.com\/index.php\/wp-json\/wp\/v2\/posts"}],"about":[{"href":"https:\/\/cdnoticias.com\/index.php\/wp-json\/wp\/v2\/types\/post"}],"author":[{"embeddable":true,"href":"https:\/\/cdnoticias.com\/index.php\/wp-json\/wp\/v2\/users\/6"}],"replies":[{"embeddable":true,"href":"https:\/\/cdnoticias.com\/index.php\/wp-json\/wp\/v2\/comments?post=38178"}],"version-history":[{"count":0,"href":"https:\/\/cdnoticias.com\/index.php\/wp-json\/wp\/v2\/posts\/38178\/revisions"}],"wp:featuredmedia":[{"embeddable":true,"href":"https:\/\/cdnoticias.com\/index.php\/wp-json\/wp\/v2\/media\/38179"}],"wp:attachment":[{"href":"https:\/\/cdnoticias.com\/index.php\/wp-json\/wp\/v2\/media?parent=38178"}],"wp:term":[{"taxonomy":"category","embeddable":true,"href":"https:\/\/cdnoticias.com\/index.php\/wp-json\/wp\/v2\/categories?post=38178"},{"taxonomy":"post_tag","embeddable":true,"href":"https:\/\/cdnoticias.com\/index.php\/wp-json\/wp\/v2\/tags?post=38178"}],"curies":[{"name":"wp","href":"https:\/\/api.w.org\/{rel}","templated":true}]}}