{"id":38175,"date":"2021-11-09T18:22:18","date_gmt":"2021-11-09T21:22:18","guid":{"rendered":"http:\/\/www.centraldenoticias.com.ar\/?p=38175"},"modified":"2021-11-09T18:22:18","modified_gmt":"2021-11-09T21:22:18","slug":"se-realizo-una-charla-sobre-grooming-en-la-escuela-no-49","status":"publish","type":"post","link":"https:\/\/cdnoticias.com\/index.php\/2021\/11\/09\/se-realizo-una-charla-sobre-grooming-en-la-escuela-no-49\/","title":{"rendered":"Se realiz\u00f3 una charla sobre grooming en la Escuela N\u00ba 49"},"content":{"rendered":"<p>Fue destinada a alumnos y alumnas de sexto a\u00f1o.\u00a0<!--more--><\/p>\n<hr \/>\n<p>&nbsp;<\/p>\n<p><strong>Punto Digital, la Direcci\u00f3n de Educaci\u00f3n<\/strong> y el <strong>Observatorio de Redes Sociales<\/strong>&#8211; que depende de la <strong>Facultad de Ciencias Sociales<\/strong>&#8211; \u00a0brindaron una charla, destinada a<strong> alumnos de sexto a\u00f1o<\/strong> de la <strong>Escuela Primaria N.\u00ba 49.<\/strong><\/p>\n<p>&nbsp;<\/p>\n<p>&#8220;El tema abordado fue <strong>ciberdelito,<\/strong> puntualizando espec\u00edficamente\u00a0en<strong> grooming.\u00a0<\/strong> La <strong>propuesta surgi\u00f3 a ra\u00edz de un pedido de la instituci\u00f3n educativa<\/strong>, sobre la<strong> importancia de dialogar<\/strong> entre alumnos, docentes, directivos y expertos al respecto de esta <strong>problem\u00e1tica,<\/strong> que se ha <strong>incrementado de manera exponencial<\/strong>, a partir del <strong>uso de las tecnolog\u00edas durante la pandemia<\/strong>&#8221; se indic\u00f3.<\/p>\n<p>&nbsp;<\/p>\n<p>Aquellas<strong> instituciones<\/strong> que est\u00e9n<strong>\u00a0interesadas en profundizar sobre la problem\u00e1tica<\/strong>\u00a0en cuesti\u00f3n, pueden comunicarse telef\u00f3nicamente al <strong>422099<\/strong> o dirigirse a la<strong> sede de\u00a0Punto Digital<\/strong>, ubicada en<strong> Riobamba 2949<\/strong>, en el <strong>Centro Cultural \u201cSan Jos\u00e9\u201d.<\/strong><\/p>\n<p>&nbsp;<\/p>\n","protected":false},"excerpt":{"rendered":"<p>Fue destinada a alumnos y alumnas de sexto a\u00f1o.\u00a0<\/p>\n","protected":false},"author":6,"featured_media":38176,"comment_status":"closed","ping_status":"closed","sticky":false,"template":"","format":"standard","meta":{"_jetpack_memberships_contains_paid_content":false,"footnotes":""},"categories":[5,1],"tags":[],"class_list":["post-38175","post","type-post","status-publish","format-standard","has-post-thumbnail","hentry","category-informacion-general","category-portada"],"jetpack_featured_media_url":"https:\/\/i0.wp.com\/cdnoticias.com\/wp-content\/uploads\/2021\/11\/Cultura-Charla-Grooming-2-1024x523.jpg?fit=1024%2C523&ssl=1","jetpack_sharing_enabled":true,"_links":{"self":[{"href":"https:\/\/cdnoticias.com\/index.php\/wp-json\/wp\/v2\/posts\/38175","targetHints":{"allow":["GET"]}}],"collection":[{"href":"https:\/\/cdnoticias.com\/index.php\/wp-json\/wp\/v2\/posts"}],"about":[{"href":"https:\/\/cdnoticias.com\/index.php\/wp-json\/wp\/v2\/types\/post"}],"author":[{"embeddable":true,"href":"https:\/\/cdnoticias.com\/index.php\/wp-json\/wp\/v2\/users\/6"}],"replies":[{"embeddable":true,"href":"https:\/\/cdnoticias.com\/index.php\/wp-json\/wp\/v2\/comments?post=38175"}],"version-history":[{"count":0,"href":"https:\/\/cdnoticias.com\/index.php\/wp-json\/wp\/v2\/posts\/38175\/revisions"}],"wp:featuredmedia":[{"embeddable":true,"href":"https:\/\/cdnoticias.com\/index.php\/wp-json\/wp\/v2\/media\/38176"}],"wp:attachment":[{"href":"https:\/\/cdnoticias.com\/index.php\/wp-json\/wp\/v2\/media?parent=38175"}],"wp:term":[{"taxonomy":"category","embeddable":true,"href":"https:\/\/cdnoticias.com\/index.php\/wp-json\/wp\/v2\/categories?post=38175"},{"taxonomy":"post_tag","embeddable":true,"href":"https:\/\/cdnoticias.com\/index.php\/wp-json\/wp\/v2\/tags?post=38175"}],"curies":[{"name":"wp","href":"https:\/\/api.w.org\/{rel}","templated":true}]}}