{"id":38160,"date":"2021-11-09T14:28:17","date_gmt":"2021-11-09T17:28:17","guid":{"rendered":"http:\/\/www.centraldenoticias.com.ar\/?p=38160"},"modified":"2021-11-09T16:48:42","modified_gmt":"2021-11-09T19:48:42","slug":"seguridad-en-barrio-ceco-manifestaciones-de-preocupacion-y-propuesta-de-medidas","status":"publish","type":"post","link":"https:\/\/cdnoticias.com\/index.php\/2021\/11\/09\/seguridad-en-barrio-ceco-manifestaciones-de-preocupacion-y-propuesta-de-medidas\/","title":{"rendered":"Seguridad en barrio CECO: manifestaciones de preocupaci\u00f3n y propuesta de medidas"},"content":{"rendered":"<p>Fue en el encuentro que se llev\u00f3 adelante este martes en la Sociedad de Fomento. El rol central de la prevenci\u00f3n y de la Polic\u00eda. Medio mill\u00f3n de pesos en reparaciones en la Escuela 80.<!--more--><\/p>\n<hr \/>\n<p><strong>Este martes se llev\u00f3 adelante el encuentro organizado por la Sociedad de Fomento del barrio CECO<\/strong> tras los hechos del fin de semana cuando <a href=\"https:\/\/cdnoticias.com\/index.php\/2021\/11\/07\/importantes-danos-y-destrozos-en-la-escuela-80-tras-un-ataque-vandalico\/\" target=\"_blank\" rel=\"noopener\">desconocidos causaron serios da\u00f1os en la Escuela Primaria 80<\/a>.<\/p>\n<p>&nbsp;<\/p>\n<p>Tal como se inform\u00f3, <em>asistieron el jefe de la Estaci\u00f3n Departamental de Polic\u00eda, comisario Roberto Landoni, el secretario de Desarrollo Humano municipal, Diego Robbiani, el jefe de Educaci\u00f3n Distrital, Julio Ben\u00edtez, y el presidente del Consejo Escolar, Bruno Di Carlo<\/em>. Asimismo, se hicieron presentes el subsecretario de Seguridad municipal, Daniel Borra, la titular de la comisar\u00eda Segunda comisaria Silvana Lestani, el jefe de la Polic\u00eda Local, comisario Lucas Rodr\u00edguez<\/p>\n<p>&nbsp;<\/p>\n<p>En tanto, adem\u00e1s de los directivos de la Sociedad de Fomento <strong>estuvieron en el encuentro las \u00a0autoridades de las instituciones educativas que funcionan en el sector: la Primaria 80, la Secundaria T\u00e9cnica \u201cRen\u00e9 Favaloro\u201d, el Jard\u00edn 916 y el CEF 44<\/strong>.<\/p>\n<p>&nbsp;<\/p>\n<p><img data-recalc-dims=\"1\" loading=\"lazy\" decoding=\"async\" class=\"size-full wp-image-38173 aligncenter\" src=\"https:\/\/i0.wp.com\/cdnoticias.com\/wp-content\/uploads\/2021\/11\/gabriel-castro-barrio-ceco-seguridad-06.jpg?resize=800%2C446&#038;ssl=1\" alt=\"\" width=\"800\" height=\"446\" srcset=\"https:\/\/i0.wp.com\/cdnoticias.com\/wp-content\/uploads\/2021\/11\/gabriel-castro-barrio-ceco-seguridad-06.jpg?w=800&amp;ssl=1 800w, https:\/\/i0.wp.com\/cdnoticias.com\/wp-content\/uploads\/2021\/11\/gabriel-castro-barrio-ceco-seguridad-06.jpg?resize=300%2C167&amp;ssl=1 300w, https:\/\/i0.wp.com\/cdnoticias.com\/wp-content\/uploads\/2021\/11\/gabriel-castro-barrio-ceco-seguridad-06.jpg?resize=768%2C428&amp;ssl=1 768w\" sizes=\"auto, (max-width: 800px) 100vw, 800px\" \/><\/p>\n<p>&nbsp;<\/p>\n<p>Tras la <a href=\"https:\/\/cdnoticias.com\/index.php\/2021\/11\/09\/vecinos-del-barrio-ceco-transmitieron-su-bronca-a-las-autoridades\/\" target=\"_blank\" rel=\"noopener\">manifestaci\u00f3n de \u201cbronca e indignaci\u00f3n\u201d de los vecinos del CECO por parte de Gabriel Castro<\/a>, el presidente de la entidad barrial, las autoridades presentes coincidieron en manifestar preocupaci\u00f3n y avanzaron en propuestas de medidas. No obstante, coincidieron en el rol central de la Polic\u00eda y en la tarea de prevenci\u00f3n. <strong>\u201cLes agradezco que hayan venido, pero hay que cortar esto\u201d dijo el fomentista<\/strong>.<\/p>\n<p>&nbsp;<\/p>\n<p>M\u00e1s adelante se dej\u00f3 saber que <strong>las reparaciones tendr\u00e1n un costo estimado de alrededor de medio mill\u00f3n de pesos<\/strong>.<\/p>\n<p>&nbsp;<\/p>\n<blockquote><p>Castro apunt\u00f3 a la importancia de establecer la autor\u00eda de los da\u00f1os que se registraron en la escuela, aunque tambi\u00e9n en otros sectores p\u00fablicos del barrio, y en mejorar las condiciones edilicias del establecimiento para evitar el ingreso de personas ajenas.<\/p><\/blockquote>\n<p>&nbsp;<\/p>\n<p><img data-recalc-dims=\"1\" loading=\"lazy\" decoding=\"async\" class=\"size-full wp-image-38171 aligncenter\" src=\"https:\/\/i0.wp.com\/cdnoticias.com\/wp-content\/uploads\/2021\/11\/gabriel-castro-barrio-ceco-seguridad-04.jpg?resize=800%2C445&#038;ssl=1\" alt=\"\" width=\"800\" height=\"445\" srcset=\"https:\/\/i0.wp.com\/cdnoticias.com\/wp-content\/uploads\/2021\/11\/gabriel-castro-barrio-ceco-seguridad-04.jpg?w=800&amp;ssl=1 800w, https:\/\/i0.wp.com\/cdnoticias.com\/wp-content\/uploads\/2021\/11\/gabriel-castro-barrio-ceco-seguridad-04.jpg?resize=300%2C167&amp;ssl=1 300w, https:\/\/i0.wp.com\/cdnoticias.com\/wp-content\/uploads\/2021\/11\/gabriel-castro-barrio-ceco-seguridad-04.jpg?resize=768%2C427&amp;ssl=1 768w\" sizes=\"auto, (max-width: 800px) 100vw, 800px\" \/><\/p>\n<p>&nbsp;<\/p>\n<p><strong>Robbiani<\/strong> coincidi\u00f3 en la solicitud de identificar a los autores de los delitos y advirti\u00f3 que otros espacios del mismo barrio y de los barrios aleda\u00f1os tambi\u00e9n fueron atacados. <strong>\u201cNo alcanza con subir un metro el pared\u00f3n porque lo van a saltar\u201d<\/strong> consider\u00f3. Igualmente, m\u00e1s adelante el funcionario municipal mostr\u00f3 que est\u00e1 dispuesto a considerar la realizaci\u00f3n de algunas obras.<\/p>\n<p>&nbsp;<\/p>\n<p>Por su lado, <strong>el comisario Landoni<\/strong> expres\u00f3 las dificultades para las averiguaciones:<strong> \u201cnadie declara y no permite que las causas avancen\u201d<\/strong> dijo para informar que efectivos policiales visitaron \u201cpuerta a puerta\u201d sin obtener resultados positivos. Tambi\u00e9n tuvo en cuenta las particularidades que tuvo el fin de semana pasada para la tarea policial, dado <a href=\"https:\/\/cdnoticias.com\/index.php\/2021\/11\/07\/una-multitud-disfruto-de-una-edicion-a-pleno-sol-de-un-aplauso-al-asador\/\" target=\"_blank\" rel=\"noopener\">el evento masivo que se desarroll\u00f3 en el Parque Eseverri<\/a>.<\/p>\n<p>&nbsp;<\/p>\n<p>A su vez adelant\u00f3 algunas de las <strong>medidas de prevenci\u00f3n ya planificadas para el barrio, las cuales consider\u00f3 como \u201cefectivas\u201d, aunque limitadas<\/strong>. <em>\u201cEvidentemente despu\u00e9s de este hecho no alcanz\u00f3, funcionan pero no alcanza\u201d<\/em> dijo el jefe departamental. Puntualmente, solicit\u00f3 a los referentes del barrio CECO que \u201celeven una nota\u201d con los horarios de todas las actividades educativas a fin de \u201coptimizar\u201d la presencia y el patrullaje policial por distintos medios.<\/p>\n<p>&nbsp;<\/p>\n<p><img data-recalc-dims=\"1\" loading=\"lazy\" decoding=\"async\" class=\"size-full wp-image-38123 aligncenter\" src=\"https:\/\/i0.wp.com\/cdnoticias.com\/wp-content\/uploads\/2021\/11\/gabriel-castro-barrio-ceco-seguridad-03.jpg?resize=800%2C445&#038;ssl=1\" alt=\"\" width=\"800\" height=\"445\" srcset=\"https:\/\/i0.wp.com\/cdnoticias.com\/wp-content\/uploads\/2021\/11\/gabriel-castro-barrio-ceco-seguridad-03.jpg?w=800&amp;ssl=1 800w, https:\/\/i0.wp.com\/cdnoticias.com\/wp-content\/uploads\/2021\/11\/gabriel-castro-barrio-ceco-seguridad-03.jpg?resize=300%2C167&amp;ssl=1 300w, https:\/\/i0.wp.com\/cdnoticias.com\/wp-content\/uploads\/2021\/11\/gabriel-castro-barrio-ceco-seguridad-03.jpg?resize=768%2C427&amp;ssl=1 768w\" sizes=\"auto, (max-width: 800px) 100vw, 800px\" \/><\/p>\n<p>&nbsp;<\/p>\n<p>Las <strong>autoridades educativas<\/strong> que asistieron se\u00f1alaron en tanto que \u201cpor miedo a represalias\u201d hay hechos de inseguridad que no se denuncian. En ese sentido, <strong>pidieron a los jefes policiales \u201cprotecci\u00f3n\u201d para quienes colaboran<\/strong>. La respuesta deslind\u00f3 la responsabilidad en el \u00e1rea judicial.<\/p>\n<p>&nbsp;<\/p>\n<p><strong>Di Carlo<\/strong>, a su turno, repas\u00f3 las obras realizadas en la Escuela 80, como mejoras en la iluminaci\u00f3n e infraestructura, y advirti\u00f3 <strong>en relaci\u00f3n a lo sucedido el fin de semana que \u201ces muy dif\u00edcil que nadie haya escuchado nada\u201d<\/strong>. En este punto coincidi\u00f3 luego el jefe de Educaci\u00f3n Ben\u00edtez.<\/p>\n<p>&nbsp;<\/p>\n<blockquote><p>El consejero escolar detall\u00f3 que las reparaciones en esta oportunidad demandar\u00e1n alrededor de 500 mil pesos: \u201cno podemos hacer las obras y reparaciones de un momento a otro\u201d aclar\u00f3. M\u00e1s adelante, consider\u00f3 importante \u201ctrabajar con los vecinos\u201d, para que est\u00e9n atentos ante situaciones de este tipo.<\/p><\/blockquote>\n<p>&nbsp;<\/p>\n<p><img data-recalc-dims=\"1\" loading=\"lazy\" decoding=\"async\" class=\"size-full wp-image-38122 aligncenter\" src=\"https:\/\/i0.wp.com\/cdnoticias.com\/wp-content\/uploads\/2021\/11\/gabriel-castro-barrio-ceco-seguridad-02.jpg?resize=800%2C445&#038;ssl=1\" alt=\"\" width=\"800\" height=\"445\" srcset=\"https:\/\/i0.wp.com\/cdnoticias.com\/wp-content\/uploads\/2021\/11\/gabriel-castro-barrio-ceco-seguridad-02.jpg?w=800&amp;ssl=1 800w, https:\/\/i0.wp.com\/cdnoticias.com\/wp-content\/uploads\/2021\/11\/gabriel-castro-barrio-ceco-seguridad-02.jpg?resize=300%2C167&amp;ssl=1 300w, https:\/\/i0.wp.com\/cdnoticias.com\/wp-content\/uploads\/2021\/11\/gabriel-castro-barrio-ceco-seguridad-02.jpg?resize=768%2C427&amp;ssl=1 768w\" sizes=\"auto, (max-width: 800px) 100vw, 800px\" \/><\/p>\n<p>&nbsp;<\/p>\n<p>Luego <strong>Julio Ben\u00edtez hizo hincapi\u00e9 en la repetici\u00f3n de los hechos<\/strong> y plante\u00f3 la necesidad de<em> \u201ctrabajar con los estudiantes la importancia de un patrimonio p\u00fablico, c\u00f3mo se cuida, por qu\u00e9 vale tanto\u201d<\/em>, en referencia a aspectos educativos.<\/p>\n<p>&nbsp;<\/p>\n<p>Sobre el cierre del encuentro, los participantes definieron <strong>avanzar cada organismo desde su \u00e1mbito<\/strong> y poner a disposici\u00f3n \u201cherramientas para prevenir y tratar de resolver este hecho\u201d, adem\u00e1s de evitar nuevos ataques a la Escuela 80 y a otras instituciones del sector.<\/p>\n","protected":false},"excerpt":{"rendered":"<p>Fue en el encuentro que se llev\u00f3 adelante este martes en la Sociedad de Fomento. El rol central de la<\/p>\n","protected":false},"author":4,"featured_media":38172,"comment_status":"closed","ping_status":"closed","sticky":false,"template":"","format":"standard","meta":{"_jetpack_memberships_contains_paid_content":false,"footnotes":""},"categories":[5,1],"tags":[],"class_list":["post-38160","post","type-post","status-publish","format-standard","has-post-thumbnail","hentry","category-informacion-general","category-portada"],"jetpack_featured_media_url":"https:\/\/i0.wp.com\/cdnoticias.com\/wp-content\/uploads\/2021\/11\/gabriel-castro-barrio-ceco-seguridad-05.jpg?fit=800%2C445&ssl=1","jetpack_sharing_enabled":true,"_links":{"self":[{"href":"https:\/\/cdnoticias.com\/index.php\/wp-json\/wp\/v2\/posts\/38160","targetHints":{"allow":["GET"]}}],"collection":[{"href":"https:\/\/cdnoticias.com\/index.php\/wp-json\/wp\/v2\/posts"}],"about":[{"href":"https:\/\/cdnoticias.com\/index.php\/wp-json\/wp\/v2\/types\/post"}],"author":[{"embeddable":true,"href":"https:\/\/cdnoticias.com\/index.php\/wp-json\/wp\/v2\/users\/4"}],"replies":[{"embeddable":true,"href":"https:\/\/cdnoticias.com\/index.php\/wp-json\/wp\/v2\/comments?post=38160"}],"version-history":[{"count":0,"href":"https:\/\/cdnoticias.com\/index.php\/wp-json\/wp\/v2\/posts\/38160\/revisions"}],"wp:featuredmedia":[{"embeddable":true,"href":"https:\/\/cdnoticias.com\/index.php\/wp-json\/wp\/v2\/media\/38172"}],"wp:attachment":[{"href":"https:\/\/cdnoticias.com\/index.php\/wp-json\/wp\/v2\/media?parent=38160"}],"wp:term":[{"taxonomy":"category","embeddable":true,"href":"https:\/\/cdnoticias.com\/index.php\/wp-json\/wp\/v2\/categories?post=38160"},{"taxonomy":"post_tag","embeddable":true,"href":"https:\/\/cdnoticias.com\/index.php\/wp-json\/wp\/v2\/tags?post=38160"}],"curies":[{"name":"wp","href":"https:\/\/api.w.org\/{rel}","templated":true}]}}