{"id":38154,"date":"2021-11-09T13:33:18","date_gmt":"2021-11-09T16:33:18","guid":{"rendered":"http:\/\/www.centraldenoticias.com.ar\/?p=38154"},"modified":"2021-11-09T13:33:18","modified_gmt":"2021-11-09T16:33:18","slug":"realizaron-el-acto-protocolar-por-el-aniversario-de-loma-negra","status":"publish","type":"post","link":"https:\/\/cdnoticias.com\/index.php\/2021\/11\/09\/realizaron-el-acto-protocolar-por-el-aniversario-de-loma-negra\/","title":{"rendered":"Realizaron el acto protocolar por el aniversario de Loma Negra"},"content":{"rendered":"<p>Fue encabezado por el Secretario de Gobierno, Hilario Galli y la delegada Valeria Mil\u00eda. Se destac\u00f3 la preservaci\u00f3n y transmisi\u00f3n \u201cun patrimonio intangible, a trav\u00e9s de la memoria, los recuerdos y los sentimientos\u201d.<!--more--><\/p>\n<hr \/>\n<p>Este martes,<strong> Loma Negra celebra sus 118 a\u00f1os<\/strong> <em>\u201cpreservando y transmitiendo, un patrimonio intangible, a trav\u00e9s de la memoria, los recuerdos y los sentimientos\u201d<\/em> que fueron los protagonistas del acto central, que se llev\u00f3 a cabo esta ma\u00f1ana, en la emblem\u00e1tica plaza de localidad.<\/p>\n<p>&nbsp;<\/p>\n<p><strong>El acto protocolo por el 118\u00ba Aniversario de Loma Negra, que tuvo lugar en la Plaza \u201cDe la Eficiencia y el Trabajo\u201d<\/strong>, fue encabezado por el secretario de Gobierno Hilario Galli, la delegada Municipal de Loma Negra Valeria Mil\u00eda, junto a dem\u00e1s funcionarios, concejales, consejeros escolares, directivos, delegaciones de alumnos y banderas de establecimientos educativos de la localidad.<\/p>\n<p>&nbsp;<\/p>\n<p>La ceremonia se inici\u00f3 con la presentaci\u00f3n de la Bandera Argentina de la Casa de la Cultura y Turismo, que fue portada por ex alumnos de la Escuela N\u00ba 25 \u201cLuciano Fortabat\u201d, junto a su abanderado, escoltas y alumnos de cada grado.<\/p>\n<p>&nbsp;<\/p>\n<p><img data-recalc-dims=\"1\" loading=\"lazy\" decoding=\"async\" class=\"alignnone size-large wp-image-38155\" src=\"https:\/\/i0.wp.com\/cdnoticias.com\/wp-content\/uploads\/2021\/11\/Acto-Aniversario-Loma-Negra-1-scaled.jpg?resize=800%2C534&#038;ssl=1\" alt=\"\" width=\"800\" height=\"534\" srcset=\"https:\/\/i0.wp.com\/cdnoticias.com\/wp-content\/uploads\/2021\/11\/Acto-Aniversario-Loma-Negra-1-scaled.jpg?resize=1024%2C684&amp;ssl=1 1024w, https:\/\/i0.wp.com\/cdnoticias.com\/wp-content\/uploads\/2021\/11\/Acto-Aniversario-Loma-Negra-1-scaled.jpg?resize=300%2C201&amp;ssl=1 300w, https:\/\/i0.wp.com\/cdnoticias.com\/wp-content\/uploads\/2021\/11\/Acto-Aniversario-Loma-Negra-1-scaled.jpg?resize=768%2C513&amp;ssl=1 768w, https:\/\/i0.wp.com\/cdnoticias.com\/wp-content\/uploads\/2021\/11\/Acto-Aniversario-Loma-Negra-1-scaled.jpg?resize=272%2C182&amp;ssl=1 272w, https:\/\/i0.wp.com\/cdnoticias.com\/wp-content\/uploads\/2021\/11\/Acto-Aniversario-Loma-Negra-1-scaled.jpg?w=1600&amp;ssl=1 1600w, https:\/\/i0.wp.com\/cdnoticias.com\/wp-content\/uploads\/2021\/11\/Acto-Aniversario-Loma-Negra-1-scaled.jpg?w=2400&amp;ssl=1 2400w\" sizes=\"auto, (max-width: 800px) 100vw, 800px\" \/><\/p>\n<p>&nbsp;<\/p>\n<blockquote><p>Seguidamente se realiz\u00f3 la entonaci\u00f3n de las estrofas del Himno Nacional Argentino, que cont\u00f3 con la interpretaci\u00f3n privilegiada en piano de Ignacio Montoya Carlotto y en lengua de se\u00f1as por Candela Brisa.<\/p><\/blockquote>\n<p>&nbsp;<\/p>\n<p>Las palabras de bienvenida estuvieron a cargo de Mirta Schmale, integrante de la Casa de la Cultura y Turismo. Luego el padre Estanislao hizo la tradicional bendici\u00f3n, para dar lugar posteriormente, a la <strong>entrega de un reconocimiento al vecino con m\u00e1s a\u00f1os de residencia en la villa: N\u00e9stor Langiano.<\/strong><\/p>\n<p>&nbsp;<\/p>\n<p>M\u00e1s tarde, fue el turno de las palabras de Jos\u00e9 Mar\u00eda Trinch\u00edn, integrante de la Agrupaci\u00f3n Veteranos de Guerra \u201c2 de Abril\u201d. Seguidamente, Sandra Capdeville fue la encargada de llevar adelante un breve pero sentido homenaje a Roberto Vivinetto, querido vecino de la localidad, ex delegado municipal de Loma Negra.<\/p>\n<p>&nbsp;<\/p>\n<p><img data-recalc-dims=\"1\" loading=\"lazy\" decoding=\"async\" class=\"alignnone size-large wp-image-38157\" src=\"https:\/\/i0.wp.com\/cdnoticias.com\/wp-content\/uploads\/2021\/11\/Acto-Aniversario-Loma-Negra-6-scaled.jpg?resize=800%2C534&#038;ssl=1\" alt=\"\" width=\"800\" height=\"534\" srcset=\"https:\/\/i0.wp.com\/cdnoticias.com\/wp-content\/uploads\/2021\/11\/Acto-Aniversario-Loma-Negra-6-scaled.jpg?resize=1024%2C684&amp;ssl=1 1024w, https:\/\/i0.wp.com\/cdnoticias.com\/wp-content\/uploads\/2021\/11\/Acto-Aniversario-Loma-Negra-6-scaled.jpg?resize=300%2C201&amp;ssl=1 300w, https:\/\/i0.wp.com\/cdnoticias.com\/wp-content\/uploads\/2021\/11\/Acto-Aniversario-Loma-Negra-6-scaled.jpg?resize=768%2C513&amp;ssl=1 768w, https:\/\/i0.wp.com\/cdnoticias.com\/wp-content\/uploads\/2021\/11\/Acto-Aniversario-Loma-Negra-6-scaled.jpg?resize=272%2C182&amp;ssl=1 272w, https:\/\/i0.wp.com\/cdnoticias.com\/wp-content\/uploads\/2021\/11\/Acto-Aniversario-Loma-Negra-6-scaled.jpg?w=1600&amp;ssl=1 1600w, https:\/\/i0.wp.com\/cdnoticias.com\/wp-content\/uploads\/2021\/11\/Acto-Aniversario-Loma-Negra-6-scaled.jpg?w=2400&amp;ssl=1 2400w\" sizes=\"auto, (max-width: 800px) 100vw, 800px\" \/><\/p>\n<p>&nbsp;<\/p>\n<p>A continuaci\u00f3n, el secretario de Gobierno Hilario Galli, manifest\u00f3 que \u201c<em>lamentablemente el Intendente no pudo estar ac\u00e1, pero les deja un saludo, en el marco de este nuevo aniversario para la localidad\u201d.<\/em><\/p>\n<p>&nbsp;<\/p>\n<blockquote><p>\u201cEsta pandemia nos hizo revisar todo, la forma de vivir, de trabajar, de festejar, pero est\u00e1 nueva etapa nos presenta la oportunidad de construir una ciudad con cimientos m\u00e1s firmes basados en el trabajo y el esfuerzo\u201d, sostuvo.<\/p><\/blockquote>\n<p>&nbsp;<\/p>\n<p>En su mensaje para los vecinos de la localidad, Hilario Galli, manifest\u00f3:<em> \u201custedes saben de educaci\u00f3n, progreso y esfuerzo. En estos momentos tenemos que estar m\u00e1s juntos y m\u00e1s fuertes que nunca, nos tenemos que unir para poder festejar estos momentos, que nos faltaron durante tanto tiempo\u201d.<\/em><\/p>\n<p>&nbsp;<\/p>\n<p><img data-recalc-dims=\"1\" loading=\"lazy\" decoding=\"async\" class=\"alignnone size-large wp-image-38158\" src=\"https:\/\/i0.wp.com\/cdnoticias.com\/wp-content\/uploads\/2021\/11\/Acto-Aniversario-Loma-Negra-7-scaled.jpg?resize=800%2C534&#038;ssl=1\" alt=\"\" width=\"800\" height=\"534\" srcset=\"https:\/\/i0.wp.com\/cdnoticias.com\/wp-content\/uploads\/2021\/11\/Acto-Aniversario-Loma-Negra-7-scaled.jpg?resize=1024%2C684&amp;ssl=1 1024w, https:\/\/i0.wp.com\/cdnoticias.com\/wp-content\/uploads\/2021\/11\/Acto-Aniversario-Loma-Negra-7-scaled.jpg?resize=300%2C201&amp;ssl=1 300w, https:\/\/i0.wp.com\/cdnoticias.com\/wp-content\/uploads\/2021\/11\/Acto-Aniversario-Loma-Negra-7-scaled.jpg?resize=768%2C513&amp;ssl=1 768w, https:\/\/i0.wp.com\/cdnoticias.com\/wp-content\/uploads\/2021\/11\/Acto-Aniversario-Loma-Negra-7-scaled.jpg?resize=272%2C182&amp;ssl=1 272w, https:\/\/i0.wp.com\/cdnoticias.com\/wp-content\/uploads\/2021\/11\/Acto-Aniversario-Loma-Negra-7-scaled.jpg?w=1600&amp;ssl=1 1600w, https:\/\/i0.wp.com\/cdnoticias.com\/wp-content\/uploads\/2021\/11\/Acto-Aniversario-Loma-Negra-7-scaled.jpg?w=2400&amp;ssl=1 2400w\" sizes=\"auto, (max-width: 800px) 100vw, 800px\" \/><\/p>\n<p>&nbsp;<\/p>\n<p>Despu\u00e9s, el secretario de Gobierno Hilario Galli, la delegada Valeria Mil\u00eda y Daniel Bertoni, colocaron una ofrenda floral en el monumento a Don Fortabat.<\/p>\n<p>&nbsp;<\/p>\n<p>Al final, funcionarios municipales y vecinos, realizaron la plantaci\u00f3n de un \u00e1rbol en memoria y honor de Roberto Vivinetto, como parte del homenaje realizado en el d\u00eda de hoy.<\/p>\n<p>&nbsp;<\/p>\n<p>En el acto se hicieron presentes las delegaciones del Jard\u00edn N\u00ba 905 \u201cConstancio Vigil, Escuela N\u00ba 12 \u201cMar\u00eda Curie\u201d, Escuela N\u00ba 79 \u201cAlfredo Fortabat\u201d, Escuela Secundaria N\u00ba 3, Centro de Adaptacion Laboral \u201cMadre Teresa de Calcuta\u201d, Centro de Educaci\u00f3n Agraria, Escuela Primaria N\u00ba 25 \u201cLuciano Fortabat\u201d y Escuela de Polic\u00eda \u201cJuan Vucetich\u201d.<\/p>\n<p>&nbsp;<\/p>\n<p>Participaron adem\u00e1s representantes del Centro de Jubilados \u201cLos J\u00f3venes Abuelos\u201d, Club Loma Negra, Club Independiente Villa Alfredo Fortbat, Sociedad de Fomento Villa Alfredo Fortabat, Agrupaci\u00f3n Veteranos de Guerra\u00a0 \u201c2 de Abril\u201d, Destacamento de Bomberos N\u00ba1 de Loma Negra.<\/p>\n<p>&nbsp;<\/p>\n<p><span style=\"text-decoration: underline;\"><strong>C\u00f3mo sigue la celebraci\u00f3n<\/strong><\/span><\/p>\n<p>&nbsp;<\/p>\n<p>El cronograma de actividades por el 118\u00ba Aniversario de Loma Negra, <strong>continuar\u00e1 esta tarde, con la segunda edici\u00f3n de la Caravana Aniversario, que tendr\u00e1 como punto de partida el Club Social y Deportivo Loma Negra.<\/strong><\/p>\n<p>&nbsp;<\/p>\n<p>El<strong> s\u00e1bado 13 de noviembre, a las 17 horas, en el Museo Hogar Loma Negra<\/strong>, tendr\u00e1 lugar la presentaci\u00f3n del libro \u201cRecuerdos y vivencias\u201d (Parte I y II) de Roberto \u201cTito\u201d Conte.<\/p>\n<p>&nbsp;<\/p>\n<p>Entre las actividades, se encuentra<strong> la Caminata Hist\u00f3rica por lugares emblem\u00e1ticos de la localidad<\/strong>, prevista para el domingo 21 de noviembre, y la Feria Artesanal en la Plaza Libertad, que ser\u00e1 el domingo 28. <strong>El programa finalizar\u00e1 con una nueva edici\u00f3n del \u201cD\u00eda de Hacer el Bien\u201d<\/strong>, organizada por la empresa Loma Negra y la Municipalidad de Olavarr\u00eda.<\/p>\n","protected":false},"excerpt":{"rendered":"<p>Fue encabezado por el Secretario de Gobierno, Hilario Galli y la delegada Valeria Mil\u00eda. Se destac\u00f3 la preservaci\u00f3n y transmisi\u00f3n<\/p>\n","protected":false},"author":2,"featured_media":38156,"comment_status":"closed","ping_status":"closed","sticky":false,"template":"","format":"standard","meta":{"_jetpack_memberships_contains_paid_content":false,"footnotes":""},"categories":[5,1],"tags":[],"class_list":["post-38154","post","type-post","status-publish","format-standard","has-post-thumbnail","hentry","category-informacion-general","category-portada"],"jetpack_featured_media_url":"https:\/\/i0.wp.com\/cdnoticias.com\/wp-content\/uploads\/2021\/11\/Acto-Aniversario-Loma-Negra-2-scaled.jpg?fit=2560%2C1711&ssl=1","jetpack_sharing_enabled":true,"_links":{"self":[{"href":"https:\/\/cdnoticias.com\/index.php\/wp-json\/wp\/v2\/posts\/38154","targetHints":{"allow":["GET"]}}],"collection":[{"href":"https:\/\/cdnoticias.com\/index.php\/wp-json\/wp\/v2\/posts"}],"about":[{"href":"https:\/\/cdnoticias.com\/index.php\/wp-json\/wp\/v2\/types\/post"}],"author":[{"embeddable":true,"href":"https:\/\/cdnoticias.com\/index.php\/wp-json\/wp\/v2\/users\/2"}],"replies":[{"embeddable":true,"href":"https:\/\/cdnoticias.com\/index.php\/wp-json\/wp\/v2\/comments?post=38154"}],"version-history":[{"count":0,"href":"https:\/\/cdnoticias.com\/index.php\/wp-json\/wp\/v2\/posts\/38154\/revisions"}],"wp:featuredmedia":[{"embeddable":true,"href":"https:\/\/cdnoticias.com\/index.php\/wp-json\/wp\/v2\/media\/38156"}],"wp:attachment":[{"href":"https:\/\/cdnoticias.com\/index.php\/wp-json\/wp\/v2\/media?parent=38154"}],"wp:term":[{"taxonomy":"category","embeddable":true,"href":"https:\/\/cdnoticias.com\/index.php\/wp-json\/wp\/v2\/categories?post=38154"},{"taxonomy":"post_tag","embeddable":true,"href":"https:\/\/cdnoticias.com\/index.php\/wp-json\/wp\/v2\/tags?post=38154"}],"curies":[{"name":"wp","href":"https:\/\/api.w.org\/{rel}","templated":true}]}}