{"id":38150,"date":"2021-11-09T13:09:17","date_gmt":"2021-11-09T16:09:17","guid":{"rendered":"http:\/\/www.centraldenoticias.com.ar\/?p=38150"},"modified":"2021-11-09T13:09:17","modified_gmt":"2021-11-09T16:09:17","slug":"bali-bucca-y-el-intendente-pisano-presentaron-el-edificio-del-instituto-n-27","status":"publish","type":"post","link":"https:\/\/cdnoticias.com\/index.php\/2021\/11\/09\/bali-bucca-y-el-intendente-pisano-presentaron-el-edificio-del-instituto-n-27\/","title":{"rendered":"Bali Bucca y el Intendente Pisano presentaron el edificio del Instituto N\u00b0 27"},"content":{"rendered":"<p>Participaron alrededor de 150 personas, entre alumnos, ex alumnos, autoridades de Educaci\u00f3n locales y provinciales y funcionarios.\u00a0<!--more--><\/p>\n<hr \/>\n<p>Este lunes en el Cine Avenida de Bol\u00edvar, y acompa\u00f1ado por el intendente Marcos Pisano, el director del Instituto 27, Luciano S\u00e1nchez, y al Director de Planeamiento, <strong>el diputado nacional Eduardo \u201cBali\u201d Bucca present\u00f3 el nuevo edificio propio del Instituto de Formaci\u00f3n Docente N\u00b027 que se construir\u00e1 en Bol\u00edvar.<\/strong><\/p>\n<p>&nbsp;<\/p>\n<p>Participaron de la presentaci\u00f3n 150 personas, entre ellos profesores actuales y jubilados, alumnos\/as y ex alumnos y alumnas, autoridades de Educaci\u00f3n locales y provinciales, funcionarios municipales y concejales.<\/p>\n<p>&nbsp;<\/p>\n<p>El diputado Bucca manifest\u00f3 <em>\u201cCuando cedimos la tierra a la Direcci\u00f3n General de Escuelas marc\u00f3 un precedente, y fue un objetivo para la gesti\u00f3n municipal tener un edificio propio\u201d<\/em>, y agreg\u00f3 que<strong><em> &#8220;para que las cosas sucedan tiene que haber gesti\u00f3n y sustentabilidad, ese trabajo invisible que muchas veces se valora cuando se ve materializado pero que sucede porque antes se trabaj\u00f3&#8221;.\u00a0<\/em><\/strong><\/p>\n<p>&nbsp;<\/p>\n<p>Mariano Mart\u00edn, de planeamiento, describi\u00f3 detalles t\u00e9cnicos de una obra trascendental que beneficia el arraigo de los j\u00f3venes a la ciudad. <em>&#8220;Se trata de 1.500 mts2 en dos plantas, con 16 aulas que tienen lugar para 600 alumnos y que va a dinamizar este sector norte de la ciudad. Es un moderno edificio que adem\u00e1s contar\u00e1 con biblioteca, hall, n\u00facleo sanitario y aulas de inform\u00e1tica\u201d.<\/em><\/p>\n<p>&nbsp;<\/p>\n<p><img data-recalc-dims=\"1\" loading=\"lazy\" decoding=\"async\" class=\"alignnone size-large wp-image-38151\" src=\"https:\/\/i0.wp.com\/cdnoticias.com\/wp-content\/uploads\/2021\/11\/WhatsApp-Image-2021-11-09-at-11.16.38.jpeg?resize=800%2C534&#038;ssl=1\" alt=\"\" width=\"800\" height=\"534\" srcset=\"https:\/\/i0.wp.com\/cdnoticias.com\/wp-content\/uploads\/2021\/11\/WhatsApp-Image-2021-11-09-at-11.16.38.jpeg?resize=1024%2C684&amp;ssl=1 1024w, https:\/\/i0.wp.com\/cdnoticias.com\/wp-content\/uploads\/2021\/11\/WhatsApp-Image-2021-11-09-at-11.16.38.jpeg?resize=300%2C200&amp;ssl=1 300w, https:\/\/i0.wp.com\/cdnoticias.com\/wp-content\/uploads\/2021\/11\/WhatsApp-Image-2021-11-09-at-11.16.38.jpeg?resize=768%2C513&amp;ssl=1 768w, https:\/\/i0.wp.com\/cdnoticias.com\/wp-content\/uploads\/2021\/11\/WhatsApp-Image-2021-11-09-at-11.16.38.jpeg?resize=272%2C182&amp;ssl=1 272w, https:\/\/i0.wp.com\/cdnoticias.com\/wp-content\/uploads\/2021\/11\/WhatsApp-Image-2021-11-09-at-11.16.38.jpeg?w=1280&amp;ssl=1 1280w\" sizes=\"auto, (max-width: 800px) 100vw, 800px\" \/><\/p>\n<p>&nbsp;<\/p>\n<p>En este contexto, el legislador augur\u00f3 <strong><em>\u201cvamos a pensar en industrializaci\u00f3n y en generaci\u00f3n de empleo desde una perspectiva totalmente distinta a las posibilidades que tenemos actualmente, por eso insisto en que los municipios no podemos concebirlos como islas, debemos construir ciudad de abajo hacia arriba, como una regi\u00f3n integrada y as\u00ed llegar al Bol\u00edvar que queremos\u201d.\u00a0<\/em><\/strong><\/p>\n<p>&nbsp;<\/p>\n<blockquote><p>El director del Instituto, Luciano S\u00e1nchez, manifest\u00f3 estar agradecido con la gesti\u00f3n municipal: &#8220;No ser\u00eda posible nada de todo esto sin el acompa\u00f1amiento pol\u00edtico de Bali y Marcos, y sin todas las personas iluminadas que pasaron por el instituto\u201d.<\/p><\/blockquote>\n<p>&nbsp;<\/p>\n<p>Por su parte, Pisano expres\u00f3: \u201c<em>Saldamos deudas pensando en las necesidades educativas que tiene la ciudad, por eso ahora vamos por el sexto edificio educativo y estoy convencido que juntos lo vamos a lograr porque tenemos el equipo y la experiencia para hacerlo&#8221;.\u00a0<\/em><\/p>\n<p>&nbsp;<\/p>\n<p>La construcci\u00f3n del nuevo edificio que <strong>se emplazar\u00e1 en el predio ubicado en Av. Centenario y prolongaci\u00f3n Luis Mallol<\/strong>, se realizar\u00e1 en un terreno cedido y transferido durante la gesti\u00f3n como intendente del actual diputado nacional Eduardo Bucca, y en una zona de la ciudad donde se prev\u00e9 construir un polo educativo.<\/p>\n<p>&nbsp;<\/p>\n<p>Cabe recordar que d\u00edas atr\u00e1s, el intendente Marcos Pisano y el diputado nacional Eduardo Bucca, junto a una comitiva de referentes del Instituto n\u00b027, se reunieron en el Sal\u00f3n Blanco del Ministerio de Educaci\u00f3n de la Naci\u00f3n con el ministro Jaime Perczyk, para concretar la firma del convenio que permitir\u00e1 comenzar con la construcci\u00f3n del nuevo edificio propio de la instituci\u00f3n educativa de ense\u00f1anza superior.<\/p>\n","protected":false},"excerpt":{"rendered":"<p>Participaron alrededor de 150 personas, entre alumnos, ex alumnos, autoridades de Educaci\u00f3n locales y provinciales y funcionarios.\u00a0<\/p>\n","protected":false},"author":2,"featured_media":38152,"comment_status":"closed","ping_status":"closed","sticky":false,"template":"","format":"standard","meta":{"_jetpack_memberships_contains_paid_content":false,"footnotes":""},"categories":[6,1],"tags":[],"class_list":["post-38150","post","type-post","status-publish","format-standard","has-post-thumbnail","hentry","category-nacionales","category-portada"],"jetpack_featured_media_url":"https:\/\/i0.wp.com\/cdnoticias.com\/wp-content\/uploads\/2021\/11\/WhatsApp-Image-2021-11-09-at-11.16.36.jpeg?fit=1074%2C552&ssl=1","jetpack_sharing_enabled":true,"_links":{"self":[{"href":"https:\/\/cdnoticias.com\/index.php\/wp-json\/wp\/v2\/posts\/38150","targetHints":{"allow":["GET"]}}],"collection":[{"href":"https:\/\/cdnoticias.com\/index.php\/wp-json\/wp\/v2\/posts"}],"about":[{"href":"https:\/\/cdnoticias.com\/index.php\/wp-json\/wp\/v2\/types\/post"}],"author":[{"embeddable":true,"href":"https:\/\/cdnoticias.com\/index.php\/wp-json\/wp\/v2\/users\/2"}],"replies":[{"embeddable":true,"href":"https:\/\/cdnoticias.com\/index.php\/wp-json\/wp\/v2\/comments?post=38150"}],"version-history":[{"count":0,"href":"https:\/\/cdnoticias.com\/index.php\/wp-json\/wp\/v2\/posts\/38150\/revisions"}],"wp:featuredmedia":[{"embeddable":true,"href":"https:\/\/cdnoticias.com\/index.php\/wp-json\/wp\/v2\/media\/38152"}],"wp:attachment":[{"href":"https:\/\/cdnoticias.com\/index.php\/wp-json\/wp\/v2\/media?parent=38150"}],"wp:term":[{"taxonomy":"category","embeddable":true,"href":"https:\/\/cdnoticias.com\/index.php\/wp-json\/wp\/v2\/categories?post=38150"},{"taxonomy":"post_tag","embeddable":true,"href":"https:\/\/cdnoticias.com\/index.php\/wp-json\/wp\/v2\/tags?post=38150"}],"curies":[{"name":"wp","href":"https:\/\/api.w.org\/{rel}","templated":true}]}}