{"id":38116,"date":"2021-11-09T09:06:55","date_gmt":"2021-11-09T12:06:55","guid":{"rendered":"http:\/\/www.centraldenoticias.com.ar\/?p=38116"},"modified":"2021-11-09T09:44:47","modified_gmt":"2021-11-09T12:44:47","slug":"en-que-consiste-la-ordenanza-que-propone-debates-obligatorios-de-candidatos","status":"publish","type":"post","link":"https:\/\/cdnoticias.com\/index.php\/2021\/11\/09\/en-que-consiste-la-ordenanza-que-propone-debates-obligatorios-de-candidatos\/","title":{"rendered":"En qu\u00e9 consiste la ordenanza que propone debates obligatorios de candidatos"},"content":{"rendered":"<p>Fue impulsada por la Facultad de Ingenier\u00eda. Busca que cada dos a\u00f1os, los postulantes expongan sus propuestas p\u00fablicamente. El proyecto ya est\u00e1 en el Concejo. En el debate local todos los espacios pol\u00edticos aplaudieron la iniciativa.<!--more--><\/p>\n<hr \/>\n<p><strong>Con el respaldo y la organizaci\u00f3n de la Facultad de Ingenier\u00eda de la UNICEN, buscan institucionalizar mediante ordenanza los debates preelectorales p\u00fablicos y obligatorios en Olavarr\u00eda<\/strong>. As\u00ed <a href=\"https:\/\/cdnoticias.com\/index.php\/2021\/11\/03\/el-debate-de-candidatos-en-ingenieria-tuvo-un-cierre-de-propuestas-variadas\/\" target=\"_blank\" rel=\"noopener\">se anunci\u00f3 oficialmente durante la realizaci\u00f3n del Debate 2021<\/a>, que se llev\u00f3 a cabo el mi\u00e9rcoles 3 de noviembre y cosech\u00f3 la adhesi\u00f3n de los cinco espacios pol\u00edticos que asistieron al evento.<\/p>\n<p>&nbsp;<\/p>\n<blockquote><p>El objetivo es brindar un marco democr\u00e1tico que permita dar a conocer las plataformas de los partidos o frentes pol\u00edticos ante cada elecci\u00f3n a Intendente o del \u00e1mbito legislativo.<\/p><\/blockquote>\n<p>&nbsp;<\/p>\n<p>Hay dos <strong>antecedentes v\u00e1lidos<\/strong> que alentaron este proyecto. Cuatro aspirantes a la Intendencia en 2019, y cinco candidatas\/os que quieren tener voz y voto en el Concejo Deliberante a partir de diciembre de 2021 y estuvieron la semana pasada en el debate coordinado por la FIO. Ambas instancias sirvieron de base para <strong>esta propuesta que ingres\u00f3 al Concejo Deliberante el 26 de octubre de 2021<\/strong>, inspirada en la letra de la Ley 27.337 referida a la obligatoriedad de realizaci\u00f3n de debates entre candidatos a Presidente de la Naci\u00f3n.<\/p>\n<p>&nbsp;<\/p>\n<p><img data-recalc-dims=\"1\" loading=\"lazy\" decoding=\"async\" class=\"size-large wp-image-38117 aligncenter\" src=\"https:\/\/i0.wp.com\/cdnoticias.com\/wp-content\/uploads\/2021\/11\/debate-ingenieria-00.jpg?resize=800%2C450&#038;ssl=1\" alt=\"\" width=\"800\" height=\"450\" srcset=\"https:\/\/i0.wp.com\/cdnoticias.com\/wp-content\/uploads\/2021\/11\/debate-ingenieria-00.jpg?resize=1024%2C576&amp;ssl=1 1024w, https:\/\/i0.wp.com\/cdnoticias.com\/wp-content\/uploads\/2021\/11\/debate-ingenieria-00.jpg?resize=300%2C169&amp;ssl=1 300w, https:\/\/i0.wp.com\/cdnoticias.com\/wp-content\/uploads\/2021\/11\/debate-ingenieria-00.jpg?resize=768%2C432&amp;ssl=1 768w, https:\/\/i0.wp.com\/cdnoticias.com\/wp-content\/uploads\/2021\/11\/debate-ingenieria-00.jpg?w=1280&amp;ssl=1 1280w\" sizes=\"auto, (max-width: 800px) 100vw, 800px\" \/><\/p>\n<p>&nbsp;<\/p>\n<p><strong>Qu\u00e9 se propone<\/strong><\/p>\n<p>&nbsp;<\/p>\n<p>En Olavarr\u00eda no se ha legislado respecto de la realizaci\u00f3n de debates p\u00fablicos de candidatos, que fortalecen la conciencia cr\u00edtica y enriquecen el voto de los ciudadanos. Por eso, la Facultad de Ingenier\u00eda decidi\u00f3 propiciar <strong>estos espacios que permiten a los vecinos comparar y evaluar las distintas propuestas<\/strong> para un an\u00e1lisis m\u00e1s profundo, con mayores convicciones y responsabilidad, al momento de votar.<\/p>\n<p>&nbsp;<\/p>\n<p>El argumento central es que la Universidad Nacional del Centro (UNICEN), a trav\u00e9s de la Facultad de Ingenier\u00eda suma 52 a\u00f1os de trayectoria y ha dado muestras de su <strong>capacidad e idoneidad para la organizaci\u00f3n de debates preelectorales<\/strong>.<\/p>\n<p>&nbsp;<\/p>\n<p>Con esos fundamentos se elabor\u00f3 <strong>la propuesta que ya est\u00e1 en poder de las y los concejales de Olavarr\u00eda y establece la obligatoriedad de los debates preelectorales p\u00fablicos entre aspirantes a Intendente\/a y aspirantes a concejalas\/es del Partido de Olavarr\u00eda<\/strong>. La finalidad es dar a conocer y debatir ante el electorado las plataformas electorales de los partidos, frentes o agrupaciones pol\u00edticas. <em>A los cinco espacios que compiten en las elecciones del 14 de noviembre y protagonizaron el Debate 2021 tambi\u00e9n se les entreg\u00f3 una copia<\/em>.<\/p>\n<p>&nbsp;<\/p>\n<p><img data-recalc-dims=\"1\" loading=\"lazy\" decoding=\"async\" class=\"size-full wp-image-37569 aligncenter\" src=\"https:\/\/i0.wp.com\/cdnoticias.com\/wp-content\/uploads\/2021\/11\/debate06-1.jpg?resize=800%2C445&#038;ssl=1\" alt=\"\" width=\"800\" height=\"445\" srcset=\"https:\/\/i0.wp.com\/cdnoticias.com\/wp-content\/uploads\/2021\/11\/debate06-1.jpg?w=800&amp;ssl=1 800w, https:\/\/i0.wp.com\/cdnoticias.com\/wp-content\/uploads\/2021\/11\/debate06-1.jpg?resize=300%2C167&amp;ssl=1 300w, https:\/\/i0.wp.com\/cdnoticias.com\/wp-content\/uploads\/2021\/11\/debate06-1.jpg?resize=768%2C427&amp;ssl=1 768w\" sizes=\"auto, (max-width: 800px) 100vw, 800px\" \/><\/p>\n<p>&nbsp;<\/p>\n<p><strong>Debate o sanci\u00f3n<\/strong><\/p>\n<p>&nbsp;<\/p>\n<p>A trav\u00e9s de esta iniciativa <strong>se incluye a la totalidad de candidatas\/os cuyas agrupaciones pol\u00edticas superen el piso de votos establecido para las elecciones Primarias Abiertas, Simult\u00e1neas y Obligatorias (PASO)<\/strong> reguladas por la ley 26.571 o la que la reemplace en el futuro.<\/p>\n<p>&nbsp;<\/p>\n<blockquote><p>La FIO ser\u00e1 la encargada de convocar a quienes est\u00e9n obligados a participar del debate en los cinco d\u00edas h\u00e1biles posteriores a su proclamaci\u00f3n como candidatos, una vez superadas las elecciones primarias, a fin de determinar su voluntad de participaci\u00f3n en el debate fijado por ordenanza.<\/p><\/blockquote>\n<p>&nbsp;<\/p>\n<p>Las\/los candidatas\/os que no cumplan con dicha obligaci\u00f3n <strong>podr\u00edan ser pasibles de recibir sanciones disciplinarias por parte del HCD<\/strong> apenas hayan asumido, en caso de que as\u00ed suceda.<\/p>\n<p>&nbsp;<\/p>\n<p>En cuanto al <strong>reglamento del debate y temas a debatir<\/strong>, la FIO con asesoramiento de otras unidades acad\u00e9micas de UNICEN y el Concejo Deliberante, convocar\u00e1 a las\/os candidatas\/os o representantes de las organizaciones pol\u00edticas participantes a una audiencia destinada a acordar el reglamento de realizaci\u00f3n de los debates, y los temas a abordar en cada uno de ellos.<\/p>\n<p>&nbsp;<\/p>\n<p>En todos los casos,<strong> a falta de acuerdo entre las partes, la decisi\u00f3n recaer\u00e1 en el Concejo Deliberante<\/strong> y los resultados de la audiencia deber\u00e1n hacerse p\u00fablicos.<\/p>\n<p>&nbsp;<\/p>\n<p><img data-recalc-dims=\"1\" loading=\"lazy\" decoding=\"async\" class=\"size-full wp-image-37515 aligncenter\" src=\"https:\/\/i0.wp.com\/cdnoticias.com\/wp-content\/uploads\/2021\/11\/debate05.jpg?resize=800%2C445&#038;ssl=1\" alt=\"\" width=\"800\" height=\"445\" srcset=\"https:\/\/i0.wp.com\/cdnoticias.com\/wp-content\/uploads\/2021\/11\/debate05.jpg?w=800&amp;ssl=1 800w, https:\/\/i0.wp.com\/cdnoticias.com\/wp-content\/uploads\/2021\/11\/debate05.jpg?resize=300%2C167&amp;ssl=1 300w, https:\/\/i0.wp.com\/cdnoticias.com\/wp-content\/uploads\/2021\/11\/debate05.jpg?resize=768%2C427&amp;ssl=1 768w\" sizes=\"auto, (max-width: 800px) 100vw, 800px\" \/><\/p>\n<p>&nbsp;<\/p>\n<p><strong>Dos instancias<\/strong><\/p>\n<p>&nbsp;<\/p>\n<p>La iniciativa contempla <strong>dos instancias de debate<\/strong>. La primera apunta a candidatos a concejales y se har\u00e1 en instalaciones de la FIO entre 14 y 8 d\u00edas anteriores a la realizaci\u00f3n del primer debate presidencial establecido en la ley 27.337 o la que la reemplace en el futuro. La segunda instancia se realizar\u00e1 entre candidatos a Intendente, en el mismo lugar, dentro de los 7 d\u00edas anteriores al mismo evento.<\/p>\n<p>&nbsp;<\/p>\n<p>Los debates contar\u00e1n con <strong>la emisi\u00f3n de una se\u00f1al oficial, \u00fanica encargada de la cobertura en vivo del evento<\/strong>. Las se\u00f1ales radiof\u00f3nicas y televisivas ser\u00e1n puestas a disposici\u00f3n, en forma gratuita, de <strong>todos los medios p\u00fablicos y privados que deseen transmitir el debate de manera simult\u00e1nea<\/strong>.<\/p>\n<p>&nbsp;<\/p>\n<p><img data-recalc-dims=\"1\" loading=\"lazy\" decoding=\"async\" class=\"size-full wp-image-37558 aligncenter\" src=\"https:\/\/i0.wp.com\/cdnoticias.com\/wp-content\/uploads\/2021\/11\/debate17.jpg?resize=800%2C445&#038;ssl=1\" alt=\"\" width=\"800\" height=\"445\" srcset=\"https:\/\/i0.wp.com\/cdnoticias.com\/wp-content\/uploads\/2021\/11\/debate17.jpg?w=800&amp;ssl=1 800w, https:\/\/i0.wp.com\/cdnoticias.com\/wp-content\/uploads\/2021\/11\/debate17.jpg?resize=300%2C167&amp;ssl=1 300w, https:\/\/i0.wp.com\/cdnoticias.com\/wp-content\/uploads\/2021\/11\/debate17.jpg?resize=768%2C427&amp;ssl=1 768w\" sizes=\"auto, (max-width: 800px) 100vw, 800px\" \/><\/p>\n<p>&nbsp;<\/p>\n<p>La FIO dispondr\u00e1 la <strong>grabaci\u00f3n del debate, que deber\u00e1 encontrarse disponible en la p\u00e1gina web institucional<\/strong>, de forma accesible. A los efectos de permitir el acceso a todos los ciudadanos al desarrollo del debate, los organizadores instrumentar\u00e1n los medios para disponer de un espacio f\u00edsico, de acceso libre y gratuito, en el que el evento sea retransmitido en directo.<\/p>\n<p>&nbsp;<\/p>\n<p>El Concejo Deliberante de Olavarr\u00eda ser\u00e1 la <strong>autoridad de aplicaci\u00f3n<\/strong> y podr\u00e1 reglamentar todos los aspectos complementarios inherentes a la realizaci\u00f3n de los debates.<\/p>\n<p>&nbsp;<\/p>\n<p><strong>La propuesta completa est\u00e1 en estos momentos en manos del Concejo Deliberante<\/strong>, para su tratamiento y eventual aprobaci\u00f3n como ordenanza para el futuro. Tom\u00f3 estado parlamentario en la \u00faltima sesi\u00f3n del 28 de octubre y pas\u00f3 a su an\u00e1lisis en las <strong>comisiones de Educaci\u00f3n y de Legislaci\u00f3n<\/strong>.<\/p>\n<p>&nbsp;<\/p>\n<p>Fuente:<em> Comunicaci\u00f3n Institucional y Promoci\u00f3n de la Facultad de Ingenier\u00eda &#8211; UNICEN<\/em><\/p>\n","protected":false},"excerpt":{"rendered":"<p>Fue impulsada por la Facultad de Ingenier\u00eda. Busca que cada dos a\u00f1os, los postulantes expongan sus propuestas p\u00fablicamente. El proyecto<\/p>\n","protected":false},"author":4,"featured_media":37518,"comment_status":"closed","ping_status":"closed","sticky":false,"template":"","format":"standard","meta":{"_jetpack_memberships_contains_paid_content":false,"footnotes":""},"categories":[4,1],"tags":[],"class_list":["post-38116","post","type-post","status-publish","format-standard","has-post-thumbnail","hentry","category-politica","category-portada"],"jetpack_featured_media_url":"https:\/\/i0.wp.com\/cdnoticias.com\/wp-content\/uploads\/2021\/11\/debate02.jpg?fit=800%2C445&ssl=1","jetpack_sharing_enabled":true,"_links":{"self":[{"href":"https:\/\/cdnoticias.com\/index.php\/wp-json\/wp\/v2\/posts\/38116","targetHints":{"allow":["GET"]}}],"collection":[{"href":"https:\/\/cdnoticias.com\/index.php\/wp-json\/wp\/v2\/posts"}],"about":[{"href":"https:\/\/cdnoticias.com\/index.php\/wp-json\/wp\/v2\/types\/post"}],"author":[{"embeddable":true,"href":"https:\/\/cdnoticias.com\/index.php\/wp-json\/wp\/v2\/users\/4"}],"replies":[{"embeddable":true,"href":"https:\/\/cdnoticias.com\/index.php\/wp-json\/wp\/v2\/comments?post=38116"}],"version-history":[{"count":0,"href":"https:\/\/cdnoticias.com\/index.php\/wp-json\/wp\/v2\/posts\/38116\/revisions"}],"wp:featuredmedia":[{"embeddable":true,"href":"https:\/\/cdnoticias.com\/index.php\/wp-json\/wp\/v2\/media\/37518"}],"wp:attachment":[{"href":"https:\/\/cdnoticias.com\/index.php\/wp-json\/wp\/v2\/media?parent=38116"}],"wp:term":[{"taxonomy":"category","embeddable":true,"href":"https:\/\/cdnoticias.com\/index.php\/wp-json\/wp\/v2\/categories?post=38116"},{"taxonomy":"post_tag","embeddable":true,"href":"https:\/\/cdnoticias.com\/index.php\/wp-json\/wp\/v2\/tags?post=38116"}],"curies":[{"name":"wp","href":"https:\/\/api.w.org\/{rel}","templated":true}]}}