{"id":38102,"date":"2021-11-08T18:52:10","date_gmt":"2021-11-08T21:52:10","guid":{"rendered":"http:\/\/www.centraldenoticias.com.ar\/?p=38102"},"modified":"2021-11-08T18:52:10","modified_gmt":"2021-11-08T21:52:10","slug":"la-facultad-de-salud-brinda-controles-basicos-de-salud-en-los-vacunatorios-locales","status":"publish","type":"post","link":"https:\/\/cdnoticias.com\/index.php\/2021\/11\/08\/la-facultad-de-salud-brinda-controles-basicos-de-salud-en-los-vacunatorios-locales\/","title":{"rendered":"La Facultad de Salud brinda controles b\u00e1sicos de salud en los vacunatorios locales"},"content":{"rendered":"<p>La actividad se enmarca en una nueva edici\u00f3n de la \u201cSemana Nacional de la Ciencia, la Tecnolog\u00eda y el Arte Cient\u00edfico\u201d que se conmemora del 8 al 12 de noviembre.<!--more--><\/p>\n<hr \/>\n<p>En el marco de la XIX edici\u00f3n de <strong>\u201cSemana Nacional de la Ciencia, la Tecnolog\u00eda y el Arte Cient\u00edfico\u201d desde el 8 al 12 de noviembre,<\/strong> la Facultad de Ciencias de la Salud a trav\u00e9s de la carrera de Enfermer\u00eda, brinda a la comunidad en general una &#8220;Posta de salud: tu cuerpo te da se\u00f1ales&#8221;.<\/p>\n<p>&nbsp;<\/p>\n<p>Se realizan gratuitamente controles de<strong> tensi\u00f3n arterial, glucemia y colestero<\/strong>l, en los tres lugares habilitados actualmente para vacunaci\u00f3n Covid:<\/p>\n<p>&nbsp;<\/p>\n<p>&#8211;<strong>Vacunatorio Servicio Territorial N\u00ba 2 <\/strong>(Coronel Su\u00e1rez y Avenida Alberdi)<\/p>\n<p>&nbsp;<\/p>\n<p><strong>-Vacunatorio Centro Cultural Universitario<\/strong> (San Mart\u00edn 1955)<\/p>\n<p>&nbsp;<\/p>\n<p><strong>-Vacunatorio\u00a0 SUM de la Facultad de Salud<\/strong> (Merlo entre avenida Pringles y 9 de Julio)<\/p>\n<p>&nbsp;<\/p>\n<p><img data-recalc-dims=\"1\" loading=\"lazy\" decoding=\"async\" class=\"alignnone size-large wp-image-38103\" src=\"https:\/\/i0.wp.com\/cdnoticias.com\/wp-content\/uploads\/2021\/11\/SemanaCiencia2021.jpg?resize=730%2C1024&#038;ssl=1\" alt=\"\" width=\"730\" height=\"1024\" srcset=\"https:\/\/i0.wp.com\/cdnoticias.com\/wp-content\/uploads\/2021\/11\/SemanaCiencia2021.jpg?resize=730%2C1024&amp;ssl=1 730w, https:\/\/i0.wp.com\/cdnoticias.com\/wp-content\/uploads\/2021\/11\/SemanaCiencia2021.jpg?resize=214%2C300&amp;ssl=1 214w, https:\/\/i0.wp.com\/cdnoticias.com\/wp-content\/uploads\/2021\/11\/SemanaCiencia2021.jpg?resize=768%2C1077&amp;ssl=1 768w, https:\/\/i0.wp.com\/cdnoticias.com\/wp-content\/uploads\/2021\/11\/SemanaCiencia2021.jpg?w=1600&amp;ssl=1 1600w, https:\/\/i0.wp.com\/cdnoticias.com\/wp-content\/uploads\/2021\/11\/SemanaCiencia2021.jpg?w=2400&amp;ssl=1 2400w\" sizes=\"auto, (max-width: 730px) 100vw, 730px\" \/><\/p>\n<p>&nbsp;<\/p>\n<p>La <strong>Semana Nacional de la Ciencia<\/strong> es una acci\u00f3n de divulgaci\u00f3n donde el Ministerio de Ciencia, Tecnolog\u00eda e Innovaci\u00f3n a trav\u00e9s de la Direcci\u00f3n de Articulaci\u00f3n y Contenidos Audiovisuales, donde convoca a instituciones de todo el pa\u00eds que est\u00e9n relacionadas al universo de la ciencia y la tecnolog\u00eda, a que durante una semana abran las puertas del mundo de la ciencia y la tecnolog\u00eda a lo largo y ancho de todo el pa\u00eds.<\/p>\n<p>&nbsp;<\/p>\n<p>La comunidad cient\u00edfica realizar\u00e1 propuestas de todo tipo e invitar\u00e1n a participar de <strong>actividades gratuitas.<\/strong><\/p>\n<p>&nbsp;<\/p>\n","protected":false},"excerpt":{"rendered":"<p>La actividad se enmarca en una nueva edici\u00f3n de la \u201cSemana Nacional de la Ciencia, la Tecnolog\u00eda y el Arte<\/p>\n","protected":false},"author":5,"featured_media":1085,"comment_status":"closed","ping_status":"closed","sticky":false,"template":"","format":"standard","meta":{"_jetpack_memberships_contains_paid_content":false,"footnotes":""},"categories":[5,1],"tags":[],"class_list":["post-38102","post","type-post","status-publish","format-standard","has-post-thumbnail","hentry","category-informacion-general","category-portada"],"jetpack_featured_media_url":"https:\/\/i0.wp.com\/cdnoticias.com\/wp-content\/uploads\/2020\/09\/WhatsApp-Image-2020-09-08-at-19.08.01.jpeg?fit=868%2C653&ssl=1","jetpack_sharing_enabled":true,"_links":{"self":[{"href":"https:\/\/cdnoticias.com\/index.php\/wp-json\/wp\/v2\/posts\/38102","targetHints":{"allow":["GET"]}}],"collection":[{"href":"https:\/\/cdnoticias.com\/index.php\/wp-json\/wp\/v2\/posts"}],"about":[{"href":"https:\/\/cdnoticias.com\/index.php\/wp-json\/wp\/v2\/types\/post"}],"author":[{"embeddable":true,"href":"https:\/\/cdnoticias.com\/index.php\/wp-json\/wp\/v2\/users\/5"}],"replies":[{"embeddable":true,"href":"https:\/\/cdnoticias.com\/index.php\/wp-json\/wp\/v2\/comments?post=38102"}],"version-history":[{"count":0,"href":"https:\/\/cdnoticias.com\/index.php\/wp-json\/wp\/v2\/posts\/38102\/revisions"}],"wp:featuredmedia":[{"embeddable":true,"href":"https:\/\/cdnoticias.com\/index.php\/wp-json\/wp\/v2\/media\/1085"}],"wp:attachment":[{"href":"https:\/\/cdnoticias.com\/index.php\/wp-json\/wp\/v2\/media?parent=38102"}],"wp:term":[{"taxonomy":"category","embeddable":true,"href":"https:\/\/cdnoticias.com\/index.php\/wp-json\/wp\/v2\/categories?post=38102"},{"taxonomy":"post_tag","embeddable":true,"href":"https:\/\/cdnoticias.com\/index.php\/wp-json\/wp\/v2\/tags?post=38102"}],"curies":[{"name":"wp","href":"https:\/\/api.w.org\/{rel}","templated":true}]}}