{"id":38090,"date":"2021-11-08T16:14:38","date_gmt":"2021-11-08T19:14:38","guid":{"rendered":"http:\/\/www.centraldenoticias.com.ar\/?p=38090"},"modified":"2021-11-08T16:14:38","modified_gmt":"2021-11-08T19:14:38","slug":"susana-haydee-carmona-viuda-de-di-marco-chiquita-q-e-p-d","status":"publish","type":"post","link":"https:\/\/cdnoticias.com\/index.php\/2021\/11\/08\/susana-haydee-carmona-viuda-de-di-marco-chiquita-q-e-p-d\/","title":{"rendered":"Susana Haydee Carmona viuda de Di Marco &#8220;Chiquita&#8221; (Q.E.P.D.)"},"content":{"rendered":"<p>Falleci\u00f3 en Olavarr\u00eda el d\u00eda 8 de noviembre de 2021 a los 77 a\u00f1os de edad. Su hijo: Gustavo Di Marco. Su hija pol\u00edtica: Roxana Marquestau. Sus nietos: Mateo y Joel. Su hermana: Lilian Carmona. Su hermano pol\u00edtico: Abel Fiscella. Sus sobrinos: D\u00e9bora, Emanuel, Gabriela, Maricel y Alejandro. Sus sobrinos pol\u00edticos: Mariano Moreira y Luciana Evangelina Petrone y dem\u00e1s deudos participan su fallecimiento.<\/p>\n<p>&nbsp;<\/p>\n<p>Velatorio:\u00a0Sala &#8220;D&#8221; de Espa\u00f1a 2942, comienza 6:30. Responso:\u00a0Capilla Ardiente. Inhumaci\u00f3n: Loma de Paz, martes 9 de noviembre a las 10:30. Servicio adherido a Coopelectric.<\/p>\n<p>Barrio en el que viv\u00eda: Hip\u00f3lito Irigoyen.<\/p>\n<p>Lugar de nacimiento: Olavarr\u00eda.<\/p>\n<p>Actividad que desarrollaba: Jubilada y Pensionada.<\/p>\n","protected":false},"excerpt":{"rendered":"<p>Falleci\u00f3 en Olavarr\u00eda el d\u00eda 8 de noviembre de 2021 a los 77 a\u00f1os de edad. Su hijo: Gustavo Di<\/p>\n","protected":false},"author":6,"featured_media":0,"comment_status":"closed","ping_status":"closed","sticky":false,"template":"","format":"standard","meta":{"_jetpack_memberships_contains_paid_content":false,"footnotes":""},"categories":[10],"tags":[],"class_list":["post-38090","post","type-post","status-publish","format-standard","hentry","category-necrologicas"],"jetpack_featured_media_url":"","jetpack_sharing_enabled":true,"_links":{"self":[{"href":"https:\/\/cdnoticias.com\/index.php\/wp-json\/wp\/v2\/posts\/38090","targetHints":{"allow":["GET"]}}],"collection":[{"href":"https:\/\/cdnoticias.com\/index.php\/wp-json\/wp\/v2\/posts"}],"about":[{"href":"https:\/\/cdnoticias.com\/index.php\/wp-json\/wp\/v2\/types\/post"}],"author":[{"embeddable":true,"href":"https:\/\/cdnoticias.com\/index.php\/wp-json\/wp\/v2\/users\/6"}],"replies":[{"embeddable":true,"href":"https:\/\/cdnoticias.com\/index.php\/wp-json\/wp\/v2\/comments?post=38090"}],"version-history":[{"count":0,"href":"https:\/\/cdnoticias.com\/index.php\/wp-json\/wp\/v2\/posts\/38090\/revisions"}],"wp:attachment":[{"href":"https:\/\/cdnoticias.com\/index.php\/wp-json\/wp\/v2\/media?parent=38090"}],"wp:term":[{"taxonomy":"category","embeddable":true,"href":"https:\/\/cdnoticias.com\/index.php\/wp-json\/wp\/v2\/categories?post=38090"},{"taxonomy":"post_tag","embeddable":true,"href":"https:\/\/cdnoticias.com\/index.php\/wp-json\/wp\/v2\/tags?post=38090"}],"curies":[{"name":"wp","href":"https:\/\/api.w.org\/{rel}","templated":true}]}}