{"id":38089,"date":"2021-11-08T17:27:00","date_gmt":"2021-11-08T20:27:00","guid":{"rendered":"http:\/\/www.centraldenoticias.com.ar\/?p=38089"},"modified":"2021-11-08T21:02:54","modified_gmt":"2021-11-09T00:02:54","slug":"reunion-con-diferentes-actores-tras-el-ataque-a-la-escuela-80","status":"publish","type":"post","link":"https:\/\/cdnoticias.com\/index.php\/2021\/11\/08\/reunion-con-diferentes-actores-tras-el-ataque-a-la-escuela-80\/","title":{"rendered":"Reuni\u00f3n con diferentes actores tras el ataque a la Escuela 80"},"content":{"rendered":"<p>Fue pautada para la ma\u00f1ana de este martes. El dictado de clases de este lunes se vio afectado por los da\u00f1os y destrozos.<!--more--><\/p>\n<hr \/>\n<p>En el cierre de la tarde del \u00faltimo domingo <a href=\"https:\/\/cdnoticias.com\/index.php\/2021\/11\/07\/importantes-danos-y-destrozos-en-la-escuela-80-tras-un-ataque-vandalico\/\" target=\"_blank\" rel=\"noopener\">un grupo de personas irrumpi\u00f3 en la Escuela 80 del barrio CECO y destroz\u00f3 todo lo que hall\u00f3 a su paso<\/a>. Vidrios, pupitres, sillas, muebles y la mamposter\u00eda del establecimiento educativo. <strong>Inclusive pudo verse material did\u00e1ctico arrojado por distintas partes<\/strong>.<\/p>\n<p>&nbsp;<\/p>\n<p>En el interior todo fue destrozos y desorden, un escenario que cuesta describir y, m\u00e1s a\u00fan, comprender. <em><strong>Central de Noticias<\/strong> <\/em>dialog\u00f3 con referentes barriales que recorrieron la escena y quienes ratificaron que<strong> los episodios vand\u00e1licos estaban siendo cada vez m\u00e1s frecuentes, pero ninguno de semejante gravedad y dimensi\u00f3n<\/strong>.<\/p>\n<p>&nbsp;<\/p>\n<p>[soliloquy id=&#8221;38031&#8243;]<\/p>\n<p>&nbsp;<\/p>\n<p>El dato que logr\u00f3 conocer este portal es que<strong> diversos actores se reunir\u00e1n este martes desde las 9 para ahondar en lo sucedido y, principalmente, establecer c\u00f3mo seguir de ahora en m\u00e1s<\/strong>. Se espera por el arribo de autoridades y referentes del Consejo Escolar, adem\u00e1s del Ejecutivo local. Se especula con la presencia del ministro de Desarrollo Social y Calidad de Vida, Diego Robbiani, adem\u00e1s de referentes del \u00e1rea de Seguridad, que tiene como titular a Daniel Borra.<\/p>\n<p>&nbsp;<\/p>\n<p>Asimismo, adem\u00e1s de integrantes de la comunidad educativa, tomar\u00edan parte activa tambi\u00e9n referentes barriales, de la polic\u00eda y otros actores locales. Por \u00faltimo, vale dar cuenta que <strong>por el tenor de los da\u00f1os este lunes debi\u00f3 cancelarse el dictado de clases en el establecimiento<\/strong>.<\/p>\n","protected":false},"excerpt":{"rendered":"<p>Fue pautada para la ma\u00f1ana de este martes. El dictado de clases de este lunes se vio afectado por los<\/p>\n","protected":false},"author":3,"featured_media":38034,"comment_status":"closed","ping_status":"closed","sticky":false,"template":"","format":"standard","meta":{"_jetpack_memberships_contains_paid_content":false,"footnotes":""},"categories":[5,1],"tags":[],"class_list":["post-38089","post","type-post","status-publish","format-standard","has-post-thumbnail","hentry","category-informacion-general","category-portada"],"jetpack_featured_media_url":"https:\/\/i0.wp.com\/cdnoticias.com\/wp-content\/uploads\/2021\/11\/WhatsApp-Image-2021-11-07-at-21.59.39-1.jpeg?fit=1032%2C774&ssl=1","jetpack_sharing_enabled":true,"_links":{"self":[{"href":"https:\/\/cdnoticias.com\/index.php\/wp-json\/wp\/v2\/posts\/38089","targetHints":{"allow":["GET"]}}],"collection":[{"href":"https:\/\/cdnoticias.com\/index.php\/wp-json\/wp\/v2\/posts"}],"about":[{"href":"https:\/\/cdnoticias.com\/index.php\/wp-json\/wp\/v2\/types\/post"}],"author":[{"embeddable":true,"href":"https:\/\/cdnoticias.com\/index.php\/wp-json\/wp\/v2\/users\/3"}],"replies":[{"embeddable":true,"href":"https:\/\/cdnoticias.com\/index.php\/wp-json\/wp\/v2\/comments?post=38089"}],"version-history":[{"count":0,"href":"https:\/\/cdnoticias.com\/index.php\/wp-json\/wp\/v2\/posts\/38089\/revisions"}],"wp:featuredmedia":[{"embeddable":true,"href":"https:\/\/cdnoticias.com\/index.php\/wp-json\/wp\/v2\/media\/38034"}],"wp:attachment":[{"href":"https:\/\/cdnoticias.com\/index.php\/wp-json\/wp\/v2\/media?parent=38089"}],"wp:term":[{"taxonomy":"category","embeddable":true,"href":"https:\/\/cdnoticias.com\/index.php\/wp-json\/wp\/v2\/categories?post=38089"},{"taxonomy":"post_tag","embeddable":true,"href":"https:\/\/cdnoticias.com\/index.php\/wp-json\/wp\/v2\/tags?post=38089"}],"curies":[{"name":"wp","href":"https:\/\/api.w.org\/{rel}","templated":true}]}}