{"id":38084,"date":"2021-11-08T16:08:23","date_gmt":"2021-11-08T19:08:23","guid":{"rendered":"http:\/\/www.centraldenoticias.com.ar\/?p=38084"},"modified":"2021-11-08T16:08:23","modified_gmt":"2021-11-08T19:08:23","slug":"desde-este-lunes-ya-no-es-obligatorio-el-uso-de-barbijo-al-aire-libre-en-escuelas-bonaerenses","status":"publish","type":"post","link":"https:\/\/cdnoticias.com\/index.php\/2021\/11\/08\/desde-este-lunes-ya-no-es-obligatorio-el-uso-de-barbijo-al-aire-libre-en-escuelas-bonaerenses\/","title":{"rendered":"Desde este lunes ya no es obligatorio el uso de barbijo al aire libre en escuelas bonaerenses"},"content":{"rendered":"<div class=\"td_block_wrap tdb_single_subtitle tdi_72 td-pb-border-top td_block_template_1\" data-td-block-uid=\"tdi_72\">\n<div class=\"tdb-block-inner td-fix-index\">\n<p>La medida responde a que el 50% de los chicos de 3 a 17 a\u00f1os ya tiene al menos una dosis de la vacuna contra el coronavirus. Sigue siendo obligatorio en espacios cerrados.<\/p>\n<\/div>\n<\/div>\n<p><!--more--><\/p>\n<hr \/>\n<div class=\"td_block_wrap tdb_single_date tdi_73 td-pb-border-top td_block_template_1 tdb-post-meta\" data-td-block-uid=\"tdi_73\"><\/div>\n<div data-td-block-uid=\"tdi_73\">\n<p><strong>Estudiantes y docentes de todos los niveles educativos<\/strong> de la<strong> provincia de Buenos Aires<\/strong> podr\u00e1n desde este <strong>lunes dejar de usar tapabocas en los espacios abiertos<\/strong> de los <strong>establecimientos<\/strong>, al ser alcanzado el <strong>nivel de vacunaci\u00f3n del 50% de los menores de 17 con al menos una dosis<\/strong>, de acuerdo a una norma del Gobierno bonaerense. No obstante, su uso continuar\u00e1 siendo <strong>obligatorio en los espacios cerrados<\/strong>, as\u00ed como las restantes <strong>normas de cuidado<\/strong> en el contexto de la pandemia de coronavirus, seg\u00fan se record\u00f3 oficialmente.<\/p>\n<p>&nbsp;<\/p>\n<p>La medida hab\u00eda quedado establecida en la <strong>Resoluci\u00f3n Conjunta 366\/21 del Gobierno bonaerense<\/strong>, en la que se se\u00f1alaba que, \u201c<strong>una vez alcanzada una cobertura de vacunaci\u00f3n del 50% con al menos una dosis<\/strong> en la poblaci\u00f3n de <strong>3 a 17 a\u00f1os, no ser\u00e1 obligatorio el uso de tapabocas<\/strong> en los <strong>espacios abiertos de las escuelas\u201d.<\/strong> De este modo, a trav\u00e9s de un comunicado difundido este lunes, el <strong>Ministerio de Salud<\/strong> bonaerense inform\u00f3 que, alcanzada esa meta, en los establecimientos de <strong>todos los niveles educativos<\/strong> de la <strong>provincia de Buenos Aires<\/strong>, ya no ser\u00e1 necesario <strong>usar el tapabocas en los espacios al aire libre.<\/strong><\/p>\n<\/div>\n<p>&nbsp;<\/p>\n<p>En este sentido, la cartera de Salud provincial explic\u00f3 que el distrito <strong>\u201csuper\u00f3 el 50% de vacunados y vacunadas menores de 18 a\u00f1os<\/strong>, con <strong>2.206.543 primeras dosis aplicadas<\/strong> en<strong> poblaci\u00f3n de 3 a 17 a\u00f1os<\/strong> sobre un total de <strong>4.233.123<\/strong>\u201d. Esa cifra <strong>\u201crepresenta el 52,1%<\/strong> (del total), <strong>superando as\u00ed el l\u00edmite establecido del 50%<\/strong> por la Resoluci\u00f3n Conjunta 366-21, firmada por la Direcci\u00f3n General de Cultura y Educaci\u00f3n, el Ministerio de Salud y el Ministerio de Jefatura de Gabinete de Ministros, para habilitar la posibilidad de <strong>no utilizar barbijos al aire libre<\/strong> <strong>dentro de las escuelas<\/strong>\u201d.<\/p>\n<p>&nbsp;<\/p>\n<p>\u201cA menos de <strong>tres meses de haber comenzado la campa\u00f1a de vacunaci\u00f3n en menores de 17 a\u00f1os,<\/strong> y a menos de un mes de haberse<strong> extendido a menores de 12 hasta 3 a\u00f1os<\/strong>, el <strong>Ministerio de Salud de la Provincia de Buenos Aires<\/strong> tiene el agrado de comunicar que se ha cumplido con el hito correspondiente a la <strong>cobertura de vacunaci\u00f3n del 50% de la poblaci\u00f3n entre 3 y 17 a\u00f1os\u201d<\/strong>, indic\u00f3 la cartera de Salud bonaerense en el comunicado difundido esta ma\u00f1ana. La cifra alcanzada permite \u201cejecutar la medida para que nuestras chicas y chicos <strong>menores de 18 a\u00f1os puedan elegir no usar el tapabocas al aire libre en el \u00e1mbito escolar<\/strong>\u201d, sostuvo el comunicado.<\/p>\n<p>&nbsp;<\/p>\n<p><em>Fuente: DIB\u00a0<\/em><\/p>\n","protected":false},"excerpt":{"rendered":"<p>La medida responde a que el 50% de los chicos de 3 a 17 a\u00f1os ya tiene al menos una<\/p>\n","protected":false},"author":6,"featured_media":3454,"comment_status":"closed","ping_status":"closed","sticky":false,"template":"","format":"standard","meta":{"_jetpack_memberships_contains_paid_content":false,"footnotes":""},"categories":[6,1],"tags":[],"class_list":["post-38084","post","type-post","status-publish","format-standard","has-post-thumbnail","hentry","category-nacionales","category-portada"],"jetpack_featured_media_url":"https:\/\/i0.wp.com\/cdnoticias.com\/wp-content\/uploads\/2020\/10\/Nuevo-paisaje.jpg?fit=2500%2C1373&ssl=1","jetpack_sharing_enabled":true,"_links":{"self":[{"href":"https:\/\/cdnoticias.com\/index.php\/wp-json\/wp\/v2\/posts\/38084","targetHints":{"allow":["GET"]}}],"collection":[{"href":"https:\/\/cdnoticias.com\/index.php\/wp-json\/wp\/v2\/posts"}],"about":[{"href":"https:\/\/cdnoticias.com\/index.php\/wp-json\/wp\/v2\/types\/post"}],"author":[{"embeddable":true,"href":"https:\/\/cdnoticias.com\/index.php\/wp-json\/wp\/v2\/users\/6"}],"replies":[{"embeddable":true,"href":"https:\/\/cdnoticias.com\/index.php\/wp-json\/wp\/v2\/comments?post=38084"}],"version-history":[{"count":0,"href":"https:\/\/cdnoticias.com\/index.php\/wp-json\/wp\/v2\/posts\/38084\/revisions"}],"wp:featuredmedia":[{"embeddable":true,"href":"https:\/\/cdnoticias.com\/index.php\/wp-json\/wp\/v2\/media\/3454"}],"wp:attachment":[{"href":"https:\/\/cdnoticias.com\/index.php\/wp-json\/wp\/v2\/media?parent=38084"}],"wp:term":[{"taxonomy":"category","embeddable":true,"href":"https:\/\/cdnoticias.com\/index.php\/wp-json\/wp\/v2\/categories?post=38084"},{"taxonomy":"post_tag","embeddable":true,"href":"https:\/\/cdnoticias.com\/index.php\/wp-json\/wp\/v2\/tags?post=38084"}],"curies":[{"name":"wp","href":"https:\/\/api.w.org\/{rel}","templated":true}]}}