{"id":38079,"date":"2021-11-08T14:04:59","date_gmt":"2021-11-08T17:04:59","guid":{"rendered":"http:\/\/www.centraldenoticias.com.ar\/?p=38079"},"modified":"2021-11-08T14:04:59","modified_gmt":"2021-11-08T17:04:59","slug":"la-candidata-carolina-castro-en-una-charla-con-vecinos-en-pleno-centro","status":"publish","type":"post","link":"https:\/\/cdnoticias.com\/index.php\/2021\/11\/08\/la-candidata-carolina-castro-en-una-charla-con-vecinos-en-pleno-centro\/","title":{"rendered":"La candidata Carolina Castro, en una charla con vecinos en pleno centro"},"content":{"rendered":"<p>Vamos con Vos organiz\u00f3 un encuentro cara a cara en la plaza central con la segunda candidata a diputada nacional. \u00a0Variedad de planteos ante un p\u00fablico heterog\u00e9neo.<!--more--><\/p>\n<hr \/>\n<p>El <strong>frente Vamos con Vos<\/strong> volvi\u00f3 a mostrarse en una actividad de campa\u00f1a de cara a las Legislativas: <strong>la segunda candidata a diputada nacional, Carolina Castro, charl\u00f3 con vecinos<\/strong>.<\/p>\n<p>&nbsp;<\/p>\n<p>Fue<strong> este mediod\u00eda en la plaza central<\/strong> donde se mont\u00f3 un espacio para el encuentro al que <strong>asisti\u00f3 una veintena de vecinos<\/strong>.<\/p>\n<p>&nbsp;<\/p>\n<p><img data-recalc-dims=\"1\" loading=\"lazy\" decoding=\"async\" class=\"size-large wp-image-38077 aligncenter\" src=\"https:\/\/i0.wp.com\/cdnoticias.com\/wp-content\/uploads\/2021\/11\/carolina-castro-5.jpg?resize=800%2C445&#038;ssl=1\" alt=\"\" width=\"800\" height=\"445\" srcset=\"https:\/\/i0.wp.com\/cdnoticias.com\/wp-content\/uploads\/2021\/11\/carolina-castro-5.jpg?resize=1024%2C570&amp;ssl=1 1024w, https:\/\/i0.wp.com\/cdnoticias.com\/wp-content\/uploads\/2021\/11\/carolina-castro-5.jpg?resize=300%2C167&amp;ssl=1 300w, https:\/\/i0.wp.com\/cdnoticias.com\/wp-content\/uploads\/2021\/11\/carolina-castro-5.jpg?resize=768%2C427&amp;ssl=1 768w, https:\/\/i0.wp.com\/cdnoticias.com\/wp-content\/uploads\/2021\/11\/carolina-castro-5.jpg?resize=800%2C445&amp;ssl=1 800w, https:\/\/i0.wp.com\/cdnoticias.com\/wp-content\/uploads\/2021\/11\/carolina-castro-5.jpg?w=1600&amp;ssl=1 1600w\" sizes=\"auto, (max-width: 800px) 100vw, 800px\" \/><\/p>\n<p>&nbsp;<\/p>\n<p>Presentaron una <strong>interesante variedad de planteos ante un p\u00fablico heterog\u00e9neo,<\/strong> con referentes de algunos sectores y personas particulares, a las que Castro fue respondiendo. Se habl\u00f3 de demandas puntuales, como los <em>excesivos cobros de algunas tasas, la falta de coherencia entre ciertas legislaciones nacionales y locales, la p\u00e9rdida de poder adquisitivo y la afectaci\u00f3n a jubilados, la creaci\u00f3n de empleo y la contrataci\u00f3n de j\u00f3venes<\/em>, entre otros.<\/p>\n<p>&nbsp;<\/p>\n<p>La candidata enfatiz\u00f3 en la<strong> importancia del voto en las elecciones y la necesidad de \u201cdiversidad\u201d en los cuerpos legislativos<\/strong> nacional, provincial y municipal.<\/p>\n<p>&nbsp;<\/p>\n<p>Estuvieron tambi\u00e9n los primeros <strong>candidatos a concejales de Vamos con Vos en Olavarr\u00eda, Andrea Coronel y Daniel Demelli<\/strong>, as\u00ed como la<strong> candidata seccional, Maricel Cides<\/strong>.<\/p>\n<p><img data-recalc-dims=\"1\" loading=\"lazy\" decoding=\"async\" class=\"size-large wp-image-38078 aligncenter\" src=\"https:\/\/i0.wp.com\/cdnoticias.com\/wp-content\/uploads\/2021\/11\/carolina-castro-6.jpg?resize=800%2C445&#038;ssl=1\" alt=\"\" width=\"800\" height=\"445\" srcset=\"https:\/\/i0.wp.com\/cdnoticias.com\/wp-content\/uploads\/2021\/11\/carolina-castro-6.jpg?resize=1024%2C570&amp;ssl=1 1024w, https:\/\/i0.wp.com\/cdnoticias.com\/wp-content\/uploads\/2021\/11\/carolina-castro-6.jpg?resize=300%2C167&amp;ssl=1 300w, https:\/\/i0.wp.com\/cdnoticias.com\/wp-content\/uploads\/2021\/11\/carolina-castro-6.jpg?resize=768%2C427&amp;ssl=1 768w, https:\/\/i0.wp.com\/cdnoticias.com\/wp-content\/uploads\/2021\/11\/carolina-castro-6.jpg?resize=800%2C445&amp;ssl=1 800w, https:\/\/i0.wp.com\/cdnoticias.com\/wp-content\/uploads\/2021\/11\/carolina-castro-6.jpg?w=1600&amp;ssl=1 1600w\" sizes=\"auto, (max-width: 800px) 100vw, 800px\" \/><\/p>\n","protected":false},"excerpt":{"rendered":"<p>Vamos con Vos organiz\u00f3 un encuentro cara a cara en la plaza central con la segunda candidata a diputada nacional.<\/p>\n","protected":false},"author":4,"featured_media":38076,"comment_status":"closed","ping_status":"closed","sticky":false,"template":"","format":"standard","meta":{"_jetpack_memberships_contains_paid_content":false,"footnotes":""},"categories":[17,1],"tags":[],"class_list":["post-38079","post","type-post","status-publish","format-standard","has-post-thumbnail","hentry","category-elecciones-2021","category-portada"],"jetpack_featured_media_url":"https:\/\/i0.wp.com\/cdnoticias.com\/wp-content\/uploads\/2021\/11\/carolina-castro-4.jpg?fit=1600%2C890&ssl=1","jetpack_sharing_enabled":true,"_links":{"self":[{"href":"https:\/\/cdnoticias.com\/index.php\/wp-json\/wp\/v2\/posts\/38079","targetHints":{"allow":["GET"]}}],"collection":[{"href":"https:\/\/cdnoticias.com\/index.php\/wp-json\/wp\/v2\/posts"}],"about":[{"href":"https:\/\/cdnoticias.com\/index.php\/wp-json\/wp\/v2\/types\/post"}],"author":[{"embeddable":true,"href":"https:\/\/cdnoticias.com\/index.php\/wp-json\/wp\/v2\/users\/4"}],"replies":[{"embeddable":true,"href":"https:\/\/cdnoticias.com\/index.php\/wp-json\/wp\/v2\/comments?post=38079"}],"version-history":[{"count":0,"href":"https:\/\/cdnoticias.com\/index.php\/wp-json\/wp\/v2\/posts\/38079\/revisions"}],"wp:featuredmedia":[{"embeddable":true,"href":"https:\/\/cdnoticias.com\/index.php\/wp-json\/wp\/v2\/media\/38076"}],"wp:attachment":[{"href":"https:\/\/cdnoticias.com\/index.php\/wp-json\/wp\/v2\/media?parent=38079"}],"wp:term":[{"taxonomy":"category","embeddable":true,"href":"https:\/\/cdnoticias.com\/index.php\/wp-json\/wp\/v2\/categories?post=38079"},{"taxonomy":"post_tag","embeddable":true,"href":"https:\/\/cdnoticias.com\/index.php\/wp-json\/wp\/v2\/tags?post=38079"}],"curies":[{"name":"wp","href":"https:\/\/api.w.org\/{rel}","templated":true}]}}