{"id":38071,"date":"2021-11-08T13:43:01","date_gmt":"2021-11-08T16:43:01","guid":{"rendered":"http:\/\/www.centraldenoticias.com.ar\/?p=38071"},"modified":"2021-11-08T16:24:55","modified_gmt":"2021-11-08T19:24:55","slug":"aoma-intimo-a-loma-negra-al-pago-de-un-bono-extraordinario-por-la-pandemia","status":"publish","type":"post","link":"https:\/\/cdnoticias.com\/index.php\/2021\/11\/08\/aoma-intimo-a-loma-negra-al-pago-de-un-bono-extraordinario-por-la-pandemia\/","title":{"rendered":"AOMA intim\u00f3 a Loma Negra al pago de un bono extraordinario por la pandemia"},"content":{"rendered":"<p>Alejandro Santill\u00e1n denunci\u00f3 que no todos los trabajadores lo percibieron y quienes s\u00ed lo hicieron, el bono no se vio reflejado en el aguinaldo, dado que le pago fue \u201cremunerativo\u201d. Buscar\u00e1n llegar a un acuerdo antes de tomar medidas de fuerza.\u00a0<!--more--><\/p>\n<hr \/>\n<p>Este lunes en conferencia de prensa,<strong> el secretario general de AOMA Olavarr\u00eda, Alejandro Santill\u00e1n, intim\u00f3 p\u00fablicamente a Loma Negra al pago de un bono extraordinario a los trabajadores de la empresa por la pandemia, dado que algunos lo percibieron, otros no, y al ser remunerativo deber\u00eda verse reflejado en el medio aguinaldo, situaci\u00f3n que no sucedi\u00f3.<\/strong><\/p>\n<p>&nbsp;<\/p>\n<blockquote><p>Incluso, por este nuevo conflicto el Ministerio de Trabajo mult\u00f3 a la empresa por este incumplimiento, pero seg\u00fan AOMA, Loma Negra no pag\u00f3 ni a los trabajadores ni tampoco la infracci\u00f3n estipulada por el organismo de Estado.<\/p><\/blockquote>\n<p>&nbsp;<\/p>\n<p>En di\u00e1logo con los medios, Santill\u00e1n explic\u00f3 que quisieron hacer p\u00fablico el hecho<em> \u201cno s\u00f3lo para los trabajadores mineros sino para que todos los vecinos, comerciantes, toda la gente de la localidad, la pol\u00edtica est\u00e9 sabiendo algo que venimos planteando desde fines del a\u00f1o pasado\u201d.<\/em><\/p>\n<p>&nbsp;<\/p>\n<p>Recalc\u00f3 que r\u00e1pidamente fueron considerados una actividad esencial <em>\u201cen una actividad mes a mes iba creciendo y mejoramos los porcentajes de producci\u00f3n. Eso nos motiv\u00f3 a nosotros dentro de nuestra actividad -dependiendo de la envergadura de la empresa- <strong>hablar con cada uno de los due\u00f1os y con las gerencias para ver si pod\u00edamos tener alguna especie de reconocimiento por el esfuerzo que ven\u00edamos haciendo con el tema del COVID<\/strong>\u201d.<\/em><\/p>\n<p>&nbsp;<\/p>\n<p><img data-recalc-dims=\"1\" loading=\"lazy\" decoding=\"async\" class=\"alignnone size-large wp-image-38065\" src=\"https:\/\/i0.wp.com\/cdnoticias.com\/wp-content\/uploads\/2021\/11\/santillan-aoma1.jpg?resize=800%2C445&#038;ssl=1\" alt=\"\" width=\"800\" height=\"445\" srcset=\"https:\/\/i0.wp.com\/cdnoticias.com\/wp-content\/uploads\/2021\/11\/santillan-aoma1.jpg?resize=1024%2C569&amp;ssl=1 1024w, https:\/\/i0.wp.com\/cdnoticias.com\/wp-content\/uploads\/2021\/11\/santillan-aoma1.jpg?resize=300%2C167&amp;ssl=1 300w, https:\/\/i0.wp.com\/cdnoticias.com\/wp-content\/uploads\/2021\/11\/santillan-aoma1.jpg?resize=768%2C427&amp;ssl=1 768w, https:\/\/i0.wp.com\/cdnoticias.com\/wp-content\/uploads\/2021\/11\/santillan-aoma1.jpg?resize=800%2C445&amp;ssl=1 800w, https:\/\/i0.wp.com\/cdnoticias.com\/wp-content\/uploads\/2021\/11\/santillan-aoma1.jpg?w=1152&amp;ssl=1 1152w\" sizes=\"auto, (max-width: 800px) 100vw, 800px\" \/><\/p>\n<p>&nbsp;<\/p>\n<p>Dej\u00f3 en claro que <strong>las pymes cementeras <em>\u201cfueron las primeras que acompa\u00f1aron la decisi\u00f3n\u201d<\/em><\/strong> con<em> \u201ctickets de mercader\u00eda, otros con premios o diferentes medidas para ser reconocidos\u201d.<\/em> Con el pasar del tiempo, solo quedaron las dos empresas m\u00e1s grandes:<strong><em> \u201ccon una de ellas pudimos dejar este premio efectivo todos los meses en una cifra importante, eso es para celebrar\u201d.<\/em><\/strong><\/p>\n<p>&nbsp;<\/p>\n<p>Con Loma Negra, en cambio, y seg\u00fan Santill\u00e1n<em> \u201cexplicamos much\u00edsimas veces los motivos del reconocimiento y siempre tuvimos una negativa\u201d.<\/em> Adem\u00e1s de sentirse <em>\u201cpoco reconocidos\u201d<\/em> los trabajadores de la empresa comenzaron<em> \u201ca no colaborar con las horas extras\u201d<\/em> y el gremialista se\u00f1al\u00f3 que <strong><em>\u201clamentablemente la firma Loma negra fue una de las empresas donde m\u00e1s compa\u00f1eros tuvimos que transitar esta enfermedad\u201d.<\/em><\/strong><\/p>\n<p>&nbsp;<\/p>\n<p>Finalmente, entre idas y vueltas <em>\u201cel CEO de Loma Negra, el se\u00f1or Faifman, confirm\u00f3 que nos iban a dar un premio a los colaboradores que constaba del valor del medio aguinaldo\u201d.<\/em> Eso gener\u00f3 alegr\u00eda dado que <em>\u201cadem\u00e1s de los trabajadores de AOMA, todos los trabajadores mal encuadrados en otros gremios iban a percibir este premio\u201d.<\/em> Hasta que <strong><em>\u201cnos encontramos que la resoluci\u00f3n de ese premio ten\u00eda algunas condiciones. Una era que aquellos que estaban incluidos en el DNU presidencial -m\u00e1s de 60 a\u00f1os, los que ten\u00edan alguna enfermedad preexistente- al no concurrir no se le iba a abonar y nos empez\u00f3 a hacer ruido\u201d.<\/em><\/strong><\/p>\n<p>&nbsp;<\/p>\n<p>Misma situaci\u00f3n los trabajadores administrativos que hac\u00edan home office. <em>\u201cEs tragic\u00f3mico, desacertado, dado que las decisiones de que trabajen desde sus casas era de la empresa\u201d<\/em> agreg\u00f3 Santill\u00e1n.<em> \u201cY despu\u00e9s lo que no es nuevo para nosotros es que los trabajadores de la firma Loma Negra, que son dirigentes y los compa\u00f1eros que est\u00e1n en las tercerizadas y son dirigentes de una manera unilateral la empresa resolvi\u00f3 no abonar\u201d.<\/em><\/p>\n<p>&nbsp;<\/p>\n<p>En el inicio del conflicto por el pago a todos los trabajadores, desde AOMA encontraron otro conflicto:<strong><em> \u201cAquellos compa\u00f1eros que s\u00ed le pagaron el valor del medio aguinaldo, se llam\u00f3 &#8216;premio reconocimiento Loma Negra al esfuerzo extra&#8217; y es remunerativo, la empresa no lo incluy\u00f3 en el aguinaldo\u201d.<\/em><\/strong><\/p>\n<p>&nbsp;<\/p>\n<blockquote><p>\u201cAh\u00ed mucha gente no lo cobr\u00f3 por una determinaci\u00f3n de Loma Negra y quienes lo cobraron fue mal liquidado. A esos trabajadores les falt\u00f3 dinero de sus salarios\u201d.<\/p><\/blockquote>\n<p>&nbsp;<\/p>\n<p>Tras plantear esta nueva situaci\u00f3n <em>\u201cnos enteramos que Loma Negra hace un papel pidi\u00e9ndole a los trabajadores que hab\u00edan cobrado que no reclamaran nada porque entend\u00edan que eso era un premio, que hab\u00eda hecho un esfuerzo Loma Negra para pagarlo y no ten\u00eda que estar incluido el aguinaldo. Algunos trabajadores lo firmaron y otros no\u2026\u201d<\/em> y eso motiv\u00f3 al <strong>gremio a ir al Ministerio de Trabajo a realizar una nueva presentaci\u00f3n<\/strong>: hubo un fallo en el que el organismo estatal hac\u00eda lugar al reclamo del gremio e intim\u00f3 a Loma Negra a corregir el \u00edtem.<\/p>\n<p>&nbsp;<\/p>\n<p><img data-recalc-dims=\"1\" loading=\"lazy\" decoding=\"async\" class=\"alignnone size-large wp-image-38064\" src=\"https:\/\/i0.wp.com\/cdnoticias.com\/wp-content\/uploads\/2021\/11\/santillan-aoma.jpg?resize=800%2C445&#038;ssl=1\" alt=\"\" width=\"800\" height=\"445\" srcset=\"https:\/\/i0.wp.com\/cdnoticias.com\/wp-content\/uploads\/2021\/11\/santillan-aoma.jpg?resize=1024%2C569&amp;ssl=1 1024w, https:\/\/i0.wp.com\/cdnoticias.com\/wp-content\/uploads\/2021\/11\/santillan-aoma.jpg?resize=300%2C167&amp;ssl=1 300w, https:\/\/i0.wp.com\/cdnoticias.com\/wp-content\/uploads\/2021\/11\/santillan-aoma.jpg?resize=768%2C427&amp;ssl=1 768w, https:\/\/i0.wp.com\/cdnoticias.com\/wp-content\/uploads\/2021\/11\/santillan-aoma.jpg?resize=800%2C445&amp;ssl=1 800w, https:\/\/i0.wp.com\/cdnoticias.com\/wp-content\/uploads\/2021\/11\/santillan-aoma.jpg?w=1152&amp;ssl=1 1152w\" sizes=\"auto, (max-width: 800px) 100vw, 800px\" \/><\/p>\n<p>&nbsp;<\/p>\n<blockquote><p>\u201cLa respuesta que dio la empresa es que no se iba a pagar, estaban convencidos que lo hab\u00edan dado por su propia determinaci\u00f3n. El Ministerio infraccion\u00f3 y no se corrigi\u00f3 el mal pago\u201d.<\/p><\/blockquote>\n<p>&nbsp;<\/p>\n<p><strong>Santill\u00e1n catalog\u00f3 la situaci\u00f3n de \u201cmuy sensible\u201d<\/strong> dado que <em>\u201cgente con 40 a\u00f1os y que ha dejado gran parte de su vida en la empresa, y que la empresa de esta manera los deja de lado\u201d.<\/em><\/p>\n<p>&nbsp;<\/p>\n<p>Confirm\u00f3 que Loma Negra recibi\u00f3 una multa que<em> \u201centendemos todav\u00eda no la ha pagado\u201d<\/em> y adem\u00e1s se\u00f1al\u00f3 que <strong><em>\u201cnos manifestaron que aquellos que crean que Loma Negra tiene que pagar nos invitan a ir a una instancia judicial\u201d<\/em><\/strong> que<em> \u201csabemos que son 4 o 5 a\u00f1os, con la presi\u00f3n que eso significa\u201d<\/em> entre otros.<\/p>\n<p>&nbsp;<\/p>\n<p>\u201c<strong><em>Ah\u00ed nos encontramos con la incoherencia de Loma Negra y necesitamos tambi\u00e9n de la opini\u00f3n p\u00fablica, de los vecinos, que entiendan que de ac\u00e1 a unos meses vamos a tomar una medida de fuerza\u201d<\/em><\/strong> y a continuaci\u00f3n dej\u00f3 en claro que <em>\u201cAOMA est\u00e1 muy lejos de querer un conflicto constante, pero es la tem\u00e1tica que recibimos en estos casi 9 a\u00f1os que me toca conducir. Vamos a reuniones privadas, vamos a reuniones administrativas o tenemos que terminar en una medida de fuerza o despu\u00e9s de 4 o 5 a\u00f1os los compa\u00f1eros empiezan a recibir el dinero\u201d.<\/em><\/p>\n<p>&nbsp;<\/p>\n<blockquote><p>\u201cLa realidad es que ese dinero que es muy elevado para quienes no han cobrado, y un porcentaje tambi\u00e9n importa para quienes recibieron el bono es dinero que nos falta en el bolsillo a los laburantes\u201d.<\/p><\/blockquote>\n<p>&nbsp;<\/p>\n<p>Santill\u00e1n agreg\u00f3 que <em>\u201csiempre voy a estar enfrentando a los que le meten la mano en el bolsillo a los trabajadores\u2026. Es poder adquisitivo que no tienen mis compa\u00f1eros para ir a una despensa, para comprarle zapatillas a un comercio, y ah\u00ed empezamos a ver que hay un abuso muy grande de parte de estas empresas. Es el dinero que hace mover gran parte de Olavarr\u00eda\u201d.<\/em><\/p>\n<p>&nbsp;<\/p>\n<p>Tras pedir a la comunidad que los acompa\u00f1e, pidi\u00f3 a Loma Negra que <em>\u201crecapacite, que cumpla con la ley como nosotros tenemos que cumplir cuando dictan la Conciliaci\u00f3n Obligatoria por Ley nos obliga a acatarla. Pero cuando el Ministerio da un fallo pareciera que ellos no est\u00e1n contemplados en la ley y que pueden hacer lo que quieren\u201d.<\/em><\/p>\n","protected":false},"excerpt":{"rendered":"<p>Alejandro Santill\u00e1n denunci\u00f3 que no todos los trabajadores lo percibieron y quienes s\u00ed lo hicieron, el bono no se vio<\/p>\n","protected":false},"author":2,"featured_media":38066,"comment_status":"closed","ping_status":"closed","sticky":false,"template":"","format":"standard","meta":{"_jetpack_memberships_contains_paid_content":false,"footnotes":""},"categories":[5,1],"tags":[],"class_list":["post-38071","post","type-post","status-publish","format-standard","has-post-thumbnail","hentry","category-informacion-general","category-portada"],"jetpack_featured_media_url":"https:\/\/i0.wp.com\/cdnoticias.com\/wp-content\/uploads\/2021\/11\/santillan-aoma2.jpg?fit=1152%2C640&ssl=1","jetpack_sharing_enabled":true,"_links":{"self":[{"href":"https:\/\/cdnoticias.com\/index.php\/wp-json\/wp\/v2\/posts\/38071","targetHints":{"allow":["GET"]}}],"collection":[{"href":"https:\/\/cdnoticias.com\/index.php\/wp-json\/wp\/v2\/posts"}],"about":[{"href":"https:\/\/cdnoticias.com\/index.php\/wp-json\/wp\/v2\/types\/post"}],"author":[{"embeddable":true,"href":"https:\/\/cdnoticias.com\/index.php\/wp-json\/wp\/v2\/users\/2"}],"replies":[{"embeddable":true,"href":"https:\/\/cdnoticias.com\/index.php\/wp-json\/wp\/v2\/comments?post=38071"}],"version-history":[{"count":0,"href":"https:\/\/cdnoticias.com\/index.php\/wp-json\/wp\/v2\/posts\/38071\/revisions"}],"wp:featuredmedia":[{"embeddable":true,"href":"https:\/\/cdnoticias.com\/index.php\/wp-json\/wp\/v2\/media\/38066"}],"wp:attachment":[{"href":"https:\/\/cdnoticias.com\/index.php\/wp-json\/wp\/v2\/media?parent=38071"}],"wp:term":[{"taxonomy":"category","embeddable":true,"href":"https:\/\/cdnoticias.com\/index.php\/wp-json\/wp\/v2\/categories?post=38071"},{"taxonomy":"post_tag","embeddable":true,"href":"https:\/\/cdnoticias.com\/index.php\/wp-json\/wp\/v2\/tags?post=38071"}],"curies":[{"name":"wp","href":"https:\/\/api.w.org\/{rel}","templated":true}]}}