{"id":38059,"date":"2021-11-08T10:31:29","date_gmt":"2021-11-08T13:31:29","guid":{"rendered":"http:\/\/www.centraldenoticias.com.ar\/?p=38059"},"modified":"2021-11-08T10:31:29","modified_gmt":"2021-11-08T13:31:29","slug":"de-locos-un-jugador-de-basquet-quiso-agredir-a-un-arbitro-olavarriense","status":"publish","type":"post","link":"https:\/\/cdnoticias.com\/index.php\/2021\/11\/08\/de-locos-un-jugador-de-basquet-quiso-agredir-a-un-arbitro-olavarriense\/","title":{"rendered":"De locos: Un jugador de b\u00e1squet quiso agredir a un \u00e1rbitro olavarriense"},"content":{"rendered":"<p>Andr\u00e9s \u00c1lvarez y David Su\u00e1rez fueron la dupla que arbitr\u00f3 en el partido entre Platense y Gimnasia por la 4\u00b0 fecha del Torneo Pre-Federal. El cotejo no finaliz\u00f3: un jugador visitante quiso agredir a uno de los olavarrienses.\u00a0<!--more--><\/p>\n<hr \/>\n<p><a href=\"http:\/\/centraldeportes.com.ar\/locura-en-el-pre-federal-quisieron-agredir-a-un-arbitro-olavarriense\/\" target=\"_blank\" rel=\"noopener\"><em><strong>Los hechos y el video con lo ocurrido en Central de Deportes, tu portal con todo el deporte de Olavarr\u00eda.\u00a0<\/strong><\/em><\/a><\/p>\n","protected":false},"excerpt":{"rendered":"<p>Andr\u00e9s \u00c1lvarez y David Su\u00e1rez fueron la dupla que arbitr\u00f3 en el partido entre Platense y Gimnasia por la 4\u00b0<\/p>\n","protected":false},"author":2,"featured_media":38060,"comment_status":"closed","ping_status":"closed","sticky":false,"template":"","format":"standard","meta":{"_jetpack_memberships_contains_paid_content":false,"footnotes":""},"categories":[5,1],"tags":[],"class_list":["post-38059","post","type-post","status-publish","format-standard","has-post-thumbnail","hentry","category-informacion-general","category-portada"],"jetpack_featured_media_url":"https:\/\/i0.wp.com\/cdnoticias.com\/wp-content\/uploads\/2021\/11\/jose-luis-pappalardi-1265768.jpg?fit=1280%2C720&ssl=1","jetpack_sharing_enabled":true,"_links":{"self":[{"href":"https:\/\/cdnoticias.com\/index.php\/wp-json\/wp\/v2\/posts\/38059","targetHints":{"allow":["GET"]}}],"collection":[{"href":"https:\/\/cdnoticias.com\/index.php\/wp-json\/wp\/v2\/posts"}],"about":[{"href":"https:\/\/cdnoticias.com\/index.php\/wp-json\/wp\/v2\/types\/post"}],"author":[{"embeddable":true,"href":"https:\/\/cdnoticias.com\/index.php\/wp-json\/wp\/v2\/users\/2"}],"replies":[{"embeddable":true,"href":"https:\/\/cdnoticias.com\/index.php\/wp-json\/wp\/v2\/comments?post=38059"}],"version-history":[{"count":0,"href":"https:\/\/cdnoticias.com\/index.php\/wp-json\/wp\/v2\/posts\/38059\/revisions"}],"wp:featuredmedia":[{"embeddable":true,"href":"https:\/\/cdnoticias.com\/index.php\/wp-json\/wp\/v2\/media\/38060"}],"wp:attachment":[{"href":"https:\/\/cdnoticias.com\/index.php\/wp-json\/wp\/v2\/media?parent=38059"}],"wp:term":[{"taxonomy":"category","embeddable":true,"href":"https:\/\/cdnoticias.com\/index.php\/wp-json\/wp\/v2\/categories?post=38059"},{"taxonomy":"post_tag","embeddable":true,"href":"https:\/\/cdnoticias.com\/index.php\/wp-json\/wp\/v2\/tags?post=38059"}],"curies":[{"name":"wp","href":"https:\/\/api.w.org\/{rel}","templated":true}]}}