{"id":38047,"date":"2021-11-08T08:51:14","date_gmt":"2021-11-08T11:51:14","guid":{"rendered":"http:\/\/www.centraldenoticias.com.ar\/?p=38047"},"modified":"2021-11-08T08:51:14","modified_gmt":"2021-11-08T11:51:14","slug":"siguen-las-actividades-por-el-118o-aniversario-de-loma-negra","status":"publish","type":"post","link":"https:\/\/cdnoticias.com\/index.php\/2021\/11\/08\/siguen-las-actividades-por-el-118o-aniversario-de-loma-negra\/","title":{"rendered":"Siguen las actividades por el 118\u00ba Aniversario de Loma Negra"},"content":{"rendered":"<p>A partir de este lunes Veteranos de Guerra izar\u00e1n la bandera en el monumento a Malvinas. El martes se har\u00e1n el acto protocolar y la segunda edici\u00f3n de la Caravana Aniversario.<!--more--><\/p>\n<hr \/>\n<p>La Delegaci\u00f3n Municipal -junto a todas las instituciones y agrupaciones de la localidad- organizaron<strong> una serie de eventos durante todo el mes, en el marco del 118\u00ba Aniversario de Loma Negra.\u00a0<\/strong><a href=\"https:\/\/cdnoticias.com\/index.php\/2021\/10\/30\/en-noviembre-villa-alfredo-fortabat-cumple-118-anos-y-habra-festejos-durante-todo-el-mes\/\" target=\"_blank\" rel=\"noopener\">Tal como se adelant\u00f3, comenzaron el pasado fin de semana<\/a> y se extender\u00e1n hasta diciembre.<\/p>\n<p>&nbsp;<\/p>\n<p><strong>A partir de este lunes y durante toda la semana, Veteranos de Guerra izar\u00e1n la ense\u00f1a nacional<\/strong> en el monumento a Malvinas.<\/p>\n<p>&nbsp;<\/p>\n<p><strong>El d\u00eda martes a las 11 horas, en la Plaza de la Eficiencia y el Trabajo, se llevar\u00e1 a cabo el acto protocolar<\/strong> para conmemorar el nuevo aniversario de la localidad, que contar\u00e1 con la participaci\u00f3n de autoridades municipales y de instituciones representativas de la comunidad.<\/p>\n<p>&nbsp;<\/p>\n<p><img data-recalc-dims=\"1\" loading=\"lazy\" decoding=\"async\" class=\"aligncenter wp-image-37145\" src=\"https:\/\/i0.wp.com\/cdnoticias.com\/wp-content\/uploads\/2021\/10\/WhatsApp-Image-2021-10-30-at-09.34.41-1.jpeg?resize=600%2C428&#038;ssl=1\" alt=\"\" width=\"600\" height=\"428\" srcset=\"https:\/\/i0.wp.com\/cdnoticias.com\/wp-content\/uploads\/2021\/10\/WhatsApp-Image-2021-10-30-at-09.34.41-1.jpeg?resize=1024%2C730&amp;ssl=1 1024w, https:\/\/i0.wp.com\/cdnoticias.com\/wp-content\/uploads\/2021\/10\/WhatsApp-Image-2021-10-30-at-09.34.41-1.jpeg?resize=300%2C214&amp;ssl=1 300w, https:\/\/i0.wp.com\/cdnoticias.com\/wp-content\/uploads\/2021\/10\/WhatsApp-Image-2021-10-30-at-09.34.41-1.jpeg?resize=768%2C547&amp;ssl=1 768w, https:\/\/i0.wp.com\/cdnoticias.com\/wp-content\/uploads\/2021\/10\/WhatsApp-Image-2021-10-30-at-09.34.41-1.jpeg?w=1152&amp;ssl=1 1152w\" sizes=\"auto, (max-width: 600px) 100vw, 600px\" \/><\/p>\n<p>&nbsp;<\/p>\n<p><strong>A las 18 horas, se desarrollar\u00e1 la segunda edici\u00f3n de la Caravana Aniversario<\/strong>, que tendr\u00e1 como punto de partida el Club Social y Deportivo Loma Negra.<\/p>\n<p>&nbsp;<\/p>\n<p><strong>El s\u00e1bado 13 de noviembre<\/strong>, a las 17 horas, en el Museo Hogar Loma Negra, tendr\u00e1 lugar la <strong>presentaci\u00f3n del libro \u201cRecuerdos y vivencias\u201d<\/strong> (Parte I y II) de Roberto \u201cTito\u201d Conte.<\/p>\n<p>&nbsp;<\/p>\n<p>Entre las actividades, se encuentra la <strong>Caminata Hist\u00f3rica por lugares emblem\u00e1ticos de la localidad y la Feria Artesanal en la Plaza Libertad<\/strong>. El cronograma finalizar\u00e1 con una nueva edici\u00f3n del \u201cD\u00eda de Hacer el Bien\u201d, organizada por la empresa Loma Negra y la Municipalidad de Olavarr\u00eda.<\/p>\n<p>&nbsp;<\/p>\n<p><img data-recalc-dims=\"1\" loading=\"lazy\" decoding=\"async\" class=\"aligncenter wp-image-37146\" src=\"https:\/\/i0.wp.com\/cdnoticias.com\/wp-content\/uploads\/2021\/10\/WhatsApp-Image-2021-10-30-at-09.34.41.jpeg?resize=450%2C550&#038;ssl=1\" alt=\"\" width=\"450\" height=\"550\" srcset=\"https:\/\/i0.wp.com\/cdnoticias.com\/wp-content\/uploads\/2021\/10\/WhatsApp-Image-2021-10-30-at-09.34.41.jpeg?resize=838%2C1024&amp;ssl=1 838w, https:\/\/i0.wp.com\/cdnoticias.com\/wp-content\/uploads\/2021\/10\/WhatsApp-Image-2021-10-30-at-09.34.41.jpeg?resize=245%2C300&amp;ssl=1 245w, https:\/\/i0.wp.com\/cdnoticias.com\/wp-content\/uploads\/2021\/10\/WhatsApp-Image-2021-10-30-at-09.34.41.jpeg?resize=768%2C939&amp;ssl=1 768w, https:\/\/i0.wp.com\/cdnoticias.com\/wp-content\/uploads\/2021\/10\/WhatsApp-Image-2021-10-30-at-09.34.41.jpeg?w=1047&amp;ssl=1 1047w\" sizes=\"auto, (max-width: 450px) 100vw, 450px\" \/><\/p>\n<p>&nbsp;<\/p>\n<p>El cronograma completo:<\/p>\n<p>&nbsp;<\/p>\n<p><strong>D\u00eda 20 de noviembre<\/strong>: 19 hs Misa de confirmaci\u00f3n. Otro grupo de ni\u00f1os recibir\u00e1n el sacramento de la confirmaci\u00f3n en la Parroquia Santa Elena.<\/p>\n<p>&nbsp;<\/p>\n<p><strong>D\u00eda 21 de noviembre<\/strong>: 17,30 hs\u00a0 caminata hist\u00f3rica: recorrido por la zona m\u00e1s antigua de la localidad con alguna rese\u00f1a hist\u00f3rica\u00a0 y sorpresas. Organiza \u201cLoma Negra nuestra gente\u201d, Casa de Cultura y Turismo VAF Loma Negra, Delegaci\u00f3n Municipal.<\/p>\n<p>&nbsp;<\/p>\n<p><strong>D\u00eda 28 de noviembre<\/strong>: 16 hs Feria artesanal 118 aniversario: artesanos , emprendedores y manualistas locales , de la Ciudad y la zona en la Plaza libertad. Organizan instituciones y Grupos de la localidad.<\/p>\n<p>&nbsp;<\/p>\n<p><strong>D\u00eda 4 de diciembre<\/strong>: \u201cD\u00eda de hacer el bien\u201d, organiza Fundaci\u00f3n Loma Negra.<\/p>\n","protected":false},"excerpt":{"rendered":"<p>A partir de este lunes Veteranos de Guerra izar\u00e1n la bandera en el monumento a Malvinas. El martes se har\u00e1n<\/p>\n","protected":false},"author":4,"featured_media":33092,"comment_status":"closed","ping_status":"closed","sticky":false,"template":"","format":"standard","meta":{"_jetpack_memberships_contains_paid_content":false,"footnotes":""},"categories":[5,1],"tags":[],"class_list":["post-38047","post","type-post","status-publish","format-standard","has-post-thumbnail","hentry","category-informacion-general","category-portada"],"jetpack_featured_media_url":"https:\/\/i0.wp.com\/cdnoticias.com\/wp-content\/uploads\/2021\/09\/Loma-Negra-Vista-1-1024x682.jpg?fit=1024%2C682&ssl=1","jetpack_sharing_enabled":true,"_links":{"self":[{"href":"https:\/\/cdnoticias.com\/index.php\/wp-json\/wp\/v2\/posts\/38047","targetHints":{"allow":["GET"]}}],"collection":[{"href":"https:\/\/cdnoticias.com\/index.php\/wp-json\/wp\/v2\/posts"}],"about":[{"href":"https:\/\/cdnoticias.com\/index.php\/wp-json\/wp\/v2\/types\/post"}],"author":[{"embeddable":true,"href":"https:\/\/cdnoticias.com\/index.php\/wp-json\/wp\/v2\/users\/4"}],"replies":[{"embeddable":true,"href":"https:\/\/cdnoticias.com\/index.php\/wp-json\/wp\/v2\/comments?post=38047"}],"version-history":[{"count":0,"href":"https:\/\/cdnoticias.com\/index.php\/wp-json\/wp\/v2\/posts\/38047\/revisions"}],"wp:featuredmedia":[{"embeddable":true,"href":"https:\/\/cdnoticias.com\/index.php\/wp-json\/wp\/v2\/media\/33092"}],"wp:attachment":[{"href":"https:\/\/cdnoticias.com\/index.php\/wp-json\/wp\/v2\/media?parent=38047"}],"wp:term":[{"taxonomy":"category","embeddable":true,"href":"https:\/\/cdnoticias.com\/index.php\/wp-json\/wp\/v2\/categories?post=38047"},{"taxonomy":"post_tag","embeddable":true,"href":"https:\/\/cdnoticias.com\/index.php\/wp-json\/wp\/v2\/tags?post=38047"}],"curies":[{"name":"wp","href":"https:\/\/api.w.org\/{rel}","templated":true}]}}