{"id":3801,"date":"2020-10-13T08:29:05","date_gmt":"2020-10-13T11:29:05","guid":{"rendered":"http:\/\/www.centraldenoticias.com.ar\/?p=3801"},"modified":"2020-10-13T08:29:05","modified_gmt":"2020-10-13T11:29:05","slug":"delia-norma-bahl-de-emiliozzi-q-e-p-d","status":"publish","type":"post","link":"https:\/\/cdnoticias.com\/index.php\/2020\/10\/13\/delia-norma-bahl-de-emiliozzi-q-e-p-d\/","title":{"rendered":"Delia Norma Bahl de Emiliozzi (Q.E.P.D.)"},"content":{"rendered":"<div id=\":nz\">\n<div class=\"btm\">Falleci\u00f3 en Olavarr\u00eda el d\u00eda 12 de octubre de 2020 a los\u00a0 77\u00a0 a\u00f1os de edad. Su esposo: Roberto Modesto Emiliozzi; sus hijos: Marcela, Alejandra, Gustavo y Ver\u00f3nica Emiliozzi; sus hijos pol\u00edticos: Juan Huls, Marcos D\u00edaz y Alejandra Cuniolo; sus nietos: Melina Diaz, Bautista Emiliozzi y Valent\u00edn Emiliozzi; y dem\u00e1s deudos participan de su fallecimiento.<\/div>\n<\/div>\n<div class=\"\">\n<div id=\":o1\" class=\"ii gt\">\n<div id=\":o0\" class=\"a3s aXjCH \">\nNo se realiza velatorio ni responso.\u00a0 Cremaci\u00f3n en d\u00eda y hora a confirmar. Servicio adherido a Coopelectric.<\/div>\n<div><\/div>\n<div class=\"a3s aXjCH \">Vecina de Villa Floresta. Nacida en Olavarr\u00eda. Jubilada.<\/div>\n<\/div>\n<\/div>\n","protected":false},"excerpt":{"rendered":"<p>Falleci\u00f3 en Olavarr\u00eda el d\u00eda 12 de octubre de 2020 a los\u00a0 77\u00a0 a\u00f1os de edad. Su esposo: Roberto Modesto<\/p>\n","protected":false},"author":4,"featured_media":0,"comment_status":"closed","ping_status":"closed","sticky":false,"template":"","format":"standard","meta":{"_jetpack_memberships_contains_paid_content":false,"footnotes":""},"categories":[10],"tags":[],"class_list":["post-3801","post","type-post","status-publish","format-standard","hentry","category-necrologicas"],"jetpack_featured_media_url":"","jetpack_sharing_enabled":true,"_links":{"self":[{"href":"https:\/\/cdnoticias.com\/index.php\/wp-json\/wp\/v2\/posts\/3801","targetHints":{"allow":["GET"]}}],"collection":[{"href":"https:\/\/cdnoticias.com\/index.php\/wp-json\/wp\/v2\/posts"}],"about":[{"href":"https:\/\/cdnoticias.com\/index.php\/wp-json\/wp\/v2\/types\/post"}],"author":[{"embeddable":true,"href":"https:\/\/cdnoticias.com\/index.php\/wp-json\/wp\/v2\/users\/4"}],"replies":[{"embeddable":true,"href":"https:\/\/cdnoticias.com\/index.php\/wp-json\/wp\/v2\/comments?post=3801"}],"version-history":[{"count":0,"href":"https:\/\/cdnoticias.com\/index.php\/wp-json\/wp\/v2\/posts\/3801\/revisions"}],"wp:attachment":[{"href":"https:\/\/cdnoticias.com\/index.php\/wp-json\/wp\/v2\/media?parent=3801"}],"wp:term":[{"taxonomy":"category","embeddable":true,"href":"https:\/\/cdnoticias.com\/index.php\/wp-json\/wp\/v2\/categories?post=3801"},{"taxonomy":"post_tag","embeddable":true,"href":"https:\/\/cdnoticias.com\/index.php\/wp-json\/wp\/v2\/tags?post=3801"}],"curies":[{"name":"wp","href":"https:\/\/api.w.org\/{rel}","templated":true}]}}