{"id":37997,"date":"2021-11-07T16:37:11","date_gmt":"2021-11-07T19:37:11","guid":{"rendered":"http:\/\/www.centraldenoticias.com.ar\/?p=37997"},"modified":"2021-11-07T16:37:11","modified_gmt":"2021-11-07T19:37:11","slug":"mas-visitas-vuelve-a-olavarria-carolina-castro","status":"publish","type":"post","link":"https:\/\/cdnoticias.com\/index.php\/2021\/11\/07\/mas-visitas-vuelve-a-olavarria-carolina-castro\/","title":{"rendered":"M\u00e1s visitas: Vuelve a Olavarr\u00eda Carolina Castro"},"content":{"rendered":"<p>Se trata de la candidata a diputada nacional que secunda la lista encabezada por Florencio Randazzo. Dar\u00e1 una charla a vecinos en el centro local.<!--more--><\/p>\n<hr \/>\n<p>En la cuenta regresiva hacia las elecciones generales legislativas del pr\u00f3ximo domingo, se confirm\u00f3 una nueva visita a Olavarr\u00eda. Se trata del <strong>retorno de Carolina Castro, quien encabeza junto a Florencio Randazzo la lista de Diputados Nacionales del espacio Vamos con Vos<\/strong>, que tiene adem\u00e1s a Andrea Coronel como candidata para el Concejo local.<\/p>\n<p>&nbsp;<\/p>\n<p><img data-recalc-dims=\"1\" loading=\"lazy\" decoding=\"async\" class=\"alignnone size-full wp-image-29951\" src=\"https:\/\/i0.wp.com\/cdnoticias.com\/wp-content\/uploads\/2021\/08\/randazzo03.jpg?resize=800%2C445&#038;ssl=1\" alt=\"\" width=\"800\" height=\"445\" srcset=\"https:\/\/i0.wp.com\/cdnoticias.com\/wp-content\/uploads\/2021\/08\/randazzo03.jpg?w=800&amp;ssl=1 800w, https:\/\/i0.wp.com\/cdnoticias.com\/wp-content\/uploads\/2021\/08\/randazzo03.jpg?resize=300%2C167&amp;ssl=1 300w, https:\/\/i0.wp.com\/cdnoticias.com\/wp-content\/uploads\/2021\/08\/randazzo03.jpg?resize=768%2C427&amp;ssl=1 768w\" sizes=\"auto, (max-width: 800px) 100vw, 800px\" \/><\/p>\n<p>&nbsp;<\/p>\n<p>De acuerdo con lo que se detall\u00f3 todo ser\u00e1<strong> este lunes desde las 13 en el plaza Coronel Olavarr\u00eda<\/strong>, donde llevar\u00e1 adelante una charla con vecinos. Se agreg\u00f3 que ser\u00e1 recibida por candidatos y militantes tanto locales como seccionales.<\/p>\n","protected":false},"excerpt":{"rendered":"<p>Se trata de la candidata a diputada nacional que secunda la lista encabezada por Florencio Randazzo. Dar\u00e1 una charla a<\/p>\n","protected":false},"author":3,"featured_media":37998,"comment_status":"closed","ping_status":"closed","sticky":false,"template":"","format":"standard","meta":{"_jetpack_memberships_contains_paid_content":false,"footnotes":""},"categories":[17,1],"tags":[],"class_list":["post-37997","post","type-post","status-publish","format-standard","has-post-thumbnail","hentry","category-elecciones-2021","category-portada"],"jetpack_featured_media_url":"https:\/\/i0.wp.com\/cdnoticias.com\/wp-content\/uploads\/2021\/11\/carolina-castro.jpg?fit=800%2C445&ssl=1","jetpack_sharing_enabled":true,"_links":{"self":[{"href":"https:\/\/cdnoticias.com\/index.php\/wp-json\/wp\/v2\/posts\/37997","targetHints":{"allow":["GET"]}}],"collection":[{"href":"https:\/\/cdnoticias.com\/index.php\/wp-json\/wp\/v2\/posts"}],"about":[{"href":"https:\/\/cdnoticias.com\/index.php\/wp-json\/wp\/v2\/types\/post"}],"author":[{"embeddable":true,"href":"https:\/\/cdnoticias.com\/index.php\/wp-json\/wp\/v2\/users\/3"}],"replies":[{"embeddable":true,"href":"https:\/\/cdnoticias.com\/index.php\/wp-json\/wp\/v2\/comments?post=37997"}],"version-history":[{"count":0,"href":"https:\/\/cdnoticias.com\/index.php\/wp-json\/wp\/v2\/posts\/37997\/revisions"}],"wp:featuredmedia":[{"embeddable":true,"href":"https:\/\/cdnoticias.com\/index.php\/wp-json\/wp\/v2\/media\/37998"}],"wp:attachment":[{"href":"https:\/\/cdnoticias.com\/index.php\/wp-json\/wp\/v2\/media?parent=37997"}],"wp:term":[{"taxonomy":"category","embeddable":true,"href":"https:\/\/cdnoticias.com\/index.php\/wp-json\/wp\/v2\/categories?post=37997"},{"taxonomy":"post_tag","embeddable":true,"href":"https:\/\/cdnoticias.com\/index.php\/wp-json\/wp\/v2\/tags?post=37997"}],"curies":[{"name":"wp","href":"https:\/\/api.w.org\/{rel}","templated":true}]}}