{"id":37992,"date":"2021-11-07T17:03:26","date_gmt":"2021-11-07T20:03:26","guid":{"rendered":"http:\/\/www.centraldenoticias.com.ar\/?p=37992"},"modified":"2021-11-07T19:09:07","modified_gmt":"2021-11-07T22:09:07","slug":"confluencia-de-candidatos-y-demostraciones-de-fuerza","status":"publish","type":"post","link":"https:\/\/cdnoticias.com\/index.php\/2021\/11\/07\/confluencia-de-candidatos-y-demostraciones-de-fuerza\/","title":{"rendered":"Confluencia de candidatos y demostraciones de fuerza"},"content":{"rendered":"<p dir=\"ltr\">Las estrategias de campa\u00f1a y comunicaci\u00f3n de Todos y de Juntos. El d\u00eda que llegaron los principales candidatos a la misma hora a Olavarr\u00eda. La unidad &#8220;aunque duela&#8221; en el oficialismo nacional.\u00a0Anuncios con aliados.<\/p>\n<p><!--more--><\/p>\n<hr \/>\n<p dir=\"ltr\">Extracto del newsletter Volver a las Fuentes,\u00a0<a href=\"https:\/\/mailchi.mp\/82a214d4b274\/campaa-parada-olavarraac-se-bajaron-todos?e=e4ffb04d40\" target=\"_blank\" rel=\"noopener\">donde\u00a0se\u00a0puede acceder y suscribir ac\u00e1.<\/a>\u00a0<strong>Por Alexis Grierson y Josefina Bargas.<\/strong><\/p>\n<p dir=\"ltr\"><em><strong>Consideraciones generales y estrategias<\/strong><\/em><\/p>\n<p>&nbsp;<\/p>\n<p>La estrategia de Todos con las visitas dirigenciales pasa por mostrar, m\u00e1s que nada,\u00a0<strong>c\u00f3mo se va a trabajar del 14 de noviembre en adelante. No hay una mirada 100% electoral<\/strong>. Quiz\u00e1s -o al menos as\u00ed lo hicieron notar- la historia m\u00e1s importante pasa por qu\u00e9 va a pasar al otro d\u00eda de las Legislativas. \u00bfEs una forma de dejar en claro el destino del resultado electoral? S\u00ed, pero tambi\u00e9n que el panorama es m\u00e1s oscuro.<\/p>\n<p>&nbsp;<\/p>\n<p>En contrapartida,\u00a0<strong>Juntos se apoya en los vecinos<\/strong>, hace recorridas, y encuentra respuestas. Con el centro de la ciudad como protagonista, todos los visitantes de la oposici\u00f3n provincial y nacional pasaron por ah\u00ed. El objetivo quiz\u00e1s es m\u00e1s simple, pero en la b\u00fasqueda de efectividad electoral.<\/p>\n<p>&nbsp;<\/p>\n<p><img data-recalc-dims=\"1\" loading=\"lazy\" decoding=\"async\" class=\"size-large wp-image-37810 aligncenter\" src=\"https:\/\/i0.wp.com\/cdnoticias.com\/wp-content\/uploads\/2021\/11\/massa-olavarria-1.jpg?resize=800%2C445&#038;ssl=1\" alt=\"\" width=\"800\" height=\"445\" srcset=\"https:\/\/i0.wp.com\/cdnoticias.com\/wp-content\/uploads\/2021\/11\/massa-olavarria-1.jpg?resize=1024%2C570&amp;ssl=1 1024w, https:\/\/i0.wp.com\/cdnoticias.com\/wp-content\/uploads\/2021\/11\/massa-olavarria-1.jpg?resize=300%2C167&amp;ssl=1 300w, https:\/\/i0.wp.com\/cdnoticias.com\/wp-content\/uploads\/2021\/11\/massa-olavarria-1.jpg?resize=768%2C427&amp;ssl=1 768w, https:\/\/i0.wp.com\/cdnoticias.com\/wp-content\/uploads\/2021\/11\/massa-olavarria-1.jpg?resize=800%2C445&amp;ssl=1 800w, https:\/\/i0.wp.com\/cdnoticias.com\/wp-content\/uploads\/2021\/11\/massa-olavarria-1.jpg?w=1599&amp;ssl=1 1599w\" sizes=\"auto, (max-width: 800px) 100vw, 800px\" \/><\/p>\n<p>&nbsp;<\/p>\n<p>Explica los momentos tambi\u00e9n: el oficialismo viene de perder con cierta contundencia y\u00a0<strong>no hay vistas de que la situaci\u00f3n mejore para el fin de semana pr\u00f3ximo<\/strong>. El pa\u00eds est\u00e1 en crisis y no queda otra: hay que trabajar en lo que viene en los dos pr\u00f3ximos a\u00f1os.<\/p>\n<p>&nbsp;<\/p>\n<p>Ojo, este an\u00e1lisis aplica s\u00f3lo para las presencias provinciales y nacionales.\u00a0<strong>El Frente de Todos utiliz\u00f3 la segunda parte de la campa\u00f1a para caminar m\u00e1s y comunicar menos<\/strong>. Se ratific\u00f3 este \u00faltimo s\u00e1bado bajo el slogan \u201cvoto a voto\u201d. Es decir, salieron a la calle a hacer un puerta por puerta con al menos un centenar de dirigentes, referentes y candidatos. Diferencias de criterio entre visitas e iniciativa propia.<\/p>\n<p>&nbsp;<\/p>\n<p>Dicho esto&#8230;<\/p>\n<p>&nbsp;<\/p>\n<p><img data-recalc-dims=\"1\" loading=\"lazy\" decoding=\"async\" class=\"size-full wp-image-37837 aligncenter\" src=\"https:\/\/i0.wp.com\/cdnoticias.com\/wp-content\/uploads\/2021\/11\/visita-manes-santilli03.jpg?resize=800%2C445&#038;ssl=1\" alt=\"\" width=\"800\" height=\"445\" srcset=\"https:\/\/i0.wp.com\/cdnoticias.com\/wp-content\/uploads\/2021\/11\/visita-manes-santilli03.jpg?w=800&amp;ssl=1 800w, https:\/\/i0.wp.com\/cdnoticias.com\/wp-content\/uploads\/2021\/11\/visita-manes-santilli03.jpg?resize=300%2C167&amp;ssl=1 300w, https:\/\/i0.wp.com\/cdnoticias.com\/wp-content\/uploads\/2021\/11\/visita-manes-santilli03.jpg?resize=768%2C427&amp;ssl=1 768w\" sizes=\"auto, (max-width: 800px) 100vw, 800px\" \/><\/p>\n<p>&nbsp;<\/p>\n<p><em><strong>Aprovecharon el &#8220;Pre-viaje&#8221;<\/strong><\/em><\/p>\n<p>&nbsp;<\/p>\n<p><em>Massa, Tolosa Paz y De Mendiguren. Santilli y Manes. Larreta, Lousteau y Yacobitti<\/em>. Llegaron hasta Olavarr\u00eda el viernes y el s\u00e1bado para hacer actividades en las campa\u00f1as respectivas del Frente de Todos y de Juntos.<\/p>\n<p>&nbsp;<\/p>\n<p>Y como cada espacio tiene una estrategia diferente,\u00a0<strong>las actividades que hicieron fueron bien distintas<\/strong>. Aunque todas se hab\u00edan anunciado casi a la misma hora y, como es previsible, se fueron atrasando (algo que sucede casi siempre), pero de forma paralela: es decir, finalmente fueron a la misma hora. En el Frente de Todos, hasta el mismo Massa se permiti\u00f3 hacer alguna que otra broma con el tema. Y lejos de las bromas, los prensas de cada espacio llevaban una especie de competencia al estilo \u201cguerra fr\u00eda\u201d.<\/p>\n<p>&nbsp;<\/p>\n<p><img data-recalc-dims=\"1\" loading=\"lazy\" decoding=\"async\" class=\"size-full wp-image-37844 aligncenter\" src=\"https:\/\/i0.wp.com\/cdnoticias.com\/wp-content\/uploads\/2021\/11\/visita-manes-santilli10.jpg?resize=800%2C445&#038;ssl=1\" alt=\"\" width=\"800\" height=\"445\" srcset=\"https:\/\/i0.wp.com\/cdnoticias.com\/wp-content\/uploads\/2021\/11\/visita-manes-santilli10.jpg?w=800&amp;ssl=1 800w, https:\/\/i0.wp.com\/cdnoticias.com\/wp-content\/uploads\/2021\/11\/visita-manes-santilli10.jpg?resize=300%2C167&amp;ssl=1 300w, https:\/\/i0.wp.com\/cdnoticias.com\/wp-content\/uploads\/2021\/11\/visita-manes-santilli10.jpg?resize=768%2C427&amp;ssl=1 768w\" sizes=\"auto, (max-width: 800px) 100vw, 800px\" \/><\/p>\n<p>&nbsp;<\/p>\n<p><strong>El Presidente de la C\u00e1mara de Diputados <a href=\"https:\/\/cdnoticias.com\/index.php\/2021\/11\/05\/massa-y-tolosa-paz-ya-estan-en-olavarria\/\">se reuni\u00f3 con empresarios e industriales<\/a><\/strong>. Un poco fue la segunda parte de la visita anterior de la primera candidata Victoria Tolosa Paz (a principios de septiembre hab\u00eda mantenido el mismo esquema de actividades), pero fue la primera vez en la campa\u00f1a (y desde el inicio de la gesti\u00f3n de Alberto Fern\u00e1ndez, en rigor) que el l\u00edder del Frente Renovador lleg\u00f3 a la ciudad para encabezar un encuentro.<\/p>\n<p>&nbsp;<\/p>\n<p>Primero pasaron por Azul y luego llegaron hasta ac\u00e1. Las actividades se centraron en\u00a0<strong>mostrar crecimiento econ\u00f3mico y generaci\u00f3n de empleo: fueron cerradas, sin p\u00fablico o con invitados<\/strong>. Apuntalaron el mensaje de gestiones -nacional y provincial- preocupadas y ocupadas en fortalecer empresas y recuperar el poder adquisitivo. La antesala de este encuentro, el viernes a la tarde, fue\u00a0<strong>el anuncio que por la ma\u00f1ana encabez\u00f3 el subsecretario de Miner\u00eda, Federico Aguilera<\/strong>: <a href=\"https:\/\/cdnoticias.com\/index.php\/2021\/11\/05\/anuncian-la-finalizacion-del-tramite-de-escritura-para-el-pio-v\/\" target=\"_blank\" rel=\"noopener\">finaliz\u00f3 el tr\u00e1mite de registraci\u00f3n catastral de los terrenos del PIO V<\/a>. Pero en eso nos vamos a detener despu\u00e9s.<\/p>\n<p>&nbsp;<\/p>\n<p><img data-recalc-dims=\"1\" loading=\"lazy\" decoding=\"async\" class=\"alignnone size-large wp-image-37800\" src=\"https:\/\/i0.wp.com\/cdnoticias.com\/wp-content\/uploads\/2021\/11\/0d92f24a-5f66-4c4d-a42b-6b00dcb91987.jpg?resize=800%2C534&#038;ssl=1\" alt=\"\" width=\"800\" height=\"534\" srcset=\"https:\/\/i0.wp.com\/cdnoticias.com\/wp-content\/uploads\/2021\/11\/0d92f24a-5f66-4c4d-a42b-6b00dcb91987.jpg?resize=1024%2C683&amp;ssl=1 1024w, https:\/\/i0.wp.com\/cdnoticias.com\/wp-content\/uploads\/2021\/11\/0d92f24a-5f66-4c4d-a42b-6b00dcb91987.jpg?resize=300%2C200&amp;ssl=1 300w, https:\/\/i0.wp.com\/cdnoticias.com\/wp-content\/uploads\/2021\/11\/0d92f24a-5f66-4c4d-a42b-6b00dcb91987.jpg?resize=768%2C512&amp;ssl=1 768w, https:\/\/i0.wp.com\/cdnoticias.com\/wp-content\/uploads\/2021\/11\/0d92f24a-5f66-4c4d-a42b-6b00dcb91987.jpg?resize=272%2C182&amp;ssl=1 272w, https:\/\/i0.wp.com\/cdnoticias.com\/wp-content\/uploads\/2021\/11\/0d92f24a-5f66-4c4d-a42b-6b00dcb91987.jpg?w=1152&amp;ssl=1 1152w\" sizes=\"auto, (max-width: 800px) 100vw, 800px\" \/><\/p>\n<p>&nbsp;<\/p>\n<p>Lo importante es que<strong>\u00a0el clima entre los empresarios ten\u00eda cierta positividad<\/strong>. Igualmente la charla tuvo condimentos importantes con las consultas por la previsibilidad financiera, el control de la inflaci\u00f3n y el acceso al cr\u00e9dito.<\/p>\n<p>&nbsp;<\/p>\n<p>En el primer piso del Colegio de Ingenieros estuvieron los principales candidatos locales y seccionales del FdT con\u00a0<strong>lugar destacado para los massistas, concejales y tambi\u00e9n los alineados con Bucca<\/strong>: la agrupaci\u00f3n Hacer Olavarr\u00eda (los ex eseverristas) y hasta Sergio Milesi. Todos mezclados con empresarios pymes, referentes de entidades empresariales y sindicales.<\/p>\n<p>&nbsp;<\/p>\n<p><strong>\u201cUnidad aunque duela\u201d<\/strong><a href=\"https:\/\/cdnoticias.com\/index.php\/2021\/11\/05\/la-decision-del-gobierno-no-es-quedarse-cruzados-de-brazos-es-generar-politica-activa\/\" target=\"_blank\" rel=\"noopener\">\u00a0fue el mensaje que Massa dejaba por lo bajo<\/a>. El detalle: no es \u201chasta que\u201d es \u201caunque\u201d como corriendo un poco m\u00e1s el l\u00edmite. Es que venimos de tiempos turbulentos dentro del Frente de Todos y las rispideces existen. Massa intent\u00f3 bromear y explicar la \u201cunidad en la diversidad\u201d y tuvo una buena respuesta, pero hay cosas que no se pueden ocultar.<\/p>\n<p>&nbsp;<\/p>\n<p><img data-recalc-dims=\"1\" loading=\"lazy\" decoding=\"async\" class=\"size-large wp-image-37814 aligncenter\" src=\"https:\/\/i0.wp.com\/cdnoticias.com\/wp-content\/uploads\/2021\/11\/massa-olavarria-5.jpg?resize=800%2C445&#038;ssl=1\" alt=\"\" width=\"800\" height=\"445\" srcset=\"https:\/\/i0.wp.com\/cdnoticias.com\/wp-content\/uploads\/2021\/11\/massa-olavarria-5.jpg?resize=1024%2C570&amp;ssl=1 1024w, https:\/\/i0.wp.com\/cdnoticias.com\/wp-content\/uploads\/2021\/11\/massa-olavarria-5.jpg?resize=300%2C167&amp;ssl=1 300w, https:\/\/i0.wp.com\/cdnoticias.com\/wp-content\/uploads\/2021\/11\/massa-olavarria-5.jpg?resize=768%2C427&amp;ssl=1 768w, https:\/\/i0.wp.com\/cdnoticias.com\/wp-content\/uploads\/2021\/11\/massa-olavarria-5.jpg?resize=800%2C445&amp;ssl=1 800w, https:\/\/i0.wp.com\/cdnoticias.com\/wp-content\/uploads\/2021\/11\/massa-olavarria-5.jpg?w=1599&amp;ssl=1 1599w\" sizes=\"auto, (max-width: 800px) 100vw, 800px\" \/><\/p>\n<p>&nbsp;<\/p>\n<p>Ojo, que de las internas,\u00a0<strong>los movimientos y los agrupamientos<\/strong>\u00a0algo se puede rescatar, y es algo que en un rato les vamos a contar.<\/p>\n<p>&nbsp;<\/p>\n<p>La contracara de este encuentro fue la actividad de Juntos.\u00a0<strong>Los candidatos Santilli y Manes se mostraron al aire libre<\/strong>: caminando por las calles, en contacto directo con la gente y <a href=\"https:\/\/cdnoticias.com\/index.php\/2021\/11\/05\/tenemos-que-convencer-a-millones-de-argentinos-de-que-es-posible-una-argentina-moderna\/\" target=\"_blank\" rel=\"noopener\">en un acto al aire libre donde hicieron su propio cierre de campa\u00f1a seccional<\/a> en las escalinatas junto a Casa del Bicentenario (el mismo lugar donde hace dos semanas se present\u00f3 la lista unificada del oficialismo local).<\/p>\n<p>&nbsp;<\/p>\n<p>Los discursos le sumaron \u00e9pica a la elecci\u00f3n en el tono que ha mostrado la principal fuerza opositora nacional:\u00a0<em>\u201cEs una elecci\u00f3n clave, se juega qu\u00e9 Pa\u00eds queremos y c\u00f3mo lo comenzamos a construir ma\u00f1ana\u201d<\/em>\u00a0definieron.<\/p>\n<p>&nbsp;<\/p>\n<p><img data-recalc-dims=\"1\" loading=\"lazy\" decoding=\"async\" class=\"size-full wp-image-37834 aligncenter\" src=\"https:\/\/i0.wp.com\/cdnoticias.com\/wp-content\/uploads\/2021\/11\/Santilli02.jpg?resize=800%2C445&#038;ssl=1\" alt=\"\" width=\"800\" height=\"445\" srcset=\"https:\/\/i0.wp.com\/cdnoticias.com\/wp-content\/uploads\/2021\/11\/Santilli02.jpg?w=800&amp;ssl=1 800w, https:\/\/i0.wp.com\/cdnoticias.com\/wp-content\/uploads\/2021\/11\/Santilli02.jpg?resize=300%2C167&amp;ssl=1 300w, https:\/\/i0.wp.com\/cdnoticias.com\/wp-content\/uploads\/2021\/11\/Santilli02.jpg?resize=768%2C427&amp;ssl=1 768w\" sizes=\"auto, (max-width: 800px) 100vw, 800px\" \/><\/p>\n<p>&nbsp;<\/p>\n<p>Convocaron a la dirigencia de la S\u00e9ptima, liderada por Ezequiel Galli quien consolid\u00f3 su rol adem\u00e1s como anfitri\u00f3n de las principales figuras para \u201cjugar de locales\u201d:\u00a0<strong>la confianza en la victoria es total tanto a nivel provincial, como seccional y local<\/strong>. Se sent\u00eda en el ambiente, hab\u00eda euforia y casi casi era m\u00e1s un festejo que una arenga.<\/p>\n<p>&nbsp;<\/p>\n<p><em><strong>Sin chorip\u00e1n<\/strong><\/em><\/p>\n<p>&nbsp;<\/p>\n<p>Si hablamos de<strong>\u00a0clima festivo<\/strong>, <a href=\"https:\/\/cdnoticias.com\/index.php\/2021\/11\/06\/referentes-y-militantes-de-juntos-compartieron-una-cena-previo-a-las-elecciones\/\" target=\"_blank\" rel=\"noopener\">la cena de Juntos del viernes por la noche<\/a> fue el fiel reflejo del momento que atraviesa el oficialismo local. Confianza plena, tranquilidad y un festejo anticipado de lo que estiman se ver\u00e1 reflejado en las urnas el domingo que viene.<\/p>\n<p>&nbsp;<\/p>\n<p>Con <strong>la curiosidad del \u201cno chorip\u00e1n\u201d<\/strong> el Intendente luego hizo menci\u00f3n a esta ausencia en su discurso ante candidatos, dirigentes, militantes tanto del Pro como del radicalismo y el GEN.<\/p>\n<p>&nbsp;<\/p>\n<p>Un dato a tener en cuenta es que, justamente, adem\u00e1s de la \u201carenga\u201d de la \u00faltima semana de campa\u00f1a,\u00a0<strong>se aprovech\u00f3 para endurecer (otra vez) el discurso contra el Frente de Todos, m\u00e1s precisamente contra La C\u00e1mpora<\/strong>. En voz de Bruno Cenizo, nuevamente se escuch\u00f3 el \u201cplatita f\u00e1cil\u201d y Diego Robbiani reiter\u00f3 la cr\u00edtica en Seguridad: \u201cmostraron como logro la entrega de patrulleros y en los barrios se est\u00e1n literalmente cagando a tiros\u201d.<\/p>\n<p>&nbsp;<\/p>\n<p><img data-recalc-dims=\"1\" loading=\"lazy\" decoding=\"async\" class=\"size-full wp-image-37905 aligncenter\" src=\"https:\/\/i0.wp.com\/cdnoticias.com\/wp-content\/uploads\/2021\/11\/cena-juntos01.jpg?resize=800%2C445&#038;ssl=1\" alt=\"\" width=\"800\" height=\"445\" srcset=\"https:\/\/i0.wp.com\/cdnoticias.com\/wp-content\/uploads\/2021\/11\/cena-juntos01.jpg?w=800&amp;ssl=1 800w, https:\/\/i0.wp.com\/cdnoticias.com\/wp-content\/uploads\/2021\/11\/cena-juntos01.jpg?resize=300%2C167&amp;ssl=1 300w, https:\/\/i0.wp.com\/cdnoticias.com\/wp-content\/uploads\/2021\/11\/cena-juntos01.jpg?resize=768%2C427&amp;ssl=1 768w\" sizes=\"auto, (max-width: 800px) 100vw, 800px\" \/><\/p>\n<p>&nbsp;<\/p>\n<p>Estuvieron\u00a0<strong>todos los \u201caliados\u201d del Intendente Galli<\/strong>: el Peronismo Republicano (con Mario Cura ausente con aviso por un problema personal) el GEN, y la UCR, quien fue la m\u00e1s populosa, aunque dividida.\u00a0<em>El diputado nacional Fabio Quetglas, la diputada provincial Alejandra Lorden, la candidata a senadora Lorena Mandagar\u00e1n, el polit\u00f3logo radical Andr\u00e9s Malamud<\/em>, entre otros, fueron los que dijeron presente.<\/p>\n<p>&nbsp;<\/p>\n<p>\u00bfDato de color? Bel\u00e9n Vergel tambi\u00e9n fue oradora del acto y cuando cerr\u00f3 desde el espacio de la UCR se cant\u00f3\u00a0<strong>\u201cvolveremos a ser gobierno, como en el 83\u2019\u201d\u00a0<\/strong>casi que al lado del Intendente Galli. Otro de los sectores radicales justo justo se \u201colvid\u00f3\u201d de cantar la canci\u00f3n y entre risas prefirieron omitir la arenga correligionaria.<\/p>\n<p>&nbsp;<\/p>\n<p>Menuda confianza se tiene la UCR: algunos presentes, entre iron\u00edas y bromas, se\u00f1alaron que\u00a0<strong>\u201cparece la cena de los radicales\u201d<\/strong>. Pero todo pas\u00f3 de una broma. Si algo qued\u00f3 en claro es que ya es una fiesta&#8230; para el Pro y el Intendente.<\/p>\n<p>&nbsp;<\/p>\n<p>Y para coronar el clima triunfalista de Juntos llegaron ayer\u00a0<strong>Horacio Rodr\u00edguez Larreta y Mart\u00edn Lousteau<\/strong>\u00a0que repitieron la estructura de actividades de Juntos: conferencia en un bar c\u00e9ntrico, caminata por el centro de la ciudad y acto al aire libre. Esta vez fue en la plaza central.<\/p>\n<p>&nbsp;<\/p>\n<p><img data-recalc-dims=\"1\" loading=\"lazy\" decoding=\"async\" class=\"size-full wp-image-37925 aligncenter\" src=\"https:\/\/i0.wp.com\/cdnoticias.com\/wp-content\/uploads\/2021\/11\/Lousteau-Larreta.jpg?resize=800%2C445&#038;ssl=1\" alt=\"\" width=\"800\" height=\"445\" srcset=\"https:\/\/i0.wp.com\/cdnoticias.com\/wp-content\/uploads\/2021\/11\/Lousteau-Larreta.jpg?w=800&amp;ssl=1 800w, https:\/\/i0.wp.com\/cdnoticias.com\/wp-content\/uploads\/2021\/11\/Lousteau-Larreta.jpg?resize=300%2C167&amp;ssl=1 300w, https:\/\/i0.wp.com\/cdnoticias.com\/wp-content\/uploads\/2021\/11\/Lousteau-Larreta.jpg?resize=768%2C427&amp;ssl=1 768w\" sizes=\"auto, (max-width: 800px) 100vw, 800px\" \/><\/p>\n<p>&nbsp;<\/p>\n<p>Lousteau dej\u00f3 la interpretaci\u00f3n de que el \u00e9xito de Juntos en las PASO se debi\u00f3, justamente, a que pusieron a consideraci\u00f3n de sus electores la definici\u00f3n de las candidaturas:\u00a0<strong>\u201cel aval fue a la metolodolog\u00eda\u201d<\/strong>\u00a0dijo palabras m\u00e1s, palabras menos. \u00bfY entonces, lo van a repetir en 2023 (cuando el mismo Lousteau y el mismo Larreta sean tal vez candidatos a cargos ejecutivos)? La respuesta fue positiva,\u00a0<strong>\u201cpara todos los que quieran competir en todo el pa\u00eds\u201d<\/strong>\u00a0respondi\u00f3 el jefe de gobierno porte\u00f1o. \u201cComparto\u201d a\u00f1adi\u00f3 Lousteau. M\u00e1s de un dirigente radical presente se frot\u00f3 las manos (aunque sea espiritualmente) pensando en dos a\u00f1os m\u00e1s.<\/p>\n<p>&nbsp;<\/p>\n<p>Volvamos a estas Legislativas que ya est\u00e1n al alcance de la mano. \u00bfEs tan as\u00ed, tan cantada la victoria de Juntos?\u00a0<strong>Bali Bucca<\/strong>\u00a0no coincide. Despu\u00e9s de la conferencia con Massa y Tolosa Paz, <a href=\"https:\/\/cdnoticias.com\/index.php\/2021\/11\/07\/bali-bucca-se-hace-necesario-tener-un-plan-para-ir-a-votar\/\" target=\"_blank\" rel=\"noopener\">el candidato al senado provincial dej\u00f3 su propia interpretaci\u00f3n de lo que pasar\u00e1 el domingo que viene<\/a>:\u00a0<strong>crecer\u00e1 la cantidad de votantes y habr\u00e1 \u201ccambio de voto\u201d<\/strong>. Bas\u00f3 su proyecci\u00f3n de mejora en el resultado del Frente de Todos en que\u00a0<em>\u201cm\u00e1s jubilados, m\u00e1s j\u00f3venes\u201d van a ir a votar y en que electores del radicalismo se volcar\u00e1n al oficialismo nacional porque \u201cno comparten la mirada que tiene el Pro\u201d<\/em>.<\/p>\n<p>&nbsp;<\/p>\n<p>En ediciones anteriores, hemos dejado en claro que a mayor cantidad de votantes, m\u00e1s alta es la cumbre que debe alcanzar Bucca para ingresar al Senado. Lo que parec\u00eda simple y complejo a la vez, con el correr de las semanas se volvi\u00f3 m\u00e1s lo segundo que lo primero. Sin embargo, la interpretaci\u00f3n del voto radical votando al Frente de Todos para no votar al Pro sigue siendo sostenida por varios dirigentes.<\/p>\n<p>&nbsp;<\/p>\n<p><img data-recalc-dims=\"1\" loading=\"lazy\" decoding=\"async\" class=\"size-large wp-image-37250 aligncenter\" src=\"https:\/\/i0.wp.com\/cdnoticias.com\/wp-content\/uploads\/2021\/11\/banco-provincia2.jpg?resize=800%2C445&#038;ssl=1\" alt=\"\" width=\"800\" height=\"445\" srcset=\"https:\/\/i0.wp.com\/cdnoticias.com\/wp-content\/uploads\/2021\/11\/banco-provincia2.jpg?resize=1024%2C570&amp;ssl=1 1024w, https:\/\/i0.wp.com\/cdnoticias.com\/wp-content\/uploads\/2021\/11\/banco-provincia2.jpg?resize=300%2C167&amp;ssl=1 300w, https:\/\/i0.wp.com\/cdnoticias.com\/wp-content\/uploads\/2021\/11\/banco-provincia2.jpg?resize=768%2C427&amp;ssl=1 768w, https:\/\/i0.wp.com\/cdnoticias.com\/wp-content\/uploads\/2021\/11\/banco-provincia2.jpg?resize=800%2C445&amp;ssl=1 800w, https:\/\/i0.wp.com\/cdnoticias.com\/wp-content\/uploads\/2021\/11\/banco-provincia2.jpg?w=1600&amp;ssl=1 1600w, https:\/\/i0.wp.com\/cdnoticias.com\/wp-content\/uploads\/2021\/11\/banco-provincia2.jpg?w=2400&amp;ssl=1 2400w\" sizes=\"auto, (max-width: 800px) 100vw, 800px\" \/><\/p>\n<p>&nbsp;<\/p>\n<p><em><strong>Anuncios con aliados<\/strong><\/em><\/p>\n<p>&nbsp;<\/p>\n<p><a href=\"https:\/\/cdnoticias.com\/index.php\/2021\/11\/01\/quedo-inaugurada-la-sede-del-banco-provincia-en-el-pio\/\" target=\"_blank\" rel=\"noopener\">La semana empez\u00f3 con una inauguraci\u00f3n<\/a> y un peque\u00f1o debate. Resulta que\u00a0<strong>se abri\u00f3, finalmente, la nueva sede del Banco Provincia en el Parque Industrial<\/strong>. La inauguraci\u00f3n tuvo al referente local del banco, al presidente de la Uni\u00f3n Industrial y al subsecretario de Miner\u00eda: Fernando Lospinoso, Cesar Longo y Federico Aguilera respectivamente.<\/p>\n<p>&nbsp;<\/p>\n<p>P\u00e1rrafo aparte para\u00a0<strong>el discurso de la Uni\u00f3n Industrial\u00a0<\/strong>que en la previa y en el durante <a href=\"https:\/\/cdnoticias.com\/index.php\/2021\/10\/31\/inauguraran-la-sucursal-del-banco-provincia-en-el-parque-industrial\/\" target=\"_blank\" rel=\"noopener\">busc\u00f3 reconocer la labor de la Asociaci\u00f3n del Parque Industrial<\/a> para gestionar esta dependencia y el sostenimiento econ\u00f3mico de los propietarios&#8230; aunque las internas con las autoridades del PIO se mostraron a flor de piel.<\/p>\n<p>&nbsp;<\/p>\n<p>Cuesti\u00f3n que\u00a0<strong>el plazo para inauguraciones en campa\u00f1a ya finaliz\u00f3<\/strong>\u00a0y Aguilera, adem\u00e1s de funcionario es candidato: no pod\u00eda estar o hab\u00eda que esperar para anunciar la inauguraci\u00f3n. El secretario de Gobierno (y tambi\u00e9n candidato),\u00a0Hilario Galli, puso el grito en el cielo\u00a0aunque el planteo desde el oficialismo termin\u00f3 siendo ambiguo:\u00a0<em>una especie de queja por no haber sido invitados, mezclado con el se\u00f1alamiento de la infracci\u00f3n al C\u00f3digo Electoral<\/em>. Se expresaron tambi\u00e9n\u00a0la concejal Cecilia Krivochen, que en una evocaci\u00f3n del gran Chiche Gelblung pidi\u00f3 \u201cmemoria\u201d, y\u00a0<a href=\"https:\/\/cdnoticias.com\/index.php\/2021\/11\/02\/ezequiel-galli-claramente-hay-una-violacion-a-la-veda\/\" target=\"_blank\" rel=\"noopener\">el intendente Ezequiel Galli<\/a>\u00a0quien afirm\u00f3 que hubo una &#8220;violaci\u00f3n&#8221; de la veda y, de pasada,\u00a0\u00a0se sum\u00f3 a los autores del logro.<\/p>\n<p>&nbsp;<\/p>\n<p>Los anuncios no se detuvieron. En la ma\u00f1ana del viernes, Aguilera volvi\u00f3 a mostrarse con las m\u00e1ximas autoridades de la Uni\u00f3n Industrial para comunicar\u00a0<strong>la finalizaci\u00f3n del tr\u00e1mite de registraci\u00f3n catastral del PIO V<\/strong>, <a href=\"https:\/\/cdnoticias.com\/index.php\/2021\/11\/05\/anuncian-la-finalizacion-del-tramite-de-escritura-para-el-pio-v\/\" target=\"_blank\" rel=\"noopener\">una gesti\u00f3n que se inici\u00f3 hace m\u00e1s de una d\u00e9cada<\/a>, con idas y vueltas, y tambi\u00e9n frenos, entre el Municipio y la Provincia. Los industriales cuyas empresas se ubican all\u00ed podr\u00e1n iniciar las escrituras. El acto fue breve, pero emotivo: signific\u00f3 <strong>un verdadero alivio para los propietarios<\/strong> y tambi\u00e9n para quienes desde la instituci\u00f3n se pusieron este tr\u00e1mite al hombro.<\/p>\n<p>&nbsp;<\/p>\n<p><img data-recalc-dims=\"1\" loading=\"lazy\" decoding=\"async\" class=\"size-large wp-image-37741 aligncenter\" src=\"https:\/\/i0.wp.com\/cdnoticias.com\/wp-content\/uploads\/2021\/11\/anuncio-escrituras-aguilera-union-industrial-00.jpg?resize=800%2C445&#038;ssl=1\" alt=\"\" width=\"800\" height=\"445\" srcset=\"https:\/\/i0.wp.com\/cdnoticias.com\/wp-content\/uploads\/2021\/11\/anuncio-escrituras-aguilera-union-industrial-00.jpg?resize=1024%2C570&amp;ssl=1 1024w, https:\/\/i0.wp.com\/cdnoticias.com\/wp-content\/uploads\/2021\/11\/anuncio-escrituras-aguilera-union-industrial-00.jpg?resize=300%2C167&amp;ssl=1 300w, https:\/\/i0.wp.com\/cdnoticias.com\/wp-content\/uploads\/2021\/11\/anuncio-escrituras-aguilera-union-industrial-00.jpg?resize=768%2C428&amp;ssl=1 768w, https:\/\/i0.wp.com\/cdnoticias.com\/wp-content\/uploads\/2021\/11\/anuncio-escrituras-aguilera-union-industrial-00.jpg?resize=800%2C445&amp;ssl=1 800w, https:\/\/i0.wp.com\/cdnoticias.com\/wp-content\/uploads\/2021\/11\/anuncio-escrituras-aguilera-union-industrial-00.jpg?w=1200&amp;ssl=1 1200w\" sizes=\"auto, (max-width: 800px) 100vw, 800px\" \/><\/p>\n<p>&nbsp;<\/p>\n<p>M\u00e1s all\u00e1 de que la novedad es sumamente importante, dej\u00f3\u00a0<strong>la segunda foto de la semana del titular de Miner\u00eda con referentes industriales<\/strong>\u00a0(a\u00fan faltaban horas para la Mesa de Producci\u00f3n y Empleo). El mensaje apuntala indirectamente la imagen de campa\u00f1a que construy\u00f3 el Frente de Todos:\u00a0<em>la econom\u00eda es el centro de la gesti\u00f3n, el crecimiento y la reactivaci\u00f3n son \u201creales\u201d, y hay un \u201cestado presente\u201d que apuntala y orienta<\/em>.<\/p>\n<p>&nbsp;<\/p>\n<p>Por el lado del Municipio tambi\u00e9n hubo foto y anuncio para impulsar y <a href=\"https:\/\/cdnoticias.com\/index.php\/2021\/11\/06\/la-novena-cena-anual-solidaria-sera-a-beneficio-de-bomberos\/\" target=\"_blank\" rel=\"noopener\">apoyar un desarrollo institucional de fuerte repercusi\u00f3n en toda la comunidad<\/a>: ayer Ezequiel Galli junto al jefe de Bomberos y al presidente de la Asociaci\u00f3n, Ra\u00fal Ferreira y Hugo Fayan\u00e1s, anunci\u00f3 que\u00a0<strong>regresar\u00e1 la cena solidaria el a\u00f1o que viene y ser\u00e1 a beneficio de la entidad de voluntarios<\/strong>.<\/p>\n<p>&nbsp;<\/p>\n<p><a href=\"https:\/\/cdnoticias.com\/index.php\/2021\/10\/28\/bomberos-de-loma-negra-tendra-una-nueva-sede-estara-cerca-de-ruta-51\/\" target=\"_blank\" rel=\"noopener\">Esta novedad se enlaz\u00f3 con la de la semana pasada<\/a>: el Municipio intercambiar\u00e1 lotes con Bomberos en Loma Negra, de manera tal que el Destacamento 1 pase a funcionar cerca de la ruta 51. De esta manera, el Municipio ceder\u00e1 un terreno y, con la realizaci\u00f3n de la cena,\u00a0<strong>habilitar\u00e1 un camino para reunir fondos para la construcci\u00f3n del nuevo cuartel<\/strong>.<\/p>\n<p>&nbsp;<\/p>\n<p><img data-recalc-dims=\"1\" loading=\"lazy\" decoding=\"async\" class=\"size-full wp-image-37892 aligncenter\" src=\"https:\/\/i0.wp.com\/cdnoticias.com\/wp-content\/uploads\/2021\/11\/cena-solidaria-05.jpg?resize=800%2C445&#038;ssl=1\" alt=\"\" width=\"800\" height=\"445\" srcset=\"https:\/\/i0.wp.com\/cdnoticias.com\/wp-content\/uploads\/2021\/11\/cena-solidaria-05.jpg?w=800&amp;ssl=1 800w, https:\/\/i0.wp.com\/cdnoticias.com\/wp-content\/uploads\/2021\/11\/cena-solidaria-05.jpg?resize=300%2C167&amp;ssl=1 300w, https:\/\/i0.wp.com\/cdnoticias.com\/wp-content\/uploads\/2021\/11\/cena-solidaria-05.jpg?resize=768%2C427&amp;ssl=1 768w\" sizes=\"auto, (max-width: 800px) 100vw, 800px\" \/><\/p>\n<p>&nbsp;<\/p>\n<p><em><strong>La unidad dentro de la unidad<\/strong><\/em><\/p>\n<p>&nbsp;<\/p>\n<p>No es \u201cel amor despu\u00e9s del amor\u201d pero es una muestra de que el Frente de Todos en un sector se muestra unido. O, como dijimos que dijo Massa m\u00e1s arriba&#8230; \u201dunidad aunque duela\u201d.<\/p>\n<p>&nbsp;<\/p>\n<p>Despu\u00e9s de la actividad del Colegio de Ingenierios, Sergio Massa se dirigi\u00f3 al club Mariano Moreno donde encabez\u00f3\u00a0<strong>un plenario del Frente Renovador de la S\u00e9ptima Secci\u00f3n<\/strong>. Eduardo Rodr\u00edguez fue la figura local sobresaliente, pero no el \u00fanico.<\/p>\n<p>&nbsp;<\/p>\n<p><strong>\u201cHubo muy buenos gestos ayer\u201d<\/strong>\u00a0dijo uno de los asistentes a la foto del plenario del FR: De Mendiguren, Milesi, Padulo, Nasello, Bucca, Iguerategui, Ripoll, Schwindt, Rodr\u00edguez, Sarachu, Lissalde se mostraron todos juntos en una foto que, seg\u00fan algunos que hablaron con este newsletter,\u00a0<em>\u201cdice mucho m\u00e1s que la unidad del Frente Renovador\u201d<\/em>.<\/p>\n<p>&nbsp;<\/p>\n<p><img data-recalc-dims=\"1\" loading=\"lazy\" decoding=\"async\" class=\"size-large wp-image-37987 aligncenter\" src=\"https:\/\/i0.wp.com\/cdnoticias.com\/wp-content\/uploads\/2021\/11\/campa%C3%B1a-tolosa-paz-massa-5-1024x683.jpg?resize=800%2C534&#038;ssl=1\" alt=\"\" width=\"800\" height=\"534\" srcset=\"https:\/\/i0.wp.com\/cdnoticias.com\/wp-content\/uploads\/2021\/11\/campa%C3%B1a-tolosa-paz-massa-5.jpg?resize=1024%2C683&amp;ssl=1 1024w, https:\/\/i0.wp.com\/cdnoticias.com\/wp-content\/uploads\/2021\/11\/campa%C3%B1a-tolosa-paz-massa-5.jpg?resize=300%2C200&amp;ssl=1 300w, https:\/\/i0.wp.com\/cdnoticias.com\/wp-content\/uploads\/2021\/11\/campa%C3%B1a-tolosa-paz-massa-5.jpg?resize=768%2C512&amp;ssl=1 768w, https:\/\/i0.wp.com\/cdnoticias.com\/wp-content\/uploads\/2021\/11\/campa%C3%B1a-tolosa-paz-massa-5.jpg?resize=272%2C182&amp;ssl=1 272w, https:\/\/i0.wp.com\/cdnoticias.com\/wp-content\/uploads\/2021\/11\/campa%C3%B1a-tolosa-paz-massa-5.jpg?w=1422&amp;ssl=1 1422w\" sizes=\"auto, (max-width: 800px) 100vw, 800px\" \/><\/p>\n<p>&nbsp;<\/p>\n<p>Mientras que algunos prefirieron se\u00f1alar que\u00a0<strong>Bucca\u00a0<\/strong>contin\u00faa en la b\u00fasqueda de un\u00a0<strong>complemento con C\u00e9sar Valicenti<\/strong>, otros leyeron\u00a0la imagen como\u00a0<strong>una \u201cmuestra de poder\u201d<\/strong>\u00a0para lo que pueda pasar despu\u00e9s del 14 de noviembre, no precisamente como un complemento, sino como un competencia por el liderazgo de la S\u00e9ptima Secci\u00f3n.<\/p>\n<p>&nbsp;<\/p>\n<p>Lo concreto es que la reuni\u00f3n fue catalogada como \u201cmuy positiva\u201d y se hizo especial \u00e9nfasis en el pedido de\u00a0<strong>\u201cmilitar la boleta completa, que acompa\u00f1en a Tolosa Paz, a Bali y a Maximiliano Wesner\u201d<\/strong>. \u00bfEso tambi\u00e9n fue un palito?<\/p>\n<p>&nbsp;<\/p>\n<p><em><strong>Un extracto<\/strong><\/em><\/p>\n<p>&nbsp;<\/p>\n<p>Estos temas, y otros m\u00e1s de la actualidad del \u00e1mbito pol\u00edtico local, se publicaron en la edici\u00f3n de este domingo del\u00a0<strong>newsletter\u00a0Volver a las Fuentes<\/strong>\u00a0\u2013en esta edici\u00f3n,\u00a0<strong>\u201cCampa\u00f1a: parada Olavarr\u00eda\u2026 \u00a1Ac\u00e1 se bajaron todos!\u201d<\/strong>\u00a0\u2013 que escriben semanalmente\u00a0<strong>Alexis Grierson\u00a0y\u00a0Josefina Bargas<\/strong>.<\/p>\n<p>&nbsp;<\/p>\n<p>La publicaci\u00f3n es gratuita, sale todos los domingos a la ma\u00f1ana.<a href=\"https:\/\/mailchi.mp\/82a214d4b274\/campaa-parada-olavarraac-se-bajaron-todos?e=e4ffb04d40\" target=\"_blank\" rel=\"noopener\">\u00a0La\u00a0edici\u00f3n completa ac\u00e1<\/a>\u00a0y la\u00a0<a href=\"https:\/\/gmail.us17.list-manage.com\/subscribe?u=cba2a41506a8e26d100c3f0f8&amp;id=63ce583cd9\" target=\"_blank\" rel=\"noopener\">suscripci\u00f3n est\u00e1 abierta aqu\u00ed mediante una direcci\u00f3n de correo electr\u00f3nico<\/a>.<\/p>\n","protected":false},"excerpt":{"rendered":"<p>Las estrategias de campa\u00f1a y comunicaci\u00f3n de Todos y de Juntos. El d\u00eda que llegaron los principales candidatos a la<\/p>\n","protected":false},"author":4,"featured_media":37995,"comment_status":"closed","ping_status":"closed","sticky":false,"template":"","format":"standard","meta":{"_jetpack_memberships_contains_paid_content":false,"footnotes":""},"categories":[4,1],"tags":[],"class_list":["post-37992","post","type-post","status-publish","format-standard","has-post-thumbnail","hentry","category-politica","category-portada"],"jetpack_featured_media_url":"https:\/\/i0.wp.com\/cdnoticias.com\/wp-content\/uploads\/2021\/11\/campa%C3%B1a-tapa-01.jpg?fit=800%2C445&ssl=1","jetpack_sharing_enabled":true,"_links":{"self":[{"href":"https:\/\/cdnoticias.com\/index.php\/wp-json\/wp\/v2\/posts\/37992","targetHints":{"allow":["GET"]}}],"collection":[{"href":"https:\/\/cdnoticias.com\/index.php\/wp-json\/wp\/v2\/posts"}],"about":[{"href":"https:\/\/cdnoticias.com\/index.php\/wp-json\/wp\/v2\/types\/post"}],"author":[{"embeddable":true,"href":"https:\/\/cdnoticias.com\/index.php\/wp-json\/wp\/v2\/users\/4"}],"replies":[{"embeddable":true,"href":"https:\/\/cdnoticias.com\/index.php\/wp-json\/wp\/v2\/comments?post=37992"}],"version-history":[{"count":0,"href":"https:\/\/cdnoticias.com\/index.php\/wp-json\/wp\/v2\/posts\/37992\/revisions"}],"wp:featuredmedia":[{"embeddable":true,"href":"https:\/\/cdnoticias.com\/index.php\/wp-json\/wp\/v2\/media\/37995"}],"wp:attachment":[{"href":"https:\/\/cdnoticias.com\/index.php\/wp-json\/wp\/v2\/media?parent=37992"}],"wp:term":[{"taxonomy":"category","embeddable":true,"href":"https:\/\/cdnoticias.com\/index.php\/wp-json\/wp\/v2\/categories?post=37992"},{"taxonomy":"post_tag","embeddable":true,"href":"https:\/\/cdnoticias.com\/index.php\/wp-json\/wp\/v2\/tags?post=37992"}],"curies":[{"name":"wp","href":"https:\/\/api.w.org\/{rel}","templated":true}]}}