{"id":37966,"date":"2021-11-07T13:15:47","date_gmt":"2021-11-07T16:15:47","guid":{"rendered":"http:\/\/www.centraldenoticias.com.ar\/?p=37966"},"modified":"2021-11-07T13:15:47","modified_gmt":"2021-11-07T16:15:47","slug":"el-espacio-de-diversidad-y-disidencias-en-un-encuentro-sindical-en-mar-del-plata","status":"publish","type":"post","link":"https:\/\/cdnoticias.com\/index.php\/2021\/11\/07\/el-espacio-de-diversidad-y-disidencias-en-un-encuentro-sindical-en-mar-del-plata\/","title":{"rendered":"El Espacio de Diversidad y Disidencias, en un encuentro sindical en Mar del Plata"},"content":{"rendered":"<p>La coordinadora del \u00e1rea que pertenece al Sindicato de Trabajadores Municipales, Victoria Altavista, destac\u00f3 la importancia del trabajo en red y valor\u00f3 el nuevo lugar de las travestis: \u201clas cosas est\u00e1n cambiando\u201d.<!--more--><\/p>\n<hr \/>\n<p><strong>La coordinadora del Espacio de Diversidad Sexual y Disidencias<\/strong> del Sindicato de Trabajadores Municipales de Olavarr\u00eda, Victoria Altavista, particip\u00f3 d\u00edas pasados del <strong>Encuentro Sindical que se hizo en la ciudad de Mar del Plata<\/strong> junto a entidades gremiales de toda la provincia.<\/p>\n<p>&nbsp;<\/p>\n<p><img data-recalc-dims=\"1\" loading=\"lazy\" decoding=\"async\" class=\"size-full wp-image-37968 aligncenter\" src=\"https:\/\/i0.wp.com\/cdnoticias.com\/wp-content\/uploads\/2021\/11\/espacio-de-diversidad-STMO-victoria-altavista-01.jpg?resize=800%2C450&#038;ssl=1\" alt=\"\" width=\"800\" height=\"450\" srcset=\"https:\/\/i0.wp.com\/cdnoticias.com\/wp-content\/uploads\/2021\/11\/espacio-de-diversidad-STMO-victoria-altavista-01.jpg?w=800&amp;ssl=1 800w, https:\/\/i0.wp.com\/cdnoticias.com\/wp-content\/uploads\/2021\/11\/espacio-de-diversidad-STMO-victoria-altavista-01.jpg?resize=300%2C169&amp;ssl=1 300w, https:\/\/i0.wp.com\/cdnoticias.com\/wp-content\/uploads\/2021\/11\/espacio-de-diversidad-STMO-victoria-altavista-01.jpg?resize=768%2C432&amp;ssl=1 768w\" sizes=\"auto, (max-width: 800px) 100vw, 800px\" \/><\/p>\n<p>&nbsp;<\/p>\n<p>La labor consisti\u00f3 en contar el trabajo en equipo que lleva adelante el espacio, y \u201ca la vez tejiendo redes. <strong>Lo importante del trabajo en red es que nos sirve para seguir creciendo y avanzando<\/strong>\u201d destac\u00f3 Victoria.<\/p>\n<p>&nbsp;<\/p>\n<blockquote><p>&#8220;Es hermoso hoy en d\u00eda ver que las travestis tomamos lugares de importancia. Antes no pasaba que una travesti formara parte de un sindicato. Las cosas est\u00e1n cambiando y siempre agradecida al STMO y su secretario general por esta oportunidad&#8221; resalt\u00f3 la dirigente a modo de balance.<\/p><\/blockquote>\n<p>&nbsp;<\/p>\n<p><img data-recalc-dims=\"1\" loading=\"lazy\" decoding=\"async\" class=\"size-full wp-image-37967 aligncenter\" src=\"https:\/\/i0.wp.com\/cdnoticias.com\/wp-content\/uploads\/2021\/11\/espacio-de-diversidad-STMO-victoria-altavista-00.jpg?resize=709%2C394&#038;ssl=1\" alt=\"\" width=\"709\" height=\"394\" srcset=\"https:\/\/i0.wp.com\/cdnoticias.com\/wp-content\/uploads\/2021\/11\/espacio-de-diversidad-STMO-victoria-altavista-00.jpg?w=709&amp;ssl=1 709w, https:\/\/i0.wp.com\/cdnoticias.com\/wp-content\/uploads\/2021\/11\/espacio-de-diversidad-STMO-victoria-altavista-00.jpg?resize=300%2C167&amp;ssl=1 300w\" sizes=\"auto, (max-width: 709px) 100vw, 709px\" \/><\/p>\n<p><img data-recalc-dims=\"1\" loading=\"lazy\" decoding=\"async\" class=\"size-full wp-image-37970 aligncenter\" src=\"https:\/\/i0.wp.com\/cdnoticias.com\/wp-content\/uploads\/2021\/11\/espacio-de-diversidad-STMO-victoria-altavista-03.jpg?resize=500%2C674&#038;ssl=1\" alt=\"\" width=\"500\" height=\"674\" srcset=\"https:\/\/i0.wp.com\/cdnoticias.com\/wp-content\/uploads\/2021\/11\/espacio-de-diversidad-STMO-victoria-altavista-03.jpg?w=500&amp;ssl=1 500w, https:\/\/i0.wp.com\/cdnoticias.com\/wp-content\/uploads\/2021\/11\/espacio-de-diversidad-STMO-victoria-altavista-03.jpg?resize=223%2C300&amp;ssl=1 223w\" sizes=\"auto, (max-width: 500px) 100vw, 500px\" \/><\/p>\n","protected":false},"excerpt":{"rendered":"<p>La coordinadora del \u00e1rea que pertenece al Sindicato de Trabajadores Municipales, Victoria Altavista, destac\u00f3 la importancia del trabajo en red<\/p>\n","protected":false},"author":4,"featured_media":37969,"comment_status":"closed","ping_status":"closed","sticky":false,"template":"","format":"standard","meta":{"_jetpack_memberships_contains_paid_content":false,"footnotes":""},"categories":[5,1],"tags":[],"class_list":["post-37966","post","type-post","status-publish","format-standard","has-post-thumbnail","hentry","category-informacion-general","category-portada"],"jetpack_featured_media_url":"https:\/\/i0.wp.com\/cdnoticias.com\/wp-content\/uploads\/2021\/11\/espacio-de-diversidad-STMO-victoria-altavista-02.jpg?fit=800%2C446&ssl=1","jetpack_sharing_enabled":true,"_links":{"self":[{"href":"https:\/\/cdnoticias.com\/index.php\/wp-json\/wp\/v2\/posts\/37966","targetHints":{"allow":["GET"]}}],"collection":[{"href":"https:\/\/cdnoticias.com\/index.php\/wp-json\/wp\/v2\/posts"}],"about":[{"href":"https:\/\/cdnoticias.com\/index.php\/wp-json\/wp\/v2\/types\/post"}],"author":[{"embeddable":true,"href":"https:\/\/cdnoticias.com\/index.php\/wp-json\/wp\/v2\/users\/4"}],"replies":[{"embeddable":true,"href":"https:\/\/cdnoticias.com\/index.php\/wp-json\/wp\/v2\/comments?post=37966"}],"version-history":[{"count":0,"href":"https:\/\/cdnoticias.com\/index.php\/wp-json\/wp\/v2\/posts\/37966\/revisions"}],"wp:featuredmedia":[{"embeddable":true,"href":"https:\/\/cdnoticias.com\/index.php\/wp-json\/wp\/v2\/media\/37969"}],"wp:attachment":[{"href":"https:\/\/cdnoticias.com\/index.php\/wp-json\/wp\/v2\/media?parent=37966"}],"wp:term":[{"taxonomy":"category","embeddable":true,"href":"https:\/\/cdnoticias.com\/index.php\/wp-json\/wp\/v2\/categories?post=37966"},{"taxonomy":"post_tag","embeddable":true,"href":"https:\/\/cdnoticias.com\/index.php\/wp-json\/wp\/v2\/tags?post=37966"}],"curies":[{"name":"wp","href":"https:\/\/api.w.org\/{rel}","templated":true}]}}