{"id":37940,"date":"2021-11-06T20:50:58","date_gmt":"2021-11-06T23:50:58","guid":{"rendered":"http:\/\/www.centraldenoticias.com.ar\/?p=37940"},"modified":"2021-11-07T09:06:58","modified_gmt":"2021-11-07T12:06:58","slug":"un-joven-de-20-anos-fue-baleado-en-sierra-chica","status":"publish","type":"post","link":"https:\/\/cdnoticias.com\/index.php\/2021\/11\/06\/un-joven-de-20-anos-fue-baleado-en-sierra-chica\/","title":{"rendered":"Un joven de 20 a\u00f1os fue baleado en Sierra Chica"},"content":{"rendered":"<p>Recibi\u00f3, al menos, dos disparos y debi\u00f3 ser remitido de urgencia al Hospital Municipal. Se investiga a la par el robo de un auto que fue hallado en la escena.<!--more--><\/p>\n<hr \/>\n<p>Un violento episodio se registr\u00f3 en la jornada de este s\u00e1bado en Sierra Chica, frente a la Unidad 27, que dej\u00f3 como saldo <strong>un joven herido con, al menos, dos impactos de bala<\/strong>. El hecho es investigado desde la <a href=\"https:\/\/cdnoticias.com\/index.php\/2021\/11\/06\/el-ministerio-de-seguridad-acepto-el-pedido-sierra-chica-contara-con-una-subcomisaria\/\" target=\"_blank\" rel=\"noopener\">flamante subcomisar\u00eda de Sierra Chica<\/a>, con la direcci\u00f3n de la fiscal\u00eda en turno, la N\u00b0 10 del doctor Miguel Pi\u00f1eiro.<\/p>\n<p>&nbsp;<\/p>\n<p>Fue en el inicio de la tarde cuando se tom\u00f3 conocimiento del hecho a partir del llamado a emergencias para trasladar a un joven de 20 a\u00f1os, quien<strong> fue baleado en un brazo y en el om\u00f3plato<\/strong>, seg\u00fan logr\u00f3 conocer este portal. Fue derivado de urgencia al Hospital Municipal \u201cDoctor H\u00e9ctor Cura\u201d, donde permanece internado.<\/p>\n<p>&nbsp;<\/p>\n<p><img data-recalc-dims=\"1\" loading=\"lazy\" decoding=\"async\" class=\"alignnone size-large wp-image-37941\" src=\"https:\/\/i0.wp.com\/cdnoticias.com\/wp-content\/uploads\/2021\/11\/WhatsApp-Image-2021-11-06-at-20.41.06-1.jpeg?resize=800%2C450&#038;ssl=1\" alt=\"\" width=\"800\" height=\"450\" srcset=\"https:\/\/i0.wp.com\/cdnoticias.com\/wp-content\/uploads\/2021\/11\/WhatsApp-Image-2021-11-06-at-20.41.06-1.jpeg?resize=1024%2C576&amp;ssl=1 1024w, https:\/\/i0.wp.com\/cdnoticias.com\/wp-content\/uploads\/2021\/11\/WhatsApp-Image-2021-11-06-at-20.41.06-1.jpeg?resize=300%2C169&amp;ssl=1 300w, https:\/\/i0.wp.com\/cdnoticias.com\/wp-content\/uploads\/2021\/11\/WhatsApp-Image-2021-11-06-at-20.41.06-1.jpeg?resize=768%2C432&amp;ssl=1 768w, https:\/\/i0.wp.com\/cdnoticias.com\/wp-content\/uploads\/2021\/11\/WhatsApp-Image-2021-11-06-at-20.41.06-1.jpeg?w=1600&amp;ssl=1 1600w\" sizes=\"auto, (max-width: 800px) 100vw, 800px\" \/><\/p>\n<p>&nbsp;<\/p>\n<p>Las condiciones del hecho son a\u00fan materia de estudio y entre las hip\u00f3tesis<strong> se busca conocer si la agresi\u00f3n se encuentra vinculada con el robo de un auto en nuestra ciudad, que sucedi\u00f3 en horas de la ma\u00f1ana y el rodado fue hallado en la escena<\/strong>.<\/p>\n<p>&nbsp;<\/p>\n<p><strong>Central de Noticias<\/strong> logr\u00f3 conocer que minutos despu\u00e9s de las 10 un Fiat Palio fue sustra\u00eddo en la zona de Saavedra al 4300, luego de que desconocidos forzaran la cerradura de un garage y escaparan con el rodado. <strong>El Fiat fue encontrado frente a la Unidad 27, el sitio donde se produjo la balacera<\/strong>.<\/p>\n","protected":false},"excerpt":{"rendered":"<p>Recibi\u00f3, al menos, dos disparos y debi\u00f3 ser remitido de urgencia al Hospital Municipal. Se investiga a la par el<\/p>\n","protected":false},"author":3,"featured_media":37942,"comment_status":"closed","ping_status":"closed","sticky":false,"template":"","format":"standard","meta":{"_jetpack_memberships_contains_paid_content":false,"footnotes":""},"categories":[14,1],"tags":[],"class_list":["post-37940","post","type-post","status-publish","format-standard","has-post-thumbnail","hentry","category-policiales","category-portada"],"jetpack_featured_media_url":"https:\/\/i0.wp.com\/cdnoticias.com\/wp-content\/uploads\/2021\/11\/WhatsApp-Image-2021-11-06-at-20.41.06.jpeg?fit=1600%2C900&ssl=1","jetpack_sharing_enabled":true,"_links":{"self":[{"href":"https:\/\/cdnoticias.com\/index.php\/wp-json\/wp\/v2\/posts\/37940","targetHints":{"allow":["GET"]}}],"collection":[{"href":"https:\/\/cdnoticias.com\/index.php\/wp-json\/wp\/v2\/posts"}],"about":[{"href":"https:\/\/cdnoticias.com\/index.php\/wp-json\/wp\/v2\/types\/post"}],"author":[{"embeddable":true,"href":"https:\/\/cdnoticias.com\/index.php\/wp-json\/wp\/v2\/users\/3"}],"replies":[{"embeddable":true,"href":"https:\/\/cdnoticias.com\/index.php\/wp-json\/wp\/v2\/comments?post=37940"}],"version-history":[{"count":0,"href":"https:\/\/cdnoticias.com\/index.php\/wp-json\/wp\/v2\/posts\/37940\/revisions"}],"wp:featuredmedia":[{"embeddable":true,"href":"https:\/\/cdnoticias.com\/index.php\/wp-json\/wp\/v2\/media\/37942"}],"wp:attachment":[{"href":"https:\/\/cdnoticias.com\/index.php\/wp-json\/wp\/v2\/media?parent=37940"}],"wp:term":[{"taxonomy":"category","embeddable":true,"href":"https:\/\/cdnoticias.com\/index.php\/wp-json\/wp\/v2\/categories?post=37940"},{"taxonomy":"post_tag","embeddable":true,"href":"https:\/\/cdnoticias.com\/index.php\/wp-json\/wp\/v2\/tags?post=37940"}],"curies":[{"name":"wp","href":"https:\/\/api.w.org\/{rel}","templated":true}]}}