{"id":3792,"date":"2020-10-12T20:44:46","date_gmt":"2020-10-12T23:44:46","guid":{"rendered":"http:\/\/www.centraldenoticias.com.ar\/?p=3792"},"modified":"2020-10-13T08:31:34","modified_gmt":"2020-10-13T11:31:34","slug":"anunciaron-un-plan-de-deteccion-temprana-de-casos-asintomaticos-de-covid-19","status":"publish","type":"post","link":"https:\/\/cdnoticias.com\/index.php\/2020\/10\/12\/anunciaron-un-plan-de-deteccion-temprana-de-casos-asintomaticos-de-covid-19\/","title":{"rendered":"Anunciaron un plan de detecci\u00f3n temprana de casos asintom\u00e1ticos de Covid-19"},"content":{"rendered":"<p>&nbsp;<\/p>\n<p>\u201cSe busca encontrar a los positivos, aislarlos y que no sigan contagiando\u201d, afirm\u00f3 el intendente Ezequiel Galli en una conferencia realizada en el Sal\u00f3n Rivadavia y con una fuerte protesta en las puertas del lugar. Los detalles del nuevo programa, la cantidad de respiradores y la insistencia -una vez m\u00e1s- con las medidas de prevenci\u00f3n. Adem\u00e1s, nuevas caracter\u00edsticas de los casos positivos.\u00a0<!--more--><\/p>\n<hr \/>\n<p>Minutos despu\u00e9s de las 20 horas el Intendente Ezequiel Galli ingres\u00f3 al Sal\u00f3n Rivadavia acompa\u00f1ado del secretario de Salud Dr. Germ\u00e1n Caputo, para brindar una<strong> conferencia de prensa en el marco de la emergencia sanitaria que se realiz\u00f3 en medio de una fuerte manifestaci\u00f3n de la Mesa de Emergencia en las puertas del lugar.<\/strong><\/p>\n<p>&nbsp;<\/p>\n<p>En primer lugar, el intendente detall\u00f3 el parte diario que indic\u00f3 que <a href=\"https:\/\/cdnoticias.com\/index.php\/2020\/10\/12\/el-intendente-galli-confirmo-38-nuevos-casos-y-2-fallecidos-por-covid-19\/\" target=\"_blank\" rel=\"noopener\">2 personas fallecieron en las \u00faltimas 24 horas y se registraron 38 casos positivos.<\/a><\/p>\n<p>&nbsp;<\/p>\n<p>El jefe comunal anunci\u00f3 un <strong><em>\u201cplan de testeos\u201d<\/em><\/strong> en distintos lugares de la ciudad. Afirm\u00f3 que <em>\u201cen las \u00faltimas semanas hemos transitado hasta ahora el pico de la pandemia. Hemos hecho un <strong>reordenamiento de algunos servicios del Hospital Municipal para tener mayor cantidad de camas si es necesario<\/strong>\u201d<\/em>. Acto seguido tom\u00f3 la palabra el secretario de Salud.<\/p>\n<p>&nbsp;<\/p>\n<p>El Dr. Caputo antes de brindar los detalles del plan se\u00f1al\u00f3 que <em>\u201cestamos transitando la parte m\u00e1s compleja desde el inicio de la pandemia con 314 casos activos y 48 \u00f3bitos\u201d<\/em>, y asegur\u00f3 que este brote tiene caracter\u00edsticas distintas. Es decir, en esta oportunidad hay comprometido <strong><em>\u201cpersonal esencial, adultos j\u00f3venes, mujeres embarazadas que requieren un tratamiento espec\u00edfico, ni\u00f1os y un porcentaje de pacientes que no le encontramos el nexo por el momento\u201d.<\/em><\/strong><\/p>\n<p>&nbsp;<\/p>\n<p>El an\u00e1lisis de los distintos datos permiti\u00f3 evaluar distintas medidas a tomar respecto a las proyecciones de ocupaci\u00f3n hospitalaria por COVID-19 a 30 d\u00edas. De esta forma se realizar\u00e1 una<strong><em> \u201credistribuci\u00f3n hospitalaria y de recursos para tratar de captar m\u00e1s r\u00e1pidamente el positivo y que contagie menos\u201d.<\/em><\/strong><\/p>\n<p>&nbsp;<\/p>\n<blockquote><p>\u201cLo que disminuyen los contagios son las distintas actitudes personales que podemos llegar a tomar\u201d, asegur\u00f3 Caputo y anunci\u00f3 un \u201cprograma de detecci\u00f3n temprana de casos asintom\u00e1ticos\u201d.<\/p><\/blockquote>\n<p>&nbsp;<\/p>\n<p><strong>La metodolog\u00eda del plan<\/strong><\/p>\n<p>Este plan <strong>durar\u00e1 6 d\u00edas y cubrir\u00e1 7 localidades y 8 \u00e1reas urbanas.<\/strong> Comenzar\u00e1 el 15 de octubre en Loma Negra y Sierras Bayas y seguir\u00e1 con distintas bases operativas en horarios y d\u00edas estipulados. La evaluaci\u00f3n ser\u00e1 realizada por personal id\u00f3neo quien analizar\u00e1 la necesidad de hisopado, aislamiento de casos sospechosos y contactos estrechos.<\/p>\n<p>&nbsp;<\/p>\n<p><em>\u201cVa a ser una semana que llegaremos a los 180 o 200 testeos. Los positivos van a aumentar, pero tambi\u00e9n creemos que la tasa de positividad va a bajar<\/em>\u201d, asegur\u00f3 Caputo y Ezequiel Galli agreg\u00f3: \u201c<strong><em>Se busca encontrar a los positivos, aislarlos y que no sigan contagiando\u201d.<\/em><\/strong><\/p>\n<p>&nbsp;<\/p>\n<p><strong>Afuera, la protesta<\/strong><\/p>\n<p>Los bombos y redoblantes se hicieron escuchar durante toda la conferencia. <strong>Afuera del Sal\u00f3n Rivadavia, integrantes de la Mesa de Emergencia mantuvieron el reclamo por viviendas.<\/strong> Ante la consulta de un periodista sobre la protesta, el intendente indic\u00f3 que <strong><em>\u201cla conferencia es por temas covid, eso es otro tema en el que se est\u00e1 trabajando, el problema habitacional no es algo que haya ocurrido en los \u00faltimos 10 meses\u201d<\/em><\/strong> y enumer\u00f3 una serie de acciones realizadas durante su gesti\u00f3n.<\/p>\n<p>&nbsp;<\/p>\n<p><img data-recalc-dims=\"1\" loading=\"lazy\" decoding=\"async\" class=\"alignnone size-large wp-image-3796\" src=\"https:\/\/i0.wp.com\/cdnoticias.com\/wp-content\/uploads\/2020\/10\/WhatsApp-Image-2020-10-12-at-20.46.36.jpeg?resize=800%2C450&#038;ssl=1\" alt=\"\" width=\"800\" height=\"450\" srcset=\"https:\/\/i0.wp.com\/cdnoticias.com\/wp-content\/uploads\/2020\/10\/WhatsApp-Image-2020-10-12-at-20.46.36.jpeg?resize=1024%2C576&amp;ssl=1 1024w, https:\/\/i0.wp.com\/cdnoticias.com\/wp-content\/uploads\/2020\/10\/WhatsApp-Image-2020-10-12-at-20.46.36.jpeg?resize=300%2C169&amp;ssl=1 300w, https:\/\/i0.wp.com\/cdnoticias.com\/wp-content\/uploads\/2020\/10\/WhatsApp-Image-2020-10-12-at-20.46.36.jpeg?resize=768%2C432&amp;ssl=1 768w, https:\/\/i0.wp.com\/cdnoticias.com\/wp-content\/uploads\/2020\/10\/WhatsApp-Image-2020-10-12-at-20.46.36.jpeg?w=1152&amp;ssl=1 1152w\" sizes=\"auto, (max-width: 800px) 100vw, 800px\" \/><\/p>\n<p>&nbsp;<\/p>\n<p><img data-recalc-dims=\"1\" loading=\"lazy\" decoding=\"async\" class=\"alignnone size-large wp-image-3797\" src=\"https:\/\/i0.wp.com\/cdnoticias.com\/wp-content\/uploads\/2020\/10\/WhatsApp-Image-2020-10-12-at-20.48.20.jpeg?resize=800%2C450&#038;ssl=1\" alt=\"\" width=\"800\" height=\"450\" srcset=\"https:\/\/i0.wp.com\/cdnoticias.com\/wp-content\/uploads\/2020\/10\/WhatsApp-Image-2020-10-12-at-20.48.20.jpeg?resize=1024%2C576&amp;ssl=1 1024w, https:\/\/i0.wp.com\/cdnoticias.com\/wp-content\/uploads\/2020\/10\/WhatsApp-Image-2020-10-12-at-20.48.20.jpeg?resize=300%2C169&amp;ssl=1 300w, https:\/\/i0.wp.com\/cdnoticias.com\/wp-content\/uploads\/2020\/10\/WhatsApp-Image-2020-10-12-at-20.48.20.jpeg?resize=768%2C432&amp;ssl=1 768w, https:\/\/i0.wp.com\/cdnoticias.com\/wp-content\/uploads\/2020\/10\/WhatsApp-Image-2020-10-12-at-20.48.20.jpeg?w=1152&amp;ssl=1 1152w\" sizes=\"auto, (max-width: 800px) 100vw, 800px\" \/><\/p>\n<p>&nbsp;<\/p>\n<p><em>\u201cEs una forma de protesta, pero la conferencia es para temas covid. Vamos a seguir con la pr\u00f3xima pregunta\u201d<\/em>, finaliz\u00f3.<\/p>\n<p>&nbsp;<\/p>\n<p><strong>\u00bfCu\u00e1ntos respiradores?<\/strong><\/p>\n<p><em>\u201cEl n\u00famero es variable, ten\u00e9s respiradores, port\u00e1tiles, de traslado, c\u00e1maras de reservorio\u2026 en un momento podemos llegar a tener 25, y en otro momento menos\u201d,<\/em> asegur\u00f3 Caputo.<\/p>\n<p>&nbsp;<\/p>\n<p><em>\u201cHay varias situaciones que es dif\u00edcil contestarlo con un mensaje de texto en medio del trabajo\u201d<\/em>, concluy\u00f3 el secretario de Salud, haciendo referencia a una consulta period\u00edstica recibida durante la tarde de este lunes.<\/p>\n<p>&nbsp;<\/p>\n<p><img data-recalc-dims=\"1\" loading=\"lazy\" decoding=\"async\" class=\"alignnone size-large wp-image-3788\" src=\"https:\/\/i0.wp.com\/cdnoticias.com\/wp-content\/uploads\/2020\/10\/WhatsApp-Image-2020-10-12-at-20.04.54.jpeg?resize=800%2C450&#038;ssl=1\" alt=\"\" width=\"800\" height=\"450\" srcset=\"https:\/\/i0.wp.com\/cdnoticias.com\/wp-content\/uploads\/2020\/10\/WhatsApp-Image-2020-10-12-at-20.04.54.jpeg?resize=1024%2C576&amp;ssl=1 1024w, https:\/\/i0.wp.com\/cdnoticias.com\/wp-content\/uploads\/2020\/10\/WhatsApp-Image-2020-10-12-at-20.04.54.jpeg?resize=300%2C169&amp;ssl=1 300w, https:\/\/i0.wp.com\/cdnoticias.com\/wp-content\/uploads\/2020\/10\/WhatsApp-Image-2020-10-12-at-20.04.54.jpeg?resize=768%2C432&amp;ssl=1 768w, https:\/\/i0.wp.com\/cdnoticias.com\/wp-content\/uploads\/2020\/10\/WhatsApp-Image-2020-10-12-at-20.04.54.jpeg?w=1280&amp;ssl=1 1280w\" sizes=\"auto, (max-width: 800px) 100vw, 800px\" \/><\/p>\n<p>&nbsp;<\/p>\n<p><strong>Responsabilidad social<\/strong><\/p>\n<p>El discurso se repite. <em>\u201cVenimos con esto hace casi 7 meses y todav\u00eda hay gente que no lo entendi\u00f3 o no lo quiere entender\u201d<\/em>, se\u00f1al\u00f3 Galli.<\/p>\n<p>&nbsp;<\/p>\n<p><strong><em>\u201cSi el comportamiento es irresponsable va a haber un mont\u00f3n de gente que no va a poder salir a trabajar\u201d<\/em><\/strong>, enfatiz\u00f3 el jefe comunal y pidi\u00f3 que todos los ciudadanos<em> \u201cpongan su granito de arena\u201d.<\/em><\/p>\n<p>&nbsp;<\/p>\n<p>Tambi\u00e9n, indic\u00f3 que <em>\u201cevaluando los nexos tenemos positivos en reuniones sociales, pero <strong>tambi\u00e9n tenemos positivos en lugares de trabajo, algunos nexos que no los tenemos.<\/strong> Hay que cuidarse en lugares de trabajo y las reuniones sociales dejarlas para m\u00e1s adelante\u201d,<\/em> afirm\u00f3 Caputo.<\/p>\n","protected":false},"excerpt":{"rendered":"<p>&nbsp; \u201cSe busca encontrar a los positivos, aislarlos y que no sigan contagiando\u201d, afirm\u00f3 el intendente Ezequiel Galli en una<\/p>\n","protected":false},"author":5,"featured_media":3787,"comment_status":"closed","ping_status":"closed","sticky":false,"template":"","format":"standard","meta":{"_jetpack_memberships_contains_paid_content":false,"footnotes":""},"categories":[5,1],"tags":[],"class_list":["post-3792","post","type-post","status-publish","format-standard","has-post-thumbnail","hentry","category-informacion-general","category-portada"],"jetpack_featured_media_url":"https:\/\/i0.wp.com\/cdnoticias.com\/wp-content\/uploads\/2020\/10\/WhatsApp-Image-2020-10-12-at-20.04.36.jpeg?fit=1280%2C720&ssl=1","jetpack_sharing_enabled":true,"_links":{"self":[{"href":"https:\/\/cdnoticias.com\/index.php\/wp-json\/wp\/v2\/posts\/3792","targetHints":{"allow":["GET"]}}],"collection":[{"href":"https:\/\/cdnoticias.com\/index.php\/wp-json\/wp\/v2\/posts"}],"about":[{"href":"https:\/\/cdnoticias.com\/index.php\/wp-json\/wp\/v2\/types\/post"}],"author":[{"embeddable":true,"href":"https:\/\/cdnoticias.com\/index.php\/wp-json\/wp\/v2\/users\/5"}],"replies":[{"embeddable":true,"href":"https:\/\/cdnoticias.com\/index.php\/wp-json\/wp\/v2\/comments?post=3792"}],"version-history":[{"count":0,"href":"https:\/\/cdnoticias.com\/index.php\/wp-json\/wp\/v2\/posts\/3792\/revisions"}],"wp:featuredmedia":[{"embeddable":true,"href":"https:\/\/cdnoticias.com\/index.php\/wp-json\/wp\/v2\/media\/3787"}],"wp:attachment":[{"href":"https:\/\/cdnoticias.com\/index.php\/wp-json\/wp\/v2\/media?parent=3792"}],"wp:term":[{"taxonomy":"category","embeddable":true,"href":"https:\/\/cdnoticias.com\/index.php\/wp-json\/wp\/v2\/categories?post=3792"},{"taxonomy":"post_tag","embeddable":true,"href":"https:\/\/cdnoticias.com\/index.php\/wp-json\/wp\/v2\/tags?post=3792"}],"curies":[{"name":"wp","href":"https:\/\/api.w.org\/{rel}","templated":true}]}}