{"id":37898,"date":"2021-11-06T15:59:20","date_gmt":"2021-11-06T18:59:20","guid":{"rendered":"http:\/\/www.centraldenoticias.com.ar\/?p=37898"},"modified":"2021-11-06T20:51:37","modified_gmt":"2021-11-06T23:51:37","slug":"referentes-y-militantes-de-juntos-compartieron-una-cena-previo-a-las-elecciones","status":"publish","type":"post","link":"https:\/\/cdnoticias.com\/index.php\/2021\/11\/06\/referentes-y-militantes-de-juntos-compartieron-una-cena-previo-a-las-elecciones\/","title":{"rendered":"Referentes y militantes de Juntos compartieron una cena previo a las elecciones"},"content":{"rendered":"<p>Se llev\u00f3 a cabo en la noche del \u00faltimo viernes en la quinta del Club Pueblo Nuevo. Ezequiel Galli, Bel\u00e9n Vergel, Diego Robbiani y Bruno Cenizo fueron los anfitriones y oradores.<!--more--><\/p>\n<hr \/>\n<p><strong>\u201cLes pido que salgan a buscar a ese que no fue a votar, a convencer a ese que voto un espacio que no qued\u00f3, que vayamos a buscar a cada uno de los vecinos que quieren un pa\u00eds distinto\u201d<\/strong>, con esa suerte de arenga el intendente municipal Ezequiel Galli cerr\u00f3 en la noche del \u00faltimo viernes los discursos que se escucharon en el marco de una cena a la que concurrieron referentes y militantes de Juntos, adem\u00e1s de referentes empresariales y comunidad en general. Entre otras personas, se pudo ver a la diputada provincial Alejandra Lorden, al diputado nacional Fabio Quetglas, el referente azule\u00f1o del Pro Ramiro Ortiz y la candidata a senadora Lorena Mandagaran.<\/p>\n<p>&nbsp;<\/p>\n<p>Todo tuvo como escenario la quinta del club Pueblo Nuevo, ubicada en la zona del barrio Pickelado lindera a la ruta 60. El jefe comunal fue uno de los anfitriones del evento, adem\u00e1s de ser el \u00faltimo orador en la velada. La primera en hablarle a los presentes fue Bel\u00e9n Vergel, la referente del radicalismo local quien se ubicar\u00e1 en el sexto lugar de la boleta de la coalici\u00f3n este domingo 14 de noviembre. \u201c<strong>Gracias a los militantes que hacen posible la campa\u00f1a, a la juventud, a los vecinos que nos abrieron las puertas de sus casas, a las familias\u201d,<\/strong> inici\u00f3 su intervenci\u00f3n<\/p>\n<p>&nbsp;<\/p>\n<p><img data-recalc-dims=\"1\" loading=\"lazy\" decoding=\"async\" class=\"alignnone size-full wp-image-37899\" src=\"https:\/\/i0.wp.com\/cdnoticias.com\/wp-content\/uploads\/2021\/11\/cena-juntos07.jpg?resize=800%2C445&#038;ssl=1\" alt=\"\" width=\"800\" height=\"445\" srcset=\"https:\/\/i0.wp.com\/cdnoticias.com\/wp-content\/uploads\/2021\/11\/cena-juntos07.jpg?w=800&amp;ssl=1 800w, https:\/\/i0.wp.com\/cdnoticias.com\/wp-content\/uploads\/2021\/11\/cena-juntos07.jpg?resize=300%2C167&amp;ssl=1 300w, https:\/\/i0.wp.com\/cdnoticias.com\/wp-content\/uploads\/2021\/11\/cena-juntos07.jpg?resize=768%2C427&amp;ssl=1 768w\" sizes=\"auto, (max-width: 800px) 100vw, 800px\" \/><\/p>\n<p>&nbsp;<\/p>\n<p><strong>\u201cHemos logrado empatizar, generar puentes y esos puentes nos han enriquecido a todos. Seguiremos trabajando, con nuestra gente, con nuestra identidad radical para hacer un Juntos m\u00e1s grande\u201d<\/strong>, a\u00f1adi\u00f3 Vergel, quien enfatiz\u00f3 luego que \u201cnecesitamos seguir trabajando codo a codo para lo que viene. Tenemos que decir basta al kirchnerismo, con un gobierno que no sabe a d\u00f3nde va con viejas pr\u00e1cticas que no nos llevan a ning\u00fan lado\u201d. \u201cEl 14 en las urnas tenemos que reflejar la argentina que queremos\u201d, finaliz\u00f3.<\/p>\n<p>&nbsp;<\/p>\n<p>Luego fue el momento de Bruno Cenizo, actual presidente del Concejo Deliberante y quien buscar\u00e1 renovar esa banca el otro domingo. \u201cTenemos un equipo de lujo. Y lujo tambi\u00e9n es la lista que conformamos. Somos cada vez m\u00e1s, cada vez m\u00e1s plural\u201d, subray\u00f3 a medida que adher\u00eda a lo dicho por Bel\u00e9n Vergel poco antes. <strong>\u201cEstando junto al vecino, caminando y recorriendo es la \u00fanica manera que sabemos. Planificando con el cecino y tratando de hacer de esa necesidad una realidad. Sigamos para adelante y que el 23 nos encuentre much\u00edsimo m\u00e1s juntos que ahora\u201d<\/strong>, finaliz\u00f3.<\/p>\n<p>&nbsp;<\/p>\n<p><img data-recalc-dims=\"1\" loading=\"lazy\" decoding=\"async\" class=\"alignnone size-full wp-image-37901\" src=\"https:\/\/i0.wp.com\/cdnoticias.com\/wp-content\/uploads\/2021\/11\/cena-juntos05.jpg?resize=800%2C445&#038;ssl=1\" alt=\"\" width=\"800\" height=\"445\" srcset=\"https:\/\/i0.wp.com\/cdnoticias.com\/wp-content\/uploads\/2021\/11\/cena-juntos05.jpg?w=800&amp;ssl=1 800w, https:\/\/i0.wp.com\/cdnoticias.com\/wp-content\/uploads\/2021\/11\/cena-juntos05.jpg?resize=300%2C167&amp;ssl=1 300w, https:\/\/i0.wp.com\/cdnoticias.com\/wp-content\/uploads\/2021\/11\/cena-juntos05.jpg?resize=768%2C427&amp;ssl=1 768w\" sizes=\"auto, (max-width: 800px) 100vw, 800px\" \/><\/p>\n<p>&nbsp;<\/p>\n<p>Quien subi\u00f3 posteriormente al escenario fue Diego Robbiani, quien integra la lista de candidatos al Senado bonaerense. \u201cHemos construido una oposici\u00f3n de cara a lo que viene. Tenemos puntos en com\u00fan en educaci\u00f3n, seguridad, productividad. Estamos para escuchar y proponer, con grandes propuestas\u201d, se\u00f1al\u00f3 despu\u00e9s de agradecer a las personas que tomaron parte de la cena. <strong>\u201cHoy la oposici\u00f3n se uni\u00f3 y generamos una obligaci\u00f3n, de seguir juntos de ahora en m\u00e1s. La gente nos dio ese voto de confianza porque ve un voto de esperanza\u201d<\/strong>, continu\u00f3.<\/p>\n<p>&nbsp;<\/p>\n<p><strong>\u201cLa gente se da cuenta que esto no va m\u00e1s. Que se necesita una Argentina de otra manera<\/strong>. Para m\u00ed es un honor formar parte de esta lista. Volver a esta ciudad me cambi\u00f3 la vida\u201d, agreg\u00f3 y se\u00f1al\u00f3 que \u201cla gente quiere un cambio fuerte. Vamos en ese camino. Esta alianza es muy importante y hay que convocar a quienes quieran sumarse y sue\u00f1en con un pa\u00eds distinto\u201d. \u201c<strong>A meterle con todo, a fiscalizar el 14 que es lo \u00faltimo que nos queda. Muchas gracias<\/strong>\u201d, concluy\u00f3.<\/p>\n<p>&nbsp;<\/p>\n<p><img data-recalc-dims=\"1\" loading=\"lazy\" decoding=\"async\" class=\"alignnone size-full wp-image-37903\" src=\"https:\/\/i0.wp.com\/cdnoticias.com\/wp-content\/uploads\/2021\/11\/cena-juntos03.jpg?resize=800%2C445&#038;ssl=1\" alt=\"\" width=\"800\" height=\"445\" srcset=\"https:\/\/i0.wp.com\/cdnoticias.com\/wp-content\/uploads\/2021\/11\/cena-juntos03.jpg?w=800&amp;ssl=1 800w, https:\/\/i0.wp.com\/cdnoticias.com\/wp-content\/uploads\/2021\/11\/cena-juntos03.jpg?resize=300%2C167&amp;ssl=1 300w, https:\/\/i0.wp.com\/cdnoticias.com\/wp-content\/uploads\/2021\/11\/cena-juntos03.jpg?resize=768%2C427&amp;ssl=1 768w\" sizes=\"auto, (max-width: 800px) 100vw, 800px\" \/><\/p>\n<p>&nbsp;<\/p>\n<p>La \u00faltima palabra fue para Ezequiel Galli. \u201cGracias a la UCR, al Peronismo Republicano, GEN, Coalici\u00f3n C\u00edvica, el Pro. A toda esta gente que est\u00e1 ac\u00e1\u201d, inici\u00f3 su discurso. \u201cCreo que realmente ha sido una campa\u00f1a larga, estamos todos muy cansados. Fue muy lindo lo que viene pasando. Lo habl\u00e1bamos con el Colo y con Facundo, de qu\u00e9 pas\u00f3 despu\u00e9s del 12 de septiembre, es que se volvi\u00f3 a generar esperanza. Y<strong> la gente el 12 de septiembre se expres\u00f3, revent\u00f3 las urnas y quieren otro pa\u00eds y queremos otro futuro<\/strong>\u201d, subray\u00f3.<\/p>\n<p>&nbsp;<\/p>\n<p>\u201cLos que queremos hacer esto, lo hacemos por el compromiso que tenemos con nuestro pa\u00eds. Queremos que nuestros hijos se cr\u00eden en nuestro pa\u00eds y por eso vamos a seguir pele\u00e1ndola para devolverle la esperanza a los bonaerenses, a los olavarrienses, porque es lo que nos toca. \u00a0Les pido que salgan a buscar a ese que no fue a votar, a convencer a ese que voto un espacio que no qued\u00f3, que vayamos a buscar a cada uno de los vecinos que quieren un pa\u00eds distinto. <strong>Somos un equipo de trabajo que todos los d\u00edas sale a la calle, con ayuda de todos ustedes que hoy vinieron a acompa\u00f1arnos. Tiene ganas de que las cosas cambien<\/strong>\u201d, finaliz\u00f3.<\/p>\n","protected":false},"excerpt":{"rendered":"<p>Se llev\u00f3 a cabo en la noche del \u00faltimo viernes en la quinta del Club Pueblo Nuevo. Ezequiel Galli, Bel\u00e9n<\/p>\n","protected":false},"author":3,"featured_media":37905,"comment_status":"closed","ping_status":"closed","sticky":false,"template":"","format":"standard","meta":{"_jetpack_memberships_contains_paid_content":false,"footnotes":""},"categories":[17],"tags":[],"class_list":["post-37898","post","type-post","status-publish","format-standard","has-post-thumbnail","hentry","category-elecciones-2021"],"jetpack_featured_media_url":"https:\/\/i0.wp.com\/cdnoticias.com\/wp-content\/uploads\/2021\/11\/cena-juntos01.jpg?fit=800%2C445&ssl=1","jetpack_sharing_enabled":true,"_links":{"self":[{"href":"https:\/\/cdnoticias.com\/index.php\/wp-json\/wp\/v2\/posts\/37898","targetHints":{"allow":["GET"]}}],"collection":[{"href":"https:\/\/cdnoticias.com\/index.php\/wp-json\/wp\/v2\/posts"}],"about":[{"href":"https:\/\/cdnoticias.com\/index.php\/wp-json\/wp\/v2\/types\/post"}],"author":[{"embeddable":true,"href":"https:\/\/cdnoticias.com\/index.php\/wp-json\/wp\/v2\/users\/3"}],"replies":[{"embeddable":true,"href":"https:\/\/cdnoticias.com\/index.php\/wp-json\/wp\/v2\/comments?post=37898"}],"version-history":[{"count":0,"href":"https:\/\/cdnoticias.com\/index.php\/wp-json\/wp\/v2\/posts\/37898\/revisions"}],"wp:featuredmedia":[{"embeddable":true,"href":"https:\/\/cdnoticias.com\/index.php\/wp-json\/wp\/v2\/media\/37905"}],"wp:attachment":[{"href":"https:\/\/cdnoticias.com\/index.php\/wp-json\/wp\/v2\/media?parent=37898"}],"wp:term":[{"taxonomy":"category","embeddable":true,"href":"https:\/\/cdnoticias.com\/index.php\/wp-json\/wp\/v2\/categories?post=37898"},{"taxonomy":"post_tag","embeddable":true,"href":"https:\/\/cdnoticias.com\/index.php\/wp-json\/wp\/v2\/tags?post=37898"}],"curies":[{"name":"wp","href":"https:\/\/api.w.org\/{rel}","templated":true}]}}