{"id":37885,"date":"2021-11-06T15:00:04","date_gmt":"2021-11-06T18:00:04","guid":{"rendered":"http:\/\/www.centraldenoticias.com.ar\/?p=37885"},"modified":"2021-11-06T15:00:04","modified_gmt":"2021-11-06T18:00:04","slug":"la-novena-cena-anual-solidaria-sera-a-beneficio-de-bomberos","status":"publish","type":"post","link":"https:\/\/cdnoticias.com\/index.php\/2021\/11\/06\/la-novena-cena-anual-solidaria-sera-a-beneficio-de-bomberos\/","title":{"rendered":"La novena Cena Anual Solidaria ser\u00e1 a beneficio de Bomberos"},"content":{"rendered":"<p>Lo anunci\u00f3 el intendente Ezequiel Galli. El objetivo es facilitar la construcci\u00f3n del nuevo Destacamento en Loma Negra. La cena se har\u00e1 el 12 de febrero en el CEMO.<!--more--><\/p>\n<hr \/>\n<p><strong>En la ma\u00f1ana de este s\u00e1bado, el intendente Ezequiel Galli estuvo en el cuartel central de Bomberos Voluntarios para confirmar la realizaci\u00f3n de la novena edici\u00f3n de la Cena Anual Solidaria<\/strong> que en esta oportunidad ser\u00e1 en beneficio de la entidad.<\/p>\n<p>&nbsp;<\/p>\n<p><strong>La cena se realizar\u00e1 el pr\u00f3ximo 12 de febrero en 2022 en la sede del CEMO<\/strong>. Las tarjetas estar\u00e1n a la venta el mes pr\u00f3ximo y se estim\u00f3 que se dispondr\u00e1n alrededor de 650 lugares. El costo a\u00fan no se defini\u00f3, aunque el jefe comunal estim\u00f3 que superar\u00e1n los 7.500 pesos.<\/p>\n<p>&nbsp;<\/p>\n<p><img data-recalc-dims=\"1\" loading=\"lazy\" decoding=\"async\" class=\"alignnone size-full wp-image-37894\" src=\"https:\/\/i0.wp.com\/cdnoticias.com\/wp-content\/uploads\/2021\/11\/cena-solidaria-07.jpg?resize=800%2C445&#038;ssl=1\" alt=\"\" width=\"800\" height=\"445\" srcset=\"https:\/\/i0.wp.com\/cdnoticias.com\/wp-content\/uploads\/2021\/11\/cena-solidaria-07.jpg?w=800&amp;ssl=1 800w, https:\/\/i0.wp.com\/cdnoticias.com\/wp-content\/uploads\/2021\/11\/cena-solidaria-07.jpg?resize=300%2C167&amp;ssl=1 300w, https:\/\/i0.wp.com\/cdnoticias.com\/wp-content\/uploads\/2021\/11\/cena-solidaria-07.jpg?resize=768%2C427&amp;ssl=1 768w\" sizes=\"auto, (max-width: 800px) 100vw, 800px\" \/><\/p>\n<p>&nbsp;<\/p>\n<p>En el anuncio, Galli estuvo acompa\u00f1ado por el presidente de la Asociaci\u00f3n <strong>Hugo Fayan\u00e1s<\/strong>, el Jefe del Cuerpo Activo <strong>Ra\u00fal Ferreyra<\/strong>, el secretario de Desarrollo Humano y Calidad de Vida <strong>Diego Robbiani<\/strong> y el presidente del HCD <strong>Bruno Cenizo<\/strong>. Tambi\u00e9n participaron <a href=\"https:\/\/cdnoticias.com\/index.php\/2021\/10\/11\/se-creo-la-subcomision-de-loma-negra-en-bomberos\/\" target=\"_blank\" rel=\"noopener\"><em>integrantes de la comisi\u00f3n de Loma Negra<\/em>, recientemente formada<\/a>.<\/p>\n<p>&nbsp;<\/p>\n<p>Tal como se expres\u00f3 en la conferencia que se brind\u00f3 durante la ma\u00f1ana, <strong>el objetivo es facilitar la construcci\u00f3n del nuevo Destacamento de Bomberos en Loma Negra<\/strong>.<\/p>\n<p>&nbsp;<\/p>\n<p><img data-recalc-dims=\"1\" loading=\"lazy\" decoding=\"async\" class=\"alignnone size-full wp-image-37889\" src=\"https:\/\/i0.wp.com\/cdnoticias.com\/wp-content\/uploads\/2021\/11\/cena-solidaria-02.jpg?resize=800%2C445&#038;ssl=1\" alt=\"\" width=\"800\" height=\"445\" srcset=\"https:\/\/i0.wp.com\/cdnoticias.com\/wp-content\/uploads\/2021\/11\/cena-solidaria-02.jpg?w=800&amp;ssl=1 800w, https:\/\/i0.wp.com\/cdnoticias.com\/wp-content\/uploads\/2021\/11\/cena-solidaria-02.jpg?resize=300%2C167&amp;ssl=1 300w, https:\/\/i0.wp.com\/cdnoticias.com\/wp-content\/uploads\/2021\/11\/cena-solidaria-02.jpg?resize=768%2C427&amp;ssl=1 768w\" sizes=\"auto, (max-width: 800px) 100vw, 800px\" \/><\/p>\n<p>&nbsp;<\/p>\n<p>Galli inform\u00f3 que por estos d\u00edas se ocupa de forma personal en conseguir los<strong> art\u00edculos para ser subastados en la cena<\/strong> y que desde el Municipio se trabaja en la consecuci\u00f3n de una <strong>banda musical para presentar como show principal<\/strong> as\u00ed como tambi\u00e9n en otros aspectos de la organizaci\u00f3n.<\/p>\n<p>&nbsp;<\/p>\n<p><strong>Bomberos en Loma Negra<\/strong><\/p>\n<p>&nbsp;<\/p>\n<p>\u201cD\u00edas atr\u00e1s estuvimos con Hugo, Ra\u00fal y Guillermo en Loma Negra y me transmitieron una inquietud y posibilidad que ven\u00edan manejando hace tiempo de <strong>mudar el destacamento y surgi\u00f3 la posibilidad de hacer un cambio<\/strong>. El destacamento pasar\u00eda a ser del Municipio, a cambio de tierras m\u00e1s cerca de la ruta\u201d dijo Galli. <a href=\"https:\/\/cdnoticias.com\/index.php\/2021\/10\/28\/bomberos-de-loma-negra-tendra-una-nueva-sede-estara-cerca-de-ruta-51\/\" target=\"_blank\" rel=\"noopener\">La decisi\u00f3n de este intercambio se dio a conocer d\u00edas atr\u00e1s desde la Municipalidad<\/a>.<\/p>\n<p>&nbsp;<\/p>\n<p><img data-recalc-dims=\"1\" loading=\"lazy\" decoding=\"async\" class=\"alignnone size-full wp-image-37896\" src=\"https:\/\/i0.wp.com\/cdnoticias.com\/wp-content\/uploads\/2021\/11\/cena-solidaria-09.jpg?resize=800%2C445&#038;ssl=1\" alt=\"\" width=\"800\" height=\"445\" srcset=\"https:\/\/i0.wp.com\/cdnoticias.com\/wp-content\/uploads\/2021\/11\/cena-solidaria-09.jpg?w=800&amp;ssl=1 800w, https:\/\/i0.wp.com\/cdnoticias.com\/wp-content\/uploads\/2021\/11\/cena-solidaria-09.jpg?resize=300%2C167&amp;ssl=1 300w, https:\/\/i0.wp.com\/cdnoticias.com\/wp-content\/uploads\/2021\/11\/cena-solidaria-09.jpg?resize=768%2C427&amp;ssl=1 768w\" sizes=\"auto, (max-width: 800px) 100vw, 800px\" \/><\/p>\n<p>&nbsp;<\/p>\n<p>El intendente adelant\u00f3 que se enviar\u00e1 al Deliberativo la propuesta. \u201cVamos a empezar a trabajar en papeles, <strong>enviarlo al HCD para que apruebe este cambio de tierras por destacamento<\/strong>\u201d, sostuvo el Intendente. La actual sede se ubica en la misma manzana que la Delegaci\u00f3n municipal de Loma negra.<\/p>\n<p>&nbsp;<\/p>\n<blockquote><p>Adem\u00e1s indic\u00f3 que \u201cel beneficio para Bomberos va a ser importante, van a tener un lugar m\u00e1s cerca de la ruta, como Bomberos y los vecinos de Loma Negra se merecen.\u00a0 Creo que va a ser un empuj\u00f3n importante. Estamos repitiendo la historia. Ya sucedi\u00f3 con Hinojo y esperamos que suceda lo mismo con Loma Negra\u201d.<\/p><\/blockquote>\n<p>&nbsp;<\/p>\n<p><img data-recalc-dims=\"1\" loading=\"lazy\" decoding=\"async\" class=\"size-full wp-image-37892 aligncenter\" src=\"https:\/\/i0.wp.com\/cdnoticias.com\/wp-content\/uploads\/2021\/11\/cena-solidaria-05.jpg?resize=800%2C445&#038;ssl=1\" alt=\"\" width=\"800\" height=\"445\" srcset=\"https:\/\/i0.wp.com\/cdnoticias.com\/wp-content\/uploads\/2021\/11\/cena-solidaria-05.jpg?w=800&amp;ssl=1 800w, https:\/\/i0.wp.com\/cdnoticias.com\/wp-content\/uploads\/2021\/11\/cena-solidaria-05.jpg?resize=300%2C167&amp;ssl=1 300w, https:\/\/i0.wp.com\/cdnoticias.com\/wp-content\/uploads\/2021\/11\/cena-solidaria-05.jpg?resize=768%2C427&amp;ssl=1 768w\" sizes=\"auto, (max-width: 800px) 100vw, 800px\" \/><\/p>\n<p>&nbsp;<\/p>\n<p><strong>La cena solidaria<\/strong><\/p>\n<p>&nbsp;<\/p>\n<p>Galli se\u00f1al\u00f3 que <strong>Bomberos Voluntarios ser\u00e1 la instituci\u00f3n beneficiada en la 9\u00b0 edici\u00f3n de la Cena Anual Solidaria<\/strong>, que se realizar\u00e1 en el CEMO el pr\u00f3ximo 12 de febrero de 2022.<\/p>\n<p>&nbsp;<\/p>\n<p>Ferreyra manifest\u00f3 que \u201cpara nosotros <strong>decir gracias es habitual<\/strong> y es lo que corresponde cuando el vecino y las instituciones nos apoyan y dicen siempre presente para hacer aportes y que nosotros podamos invertir para que el servicio sea cada d\u00eda mejor y que nuestros bomberos puedan volver a sus casas sanos y salvos\u201d.<\/p>\n<p>&nbsp;<\/p>\n<p><img data-recalc-dims=\"1\" loading=\"lazy\" decoding=\"async\" class=\"size-full wp-image-37895 aligncenter\" src=\"https:\/\/i0.wp.com\/cdnoticias.com\/wp-content\/uploads\/2021\/11\/cena-solidaria-08.jpg?resize=800%2C445&#038;ssl=1\" alt=\"\" width=\"800\" height=\"445\" srcset=\"https:\/\/i0.wp.com\/cdnoticias.com\/wp-content\/uploads\/2021\/11\/cena-solidaria-08.jpg?w=800&amp;ssl=1 800w, https:\/\/i0.wp.com\/cdnoticias.com\/wp-content\/uploads\/2021\/11\/cena-solidaria-08.jpg?resize=300%2C167&amp;ssl=1 300w, https:\/\/i0.wp.com\/cdnoticias.com\/wp-content\/uploads\/2021\/11\/cena-solidaria-08.jpg?resize=768%2C427&amp;ssl=1 768w\" sizes=\"auto, (max-width: 800px) 100vw, 800px\" \/><\/p>\n<p>&nbsp;<\/p>\n<blockquote><p>\u201cCedernos en Loma negra un espacio f\u00edsico m\u00e1s amplio nos permitir\u00e1 construir un destacamento m\u00e1s moderno, funcional y grande. Lo de la cena me toma de sorpresa, pero para nosotros es un honor que nos haya elegido, porque hacemos mucho sacrificio. Esto nos cambia el horizonte, es un gran gesto y yo prometo que nos vamos a poner a trabajar lo m\u00e1s pronto posible\u201d, agreg\u00f3.<\/p><\/blockquote>\n<p>&nbsp;<\/p>\n<p>Ferreyra <strong>pidi\u00f3 \u201ca toda la comunidad que nos acompa\u00f1e en esta cena para que la recaudaci\u00f3n sea lo m\u00e1s abultada posible<\/strong> y poder invertir para mejorar el servicio de Bomberos. Ayudar a Bomberos es pensar en la seguridad de todos nosotros. Estas obras son imposibles de hacerlas sin el apoyo del Estado y empresas\u201d.<\/p>\n<p>&nbsp;<\/p>\n<p><img data-recalc-dims=\"1\" loading=\"lazy\" decoding=\"async\" class=\"alignnone size-full wp-image-37888\" src=\"https:\/\/i0.wp.com\/cdnoticias.com\/wp-content\/uploads\/2021\/11\/cena-solidaria-01.jpg?resize=800%2C445&#038;ssl=1\" alt=\"\" width=\"800\" height=\"445\" srcset=\"https:\/\/i0.wp.com\/cdnoticias.com\/wp-content\/uploads\/2021\/11\/cena-solidaria-01.jpg?w=800&amp;ssl=1 800w, https:\/\/i0.wp.com\/cdnoticias.com\/wp-content\/uploads\/2021\/11\/cena-solidaria-01.jpg?resize=300%2C167&amp;ssl=1 300w, https:\/\/i0.wp.com\/cdnoticias.com\/wp-content\/uploads\/2021\/11\/cena-solidaria-01.jpg?resize=768%2C427&amp;ssl=1 768w\" sizes=\"auto, (max-width: 800px) 100vw, 800px\" \/><\/p>\n<p>&nbsp;<\/p>\n<p>Finalmente, Hugo Fayan\u00e1s agradeci\u00f3 al Intendente y consider\u00f3 que \u201cera buena la noticia de entregar un predio que Loma Negra estaba necesitando desde hace un tiempo largo. La buena voluntad de Ezequiel para los Bomberos, que entendi\u00f3 r\u00e1pidamente. Tener esta posibilidad de poder contar con un destacamento nuevo. <strong>Uno tiene que estar a la altura para salir ante la emergencia. En el espacio nuevo vamos a hacer un destacamento acorde<\/strong>\u201d.<\/p>\n<p>&nbsp;<\/p>\n<blockquote><p>\u201cEs un d\u00eda de festejo, el vecino de Loma se tiene que sentir contento de que vamos a tener un nuevo destacamento. Atr\u00e1s viene la noticia hermosa, nuestro agradecimiento eterno. Estamos bien perfilados, lo bueno de esta cena es que nos va a dar recursos suficientes como para arrancar esta obra. Estoy feliz de escuchar esta noticia. No tengas dudas que vamos a hacer una gran cena\u201d, asegur\u00f3 Fayan\u00e1s.<\/p><\/blockquote>\n<p>&nbsp;<\/p>\n<p><img data-recalc-dims=\"1\" loading=\"lazy\" decoding=\"async\" class=\"alignnone size-full wp-image-37891\" src=\"https:\/\/i0.wp.com\/cdnoticias.com\/wp-content\/uploads\/2021\/11\/cena-solidaria-04.jpg?resize=800%2C445&#038;ssl=1\" alt=\"\" width=\"800\" height=\"445\" srcset=\"https:\/\/i0.wp.com\/cdnoticias.com\/wp-content\/uploads\/2021\/11\/cena-solidaria-04.jpg?w=800&amp;ssl=1 800w, https:\/\/i0.wp.com\/cdnoticias.com\/wp-content\/uploads\/2021\/11\/cena-solidaria-04.jpg?resize=300%2C167&amp;ssl=1 300w, https:\/\/i0.wp.com\/cdnoticias.com\/wp-content\/uploads\/2021\/11\/cena-solidaria-04.jpg?resize=768%2C427&amp;ssl=1 768w\" sizes=\"auto, (max-width: 800px) 100vw, 800px\" \/><\/p>\n<p><img data-recalc-dims=\"1\" loading=\"lazy\" decoding=\"async\" class=\"alignnone size-full wp-image-37887\" src=\"https:\/\/i0.wp.com\/cdnoticias.com\/wp-content\/uploads\/2021\/11\/cena-solidaria-00.jpg?resize=800%2C445&#038;ssl=1\" alt=\"\" width=\"800\" height=\"445\" srcset=\"https:\/\/i0.wp.com\/cdnoticias.com\/wp-content\/uploads\/2021\/11\/cena-solidaria-00.jpg?w=800&amp;ssl=1 800w, https:\/\/i0.wp.com\/cdnoticias.com\/wp-content\/uploads\/2021\/11\/cena-solidaria-00.jpg?resize=300%2C167&amp;ssl=1 300w, https:\/\/i0.wp.com\/cdnoticias.com\/wp-content\/uploads\/2021\/11\/cena-solidaria-00.jpg?resize=768%2C427&amp;ssl=1 768w\" sizes=\"auto, (max-width: 800px) 100vw, 800px\" \/><\/p>\n<p>&nbsp;<\/p>\n","protected":false},"excerpt":{"rendered":"<p>Lo anunci\u00f3 el intendente Ezequiel Galli. El objetivo es facilitar la construcci\u00f3n del nuevo Destacamento en Loma Negra. La cena<\/p>\n","protected":false},"author":4,"featured_media":37890,"comment_status":"closed","ping_status":"closed","sticky":false,"template":"","format":"standard","meta":{"_jetpack_memberships_contains_paid_content":false,"footnotes":""},"categories":[1],"tags":[],"class_list":["post-37885","post","type-post","status-publish","format-standard","has-post-thumbnail","hentry","category-portada"],"jetpack_featured_media_url":"https:\/\/i0.wp.com\/cdnoticias.com\/wp-content\/uploads\/2021\/11\/cena-solidaria-03.jpg?fit=800%2C445&ssl=1","jetpack_sharing_enabled":true,"_links":{"self":[{"href":"https:\/\/cdnoticias.com\/index.php\/wp-json\/wp\/v2\/posts\/37885","targetHints":{"allow":["GET"]}}],"collection":[{"href":"https:\/\/cdnoticias.com\/index.php\/wp-json\/wp\/v2\/posts"}],"about":[{"href":"https:\/\/cdnoticias.com\/index.php\/wp-json\/wp\/v2\/types\/post"}],"author":[{"embeddable":true,"href":"https:\/\/cdnoticias.com\/index.php\/wp-json\/wp\/v2\/users\/4"}],"replies":[{"embeddable":true,"href":"https:\/\/cdnoticias.com\/index.php\/wp-json\/wp\/v2\/comments?post=37885"}],"version-history":[{"count":0,"href":"https:\/\/cdnoticias.com\/index.php\/wp-json\/wp\/v2\/posts\/37885\/revisions"}],"wp:featuredmedia":[{"embeddable":true,"href":"https:\/\/cdnoticias.com\/index.php\/wp-json\/wp\/v2\/media\/37890"}],"wp:attachment":[{"href":"https:\/\/cdnoticias.com\/index.php\/wp-json\/wp\/v2\/media?parent=37885"}],"wp:term":[{"taxonomy":"category","embeddable":true,"href":"https:\/\/cdnoticias.com\/index.php\/wp-json\/wp\/v2\/categories?post=37885"},{"taxonomy":"post_tag","embeddable":true,"href":"https:\/\/cdnoticias.com\/index.php\/wp-json\/wp\/v2\/tags?post=37885"}],"curies":[{"name":"wp","href":"https:\/\/api.w.org\/{rel}","templated":true}]}}