{"id":37879,"date":"2021-11-06T13:31:12","date_gmt":"2021-11-06T16:31:12","guid":{"rendered":"http:\/\/www.centraldenoticias.com.ar\/?p=37879"},"modified":"2021-11-06T16:42:06","modified_gmt":"2021-11-06T19:42:06","slug":"motociclista-herido-tras-impactar-contra-un-auto","status":"publish","type":"post","link":"https:\/\/cdnoticias.com\/index.php\/2021\/11\/06\/motociclista-herido-tras-impactar-contra-un-auto\/","title":{"rendered":"Motociclista herido tras impactar contra un auto"},"content":{"rendered":"<p>Fue en avenida Ituzaing\u00f3 al 2700 poco antes del mediod\u00eda. La moto impact\u00f3 contra un auto estacionado.<!--more--><\/p>\n<hr \/>\n<p><strong>Alrededor de las 11.30 de este s\u00e1bado se registr\u00f3 un siniestro vial sobre avenida Ituzaing\u00f3<\/strong> donde un <strong>motociclista result\u00f3 herido<\/strong>.<\/p>\n<p>&nbsp;<\/p>\n<p>El caso se dio a la altura del 2700 de la avenida, <strong>entre San Mart\u00edn y General Paz<\/strong>. Una <strong>moto Motomel impact\u00f3 contra un auto Chevrolet Corsa que estaba estacionado<\/strong> sobre la mano impar de la avenida.<\/p>\n<p>&nbsp;<\/p>\n<p><img data-recalc-dims=\"1\" loading=\"lazy\" decoding=\"async\" class=\"size-full wp-image-37881 aligncenter\" src=\"https:\/\/i0.wp.com\/cdnoticias.com\/wp-content\/uploads\/2021\/11\/choque-ituzaingo-00.jpg?resize=800%2C445&#038;ssl=1\" alt=\"\" width=\"800\" height=\"445\" srcset=\"https:\/\/i0.wp.com\/cdnoticias.com\/wp-content\/uploads\/2021\/11\/choque-ituzaingo-00.jpg?w=800&amp;ssl=1 800w, https:\/\/i0.wp.com\/cdnoticias.com\/wp-content\/uploads\/2021\/11\/choque-ituzaingo-00.jpg?resize=300%2C167&amp;ssl=1 300w, https:\/\/i0.wp.com\/cdnoticias.com\/wp-content\/uploads\/2021\/11\/choque-ituzaingo-00.jpg?resize=768%2C427&amp;ssl=1 768w\" sizes=\"auto, (max-width: 800px) 100vw, 800px\" \/><\/p>\n<p>&nbsp;<\/p>\n<p>La moto que impact\u00f3 transitaba desde Col\u00f3n hacia Del Valle. En el lugar del hecho se indic\u00f3 que <strong>el conductor del rodado esquiv\u00f3 a una camioneta<\/strong> que transitaba en el mismo sentido y en la maniobra choc\u00f3 contra la parte trasera del Corsa.<\/p>\n<p>&nbsp;<\/p>\n<p><strong>El motociclista fue trasladado al Hospital Municipal<\/strong> para recibir atenci\u00f3n m\u00e9dica producto de las lesiones sufridas.<\/p>\n<p><img data-recalc-dims=\"1\" loading=\"lazy\" decoding=\"async\" class=\"alignnone size-full wp-image-37880\" src=\"https:\/\/i0.wp.com\/cdnoticias.com\/wp-content\/uploads\/2021\/11\/choque-ituzaingo-02.jpg?resize=800%2C445&#038;ssl=1\" alt=\"\" width=\"800\" height=\"445\" srcset=\"https:\/\/i0.wp.com\/cdnoticias.com\/wp-content\/uploads\/2021\/11\/choque-ituzaingo-02.jpg?w=800&amp;ssl=1 800w, https:\/\/i0.wp.com\/cdnoticias.com\/wp-content\/uploads\/2021\/11\/choque-ituzaingo-02.jpg?resize=300%2C167&amp;ssl=1 300w, https:\/\/i0.wp.com\/cdnoticias.com\/wp-content\/uploads\/2021\/11\/choque-ituzaingo-02.jpg?resize=768%2C427&amp;ssl=1 768w\" sizes=\"auto, (max-width: 800px) 100vw, 800px\" \/><\/p>\n","protected":false},"excerpt":{"rendered":"<p>Fue en avenida Ituzaing\u00f3 al 2700 poco antes del mediod\u00eda. La moto impact\u00f3 contra un auto estacionado.<\/p>\n","protected":false},"author":4,"featured_media":37882,"comment_status":"closed","ping_status":"closed","sticky":false,"template":"","format":"standard","meta":{"_jetpack_memberships_contains_paid_content":false,"footnotes":""},"categories":[14],"tags":[],"class_list":["post-37879","post","type-post","status-publish","format-standard","has-post-thumbnail","hentry","category-policiales"],"jetpack_featured_media_url":"https:\/\/i0.wp.com\/cdnoticias.com\/wp-content\/uploads\/2021\/11\/choque-ituzaingo-01.jpg?fit=800%2C445&ssl=1","jetpack_sharing_enabled":true,"_links":{"self":[{"href":"https:\/\/cdnoticias.com\/index.php\/wp-json\/wp\/v2\/posts\/37879","targetHints":{"allow":["GET"]}}],"collection":[{"href":"https:\/\/cdnoticias.com\/index.php\/wp-json\/wp\/v2\/posts"}],"about":[{"href":"https:\/\/cdnoticias.com\/index.php\/wp-json\/wp\/v2\/types\/post"}],"author":[{"embeddable":true,"href":"https:\/\/cdnoticias.com\/index.php\/wp-json\/wp\/v2\/users\/4"}],"replies":[{"embeddable":true,"href":"https:\/\/cdnoticias.com\/index.php\/wp-json\/wp\/v2\/comments?post=37879"}],"version-history":[{"count":0,"href":"https:\/\/cdnoticias.com\/index.php\/wp-json\/wp\/v2\/posts\/37879\/revisions"}],"wp:featuredmedia":[{"embeddable":true,"href":"https:\/\/cdnoticias.com\/index.php\/wp-json\/wp\/v2\/media\/37882"}],"wp:attachment":[{"href":"https:\/\/cdnoticias.com\/index.php\/wp-json\/wp\/v2\/media?parent=37879"}],"wp:term":[{"taxonomy":"category","embeddable":true,"href":"https:\/\/cdnoticias.com\/index.php\/wp-json\/wp\/v2\/categories?post=37879"},{"taxonomy":"post_tag","embeddable":true,"href":"https:\/\/cdnoticias.com\/index.php\/wp-json\/wp\/v2\/tags?post=37879"}],"curies":[{"name":"wp","href":"https:\/\/api.w.org\/{rel}","templated":true}]}}