{"id":3786,"date":"2020-10-12T20:18:23","date_gmt":"2020-10-12T23:18:23","guid":{"rendered":"http:\/\/www.centraldenoticias.com.ar\/?p=3786"},"modified":"2020-10-12T20:45:00","modified_gmt":"2020-10-12T23:45:00","slug":"el-intendente-galli-confirmo-38-nuevos-casos-y-2-fallecidos-por-covid-19","status":"publish","type":"post","link":"https:\/\/cdnoticias.com\/index.php\/2020\/10\/12\/el-intendente-galli-confirmo-38-nuevos-casos-y-2-fallecidos-por-covid-19\/","title":{"rendered":"El Intendente Galli confirm\u00f3 38 nuevos casos y 2 fallecidos por COVID-19"},"content":{"rendered":"<p>En el inicio de la conferencia de prensa realizada este lunes, el jefe comunal se\u00f1al\u00f3 tambi\u00e9n que hubo 56 pacientes dados de alta. \u201cEstamos transitando la parte m\u00e1s compleja de la pandemia\u201d se\u00f1al\u00f3 el doctor Germ\u00e1n Caputo. Hay, actualmente, 314 casos activos.<!--more--><\/p>\n<hr \/>\n<p>En la jornada de este lunes, en conferencia de prensa, <strong>el Intendente Ezequiel Galli brind\u00f3 el parte m\u00e9dico por la Emergencia Sanitaria: hubo 2 personas fallecidas por COVID-19 y 38 casos nuevos de coronavirus.<\/strong><\/p>\n<p>&nbsp;<\/p>\n<blockquote><p>El jefe comunal envi\u00f3 condolencias a las familias y amigos de los pacientes fallecidos. En total, 48 personas murieron producto desde el inicio de la pandemia.<\/p><\/blockquote>\n<p>&nbsp;<\/p>\n<p>Adem\u00e1s de <strong>38 personas activas, 56 fueron dadas de alta tras haber pasado la enfermedad. <\/strong>39 muestras fueron descartadas y otras 75 son catalogadas como &#8220;sospechosas&#8221; y sus an\u00e1lisis ser\u00e1n confirmados o descartados en las pr\u00f3ximas horas.<\/p>\n<p>&nbsp;<\/p>\n<blockquote><p>Cabe se\u00f1alar que actualmente hay 33 personas internadas en el Hospital: 22 en la denominada &#8220;Sala COVID&#8221; y 11 en la Unidad de Terapia Intensiva.<\/p><\/blockquote>\n<p>&nbsp;<\/p>\n<p><em>\u201cEstamos transitando la parte m\u00e1s compleja de la pandemia\u201d<\/em> dijo Germ\u00e1n Caputo para realizar un extenso an\u00e1lisis de la situaci\u00f3n sanitaria en Olavarr\u00eda.<\/p>\n<p>&nbsp;<\/p>\n<p><img data-recalc-dims=\"1\" loading=\"lazy\" decoding=\"async\" class=\"alignnone size-full wp-image-3788\" src=\"https:\/\/i0.wp.com\/cdnoticias.com\/wp-content\/uploads\/2020\/10\/WhatsApp-Image-2020-10-12-at-20.04.54.jpeg?resize=800%2C450&#038;ssl=1\" alt=\"\" width=\"800\" height=\"450\" srcset=\"https:\/\/i0.wp.com\/cdnoticias.com\/wp-content\/uploads\/2020\/10\/WhatsApp-Image-2020-10-12-at-20.04.54.jpeg?w=1280&amp;ssl=1 1280w, https:\/\/i0.wp.com\/cdnoticias.com\/wp-content\/uploads\/2020\/10\/WhatsApp-Image-2020-10-12-at-20.04.54.jpeg?resize=300%2C169&amp;ssl=1 300w, https:\/\/i0.wp.com\/cdnoticias.com\/wp-content\/uploads\/2020\/10\/WhatsApp-Image-2020-10-12-at-20.04.54.jpeg?resize=768%2C432&amp;ssl=1 768w, https:\/\/i0.wp.com\/cdnoticias.com\/wp-content\/uploads\/2020\/10\/WhatsApp-Image-2020-10-12-at-20.04.54.jpeg?resize=1024%2C576&amp;ssl=1 1024w\" sizes=\"auto, (max-width: 800px) 100vw, 800px\" \/><\/p>\n<p>&nbsp;<\/p>\n<p>Con respecto a los testeos realizados y positivos, hubo un 34% de positividad por COVID-19. <strong><em>\u201cEn este brote hubo mucho personal esencial\u201d<\/em> <\/strong>dijo.<\/p>\n","protected":false},"excerpt":{"rendered":"<p>En el inicio de la conferencia de prensa realizada este lunes, el jefe comunal se\u00f1al\u00f3 tambi\u00e9n que hubo 56 pacientes<\/p>\n","protected":false},"author":2,"featured_media":3794,"comment_status":"closed","ping_status":"closed","sticky":false,"template":"","format":"standard","meta":{"_jetpack_memberships_contains_paid_content":false,"footnotes":""},"categories":[5,1],"tags":[],"class_list":["post-3786","post","type-post","status-publish","format-standard","has-post-thumbnail","hentry","category-informacion-general","category-portada"],"jetpack_featured_media_url":"https:\/\/i0.wp.com\/cdnoticias.com\/wp-content\/uploads\/2020\/10\/WhatsApp-Image-2020-10-12-at-20.04.42.jpeg?fit=1280%2C720&ssl=1","jetpack_sharing_enabled":true,"_links":{"self":[{"href":"https:\/\/cdnoticias.com\/index.php\/wp-json\/wp\/v2\/posts\/3786","targetHints":{"allow":["GET"]}}],"collection":[{"href":"https:\/\/cdnoticias.com\/index.php\/wp-json\/wp\/v2\/posts"}],"about":[{"href":"https:\/\/cdnoticias.com\/index.php\/wp-json\/wp\/v2\/types\/post"}],"author":[{"embeddable":true,"href":"https:\/\/cdnoticias.com\/index.php\/wp-json\/wp\/v2\/users\/2"}],"replies":[{"embeddable":true,"href":"https:\/\/cdnoticias.com\/index.php\/wp-json\/wp\/v2\/comments?post=3786"}],"version-history":[{"count":0,"href":"https:\/\/cdnoticias.com\/index.php\/wp-json\/wp\/v2\/posts\/3786\/revisions"}],"wp:featuredmedia":[{"embeddable":true,"href":"https:\/\/cdnoticias.com\/index.php\/wp-json\/wp\/v2\/media\/3794"}],"wp:attachment":[{"href":"https:\/\/cdnoticias.com\/index.php\/wp-json\/wp\/v2\/media?parent=3786"}],"wp:term":[{"taxonomy":"category","embeddable":true,"href":"https:\/\/cdnoticias.com\/index.php\/wp-json\/wp\/v2\/categories?post=3786"},{"taxonomy":"post_tag","embeddable":true,"href":"https:\/\/cdnoticias.com\/index.php\/wp-json\/wp\/v2\/tags?post=3786"}],"curies":[{"name":"wp","href":"https:\/\/api.w.org\/{rel}","templated":true}]}}