{"id":37848,"date":"2021-11-05T22:00:29","date_gmt":"2021-11-06T01:00:29","guid":{"rendered":"http:\/\/www.centraldenoticias.com.ar\/?p=37848"},"modified":"2021-11-06T09:50:34","modified_gmt":"2021-11-06T12:50:34","slug":"la-visita-de-diego-santilli-y-facundo-manes-en-imagenes","status":"publish","type":"post","link":"https:\/\/cdnoticias.com\/index.php\/2021\/11\/05\/la-visita-de-diego-santilli-y-facundo-manes-en-imagenes\/","title":{"rendered":"La visita de Diego Santilli y Facundo Manes en im\u00e1genes"},"content":{"rendered":"<p>Cobertura fotogr\u00e1fica de lo que dej\u00f3 la visita de los principales referentes de Juntos a Olavarr\u00eda. Galer\u00eda de im\u00e1genes.<!--more--><\/p>\n<hr \/>\n<p>En la tarde de este viernes Diego Santilli y Facundo Manes desembarcaron en Olavarr\u00eda. Lideraron una conferencia de prensa en un restaurante c\u00e9ntrico y luego hicieron lo propio en un acto desarrollado en el Parque Mitre. La recorrida en fotos.<\/p>\n<p>&nbsp;<\/p>\n<p>[soliloquy id=&#8221;37847&#8243;]<\/p>\n","protected":false},"excerpt":{"rendered":"<p>Cobertura fotogr\u00e1fica de lo que dej\u00f3 la visita de los principales referentes de Juntos a Olavarr\u00eda. Galer\u00eda de im\u00e1genes.<\/p>\n","protected":false},"author":3,"featured_media":37842,"comment_status":"closed","ping_status":"closed","sticky":false,"template":"","format":"standard","meta":{"_jetpack_memberships_contains_paid_content":false,"footnotes":""},"categories":[17],"tags":[],"class_list":["post-37848","post","type-post","status-publish","format-standard","has-post-thumbnail","hentry","category-elecciones-2021"],"jetpack_featured_media_url":"https:\/\/i0.wp.com\/cdnoticias.com\/wp-content\/uploads\/2021\/11\/visita-manes-santilli08.jpg?fit=800%2C445&ssl=1","jetpack_sharing_enabled":true,"_links":{"self":[{"href":"https:\/\/cdnoticias.com\/index.php\/wp-json\/wp\/v2\/posts\/37848","targetHints":{"allow":["GET"]}}],"collection":[{"href":"https:\/\/cdnoticias.com\/index.php\/wp-json\/wp\/v2\/posts"}],"about":[{"href":"https:\/\/cdnoticias.com\/index.php\/wp-json\/wp\/v2\/types\/post"}],"author":[{"embeddable":true,"href":"https:\/\/cdnoticias.com\/index.php\/wp-json\/wp\/v2\/users\/3"}],"replies":[{"embeddable":true,"href":"https:\/\/cdnoticias.com\/index.php\/wp-json\/wp\/v2\/comments?post=37848"}],"version-history":[{"count":0,"href":"https:\/\/cdnoticias.com\/index.php\/wp-json\/wp\/v2\/posts\/37848\/revisions"}],"wp:featuredmedia":[{"embeddable":true,"href":"https:\/\/cdnoticias.com\/index.php\/wp-json\/wp\/v2\/media\/37842"}],"wp:attachment":[{"href":"https:\/\/cdnoticias.com\/index.php\/wp-json\/wp\/v2\/media?parent=37848"}],"wp:term":[{"taxonomy":"category","embeddable":true,"href":"https:\/\/cdnoticias.com\/index.php\/wp-json\/wp\/v2\/categories?post=37848"},{"taxonomy":"post_tag","embeddable":true,"href":"https:\/\/cdnoticias.com\/index.php\/wp-json\/wp\/v2\/tags?post=37848"}],"curies":[{"name":"wp","href":"https:\/\/api.w.org\/{rel}","templated":true}]}}