{"id":37820,"date":"2021-11-05T21:51:49","date_gmt":"2021-11-06T00:51:49","guid":{"rendered":"http:\/\/www.centraldenoticias.com.ar\/?p=37820"},"modified":"2021-11-06T09:49:50","modified_gmt":"2021-11-06T12:49:50","slug":"tenemos-que-convencer-a-millones-de-argentinos-de-que-es-posible-una-argentina-moderna","status":"publish","type":"post","link":"https:\/\/cdnoticias.com\/index.php\/2021\/11\/05\/tenemos-que-convencer-a-millones-de-argentinos-de-que-es-posible-una-argentina-moderna\/","title":{"rendered":"\u201cTenemos que convencer a millones de argentinos de que es posible una Argentina moderna\u201d"},"content":{"rendered":"<p>Diego Santilli y Facundo Manes, los principales referentes del espacio Juntos, estuvieron en Olavarr\u00eda. Lideraron una conferencia de prensa y un acto p\u00fablico en el Parque Mitre. \u201cEs una elecci\u00f3n clave, se juega qu\u00e9 Pa\u00eds queremos y c\u00f3mo lo comenzamos a construir ma\u00f1ana\u201d<!--more--><\/p>\n<hr \/>\n<p>La jornada de este viernes fue marcada por las visitas pol\u00edticas.<a href=\"https:\/\/cdnoticias.com\/index.php\/2021\/11\/05\/la-decision-del-gobierno-no-es-quedarse-cruzados-de-brazos-es-generar-politica-activa\/\" target=\"_blank\" rel=\"noopener\"> A la par del arribo de referentes del Frente de Todos<\/a>, tambi\u00e9n arribaron a Olavarr\u00eda los principales exponentes de Juntos, el espacio opositor que buscar\u00e1 en las elecciones del pr\u00f3ximo 14 de noviembre ratificar la holgada victoria lograda en las PASO. <strong>\u201cEs una elecci\u00f3n clave, se juega qu\u00e9 Pa\u00eds queremos y c\u00f3mo lo comenzamos a construir ma\u00f1ana\u201d<\/strong>, enfatizaron en una conferencia de prensa que se desarroll\u00f3 en el tradicional restaurant La Paris, ubicado en pleno centro local.<\/p>\n<p>&nbsp;<\/p>\n<p><strong>Se trat\u00f3 nada m\u00e1s y nada menos que de Diego Santilli y Facundo Manes, quienes junto a Graciela Oca\u00f1a encabezan la boleta en el apartado para diputados nacionales<\/strong>. Asimismo, tambi\u00e9n pudieron verse a los candidatos que aspiran al senado bonaerense, como Alejandro Celillo, Lorena Mandar\u00e1n y Diego Robbiani, al igual quienes buscar\u00e1n meterse en el concejo local, como Bruno Cenizo, Bel\u00e9n Vergel y Sebasti\u00e1n Matrella. Todos se unieron en una rueda de prensa que se vio encabezada por el intendente local Ezequiel Galli, quien en todo momento ofici\u00f3 de anfitri\u00f3n de la velada.<\/p>\n<p>&nbsp;<\/p>\n<blockquote><p>Fuera del alcance de los flashes y la c\u00e1maras de video tambi\u00e9n pudieron verse, entre otros, a Hilario Galli, tambi\u00e9n candidato y secretario de gobierno local; Bruno Cominotto y Francisco Gonz\u00e1lez, referentes del radicalismo olavarriense; la diputada provincial Alejandra Lorden y al polit\u00f3logo y ex candidato en las elecciones internas del radicalismo Alejandro Malamud.<\/p><\/blockquote>\n<p>&nbsp;<\/p>\n<p><strong>\u201cA la argentina hay que inspirarla, adem\u00e1s de administrarla\u201d<\/strong>, enfatiz\u00f3 Alejandro Manes en una de sus primeras intervenciones. Se\u00f1al\u00f3 que el mensaje que se repiten es el de \u201cno aflojar hasta el \u00faltimo d\u00eda\u201d. \u201cTenemos una semana clave, es muy importante que todos vayamos a buscar el apoyo para empezar un nuevo paradigma, para convertir la resignaci\u00f3n de un pueblo en esperanza\u201d, agreg\u00f3.<\/p>\n<p>&nbsp;<\/p>\n<p>\u201cDonde vamos hay mucho cari\u00f1o, afecto, agradecimiento, pero tambi\u00e9n somos conscientes que hay un gobierno que est\u00e1 actuando de manera clientelar, pero a la par creo que la dignidad no se compra y que la sociedad argentina y bonaerense produjo un quiebre, sinceramente veo que hay una ola hacia arriba que es imparable. <strong>Falta una semana, no hay que subestimar, pero estamos bien<\/strong>\u201d, complet\u00f3.<\/p>\n<p>&nbsp;<\/p>\n<p><img data-recalc-dims=\"1\" loading=\"lazy\" decoding=\"async\" class=\"alignnone size-full wp-image-37831\" src=\"https:\/\/i0.wp.com\/cdnoticias.com\/wp-content\/uploads\/2021\/11\/Santilli-Manes.jpg?resize=800%2C445&#038;ssl=1\" alt=\"\" width=\"800\" height=\"445\" srcset=\"https:\/\/i0.wp.com\/cdnoticias.com\/wp-content\/uploads\/2021\/11\/Santilli-Manes.jpg?w=800&amp;ssl=1 800w, https:\/\/i0.wp.com\/cdnoticias.com\/wp-content\/uploads\/2021\/11\/Santilli-Manes.jpg?resize=300%2C167&amp;ssl=1 300w, https:\/\/i0.wp.com\/cdnoticias.com\/wp-content\/uploads\/2021\/11\/Santilli-Manes.jpg?resize=768%2C427&amp;ssl=1 768w\" sizes=\"auto, (max-width: 800px) 100vw, 800px\" \/><\/p>\n<p>&nbsp;<\/p>\n<p>Santilli, por su parte, enfatiz\u00f3 que el momento del cambio es \u201cahora\u201d. \u201cLo que los argentinos y bonaerenses quieren es un cambio de ra\u00edz, recuperar nuestra identidad, queremos aprender, trabajar y vivir en paz, ser libres en definitiva\u201d, subray\u00f3. <strong>\u201cEl mensaje en septiembre fue contundente\u201d<\/strong>, consider\u00f3 al respecto de las PASO.<\/p>\n<p>&nbsp;<\/p>\n<p>No obstante ello, al igual que Manes, puso el acento y el objetivo en el pr\u00f3ximo domingo 14. <strong>\u201cEs una elecci\u00f3n clave, se juega que pa\u00eds queremos y c\u00f3mo lo comenzamos a construir ma\u00f1ana\u201d<\/strong>. En ese sentido aclar\u00f3 que no se trata de una elecci\u00f3n Ejecutiva pero que \u201chay muchas cosas que se puede hacer desde el congreso\u201d. All\u00ed trazo como meta <strong>\u201cconvertirnos en la primera minor\u00eda en el Congreso\u201d y conseguir 5 senadores en la Provincia, que son los que \u201chacen falta para quitarle la mayor\u00eda al kirchnerismo\u201d.<\/strong><\/p>\n<p>&nbsp;<\/p>\n<p><em><strong>\u201cInspiraci\u00f3n\u201d y \u201cconfianza\u201d<\/strong><\/em><\/p>\n<p>&nbsp;<\/p>\n<p><strong>\u201cLo que necesita la Argentina es un acuerdo, que nos lleve a recuperar nuestros valores, la educaci\u00f3n, cultura del trabajo, valor de la vida\u201d<\/strong>, agreg\u00f3 el referente del espacio denominado como Dar el Paso, que representa el ala radical dentro de Juntos. \u00a0\u201cLa involuci\u00f3n y la decadencia argentina es tan grande que ninguna coalici\u00f3n o alguien en forma personal podr\u00e1 cambiar este rumbo\u201d, agreg\u00f3 poniendo el \u00e9nfasis en la importancia de lograr la unidad y empat\u00eda, otras palabras que se reiterar\u00edan varias veces en sus intervenciones.<\/p>\n<p>&nbsp;<\/p>\n<p>Inspiraci\u00f3n fue sin dudas otra de las palabras clave de cada una de sus respuestas. <strong>\u201cLa Argentina necesita ser inspirada hacia un nuevo paradigma, un nuevo clima de \u00e9poca, y luego administrada<\/strong>. La ultima reconstrucci\u00f3n colectiva fue la democracia, eso se logr\u00f3 porque la sociedad argentina, millones de argentino, decidieron vivir en democracia. Ahora tenemos que convencer a millones de argentinos que es posible un argentina moderna\u201d.<\/p>\n<p>&nbsp;<\/p>\n<p><img data-recalc-dims=\"1\" loading=\"lazy\" decoding=\"async\" class=\"alignnone size-full wp-image-37826\" src=\"https:\/\/i0.wp.com\/cdnoticias.com\/wp-content\/uploads\/2021\/11\/Manes04.jpg?resize=800%2C445&#038;ssl=1\" alt=\"\" width=\"800\" height=\"445\" srcset=\"https:\/\/i0.wp.com\/cdnoticias.com\/wp-content\/uploads\/2021\/11\/Manes04.jpg?w=800&amp;ssl=1 800w, https:\/\/i0.wp.com\/cdnoticias.com\/wp-content\/uploads\/2021\/11\/Manes04.jpg?resize=300%2C167&amp;ssl=1 300w, https:\/\/i0.wp.com\/cdnoticias.com\/wp-content\/uploads\/2021\/11\/Manes04.jpg?resize=768%2C427&amp;ssl=1 768w\" sizes=\"auto, (max-width: 800px) 100vw, 800px\" \/><\/p>\n<p>&nbsp;<\/p>\n<p>Ese paralelismo con lo sucedido en 1983 tambi\u00e9n se torn\u00f3 frecuente en sus respuestas.<strong> \u201cA todos nos uni\u00f3 un sue\u00f1o colectivo que era la democracia, hoy ese sue\u00f1o debe ser la modernidad, la econom\u00eda del siglo XXI, necesitamos empat\u00eda y un sue\u00f1o colectivo<\/strong>, sino vamos a seguir en 10 a\u00f1os hablando de los mismos temas\u201d, complet\u00f3.<\/p>\n<p>&nbsp;<\/p>\n<p>Acerca de c\u00f3mo salir hacia adelante Santilli expres\u00f3 que <strong>\u201clo primero que hay que hacer es buscar un consenso y una nueva pol\u00edtica de Estado, que debe ser la producci\u00f3n, y terminar con los privilegios<\/strong>. Para salir hacia adelante es un nuevo consenso fiscal, a la baja de impuestos, no a la alza, 167 impuestos tiene nuestro pa\u00eds, es una carga tributaria que ninguna pyme puede salir hacia adelante, ning\u00fan productor agropecuario\u201d, se\u00f1al\u00f3.<\/p>\n<p>&nbsp;<\/p>\n<blockquote><p>&#8220;Tiene todo el olor pol\u00edtica, a la pol\u00edtica que el krichnerismo nos tiene acostumbrado antes de una elecci\u00f3n&#8221;, respondi\u00f3 Santilli cuando se le consult\u00f3 de la indagatoria e imputaci\u00f3n a Macri por espionaje ilegal<\/p><\/blockquote>\n<p>&nbsp;<\/p>\n<p>Tambi\u00e9n habl\u00f3 acerca de la necesidad de arribar a un \u201cconsenso laboral. Hay que generar empleo privado, y eso tambi\u00e9n implica una restructuraci\u00f3n con todo lo que tiene que ver gasto pol\u00edtico. Hay que lograr sentar a las pymes, las grandes empresas, representantes de los trabajadores y la pol\u00edtica para cambiar la historia.<strong> En la actualidad hay 28 millones de argentinos en condiciones de tener trabajo, solo 5 millones 800 tienen trabajo formal en el sector privado, as\u00ed no salimos<\/strong>\u201d, detall\u00f3.<\/p>\n<p>&nbsp;<\/p>\n<p>\u201cYo escucho al oficialismo hablar de consenso, acuerdo, \u00bfen base a que? si no est\u00e1n de acuerdo entre ellos, entre las cuatro o cinco parte que tienen\u201d, sigui\u00f3 Santilli. La posta fue tomada r\u00e1pidamente por Manes, quien agreg\u00f3 que <strong>\u201cel problema de Argentina no es el Fondo, es que no tenemos confianza ni interna ni externa\u201d. \u201cNo podemos estar sin un plan econ\u00f3mico, sin un rumbo, sin un proyecto de pa\u00eds\u201d<\/strong>, concluy\u00f3.<\/p>\n<p>&nbsp;<\/p>\n<p><em><strong>\u201cInvolucrarse\u201d<\/strong><\/em><\/p>\n<p>&nbsp;<\/p>\n<p>\u201cLa pol\u00edtica es la mejor herramienta de transformaci\u00f3n\u201d, detall\u00f3 Manes en una de sus \u00faltimas intervenciones en la rueda de prensa, pero con un tema que luego retomar\u00eda en el evento desarrollado en el Parque del Bicentenario, donde se acercaron decenas y decenas de personas. \u201c<strong>Hay que involucrarse, el fen\u00f3meno de la antipol\u00edtica no lo vemos como soluci\u00f3n, la v\u00eda es cambiar la pol\u00edtica\u201d<\/strong>, complet\u00f3.<\/p>\n<p>&nbsp;<\/p>\n<p>Palabras m\u00e1s, palabras menos, fue lo que le respondi\u00f3 a un joven que se sali\u00f3 del libreto y aprovech\u00f3 la ocasi\u00f3n para preguntarle a los referentes del espacio qu\u00e9 ten\u00edan pensado hacer para que los j\u00f3venes accedan a un empleo. Lo convoco a involucrarse y que sean quienes gu\u00eden la revoluci\u00f3n, otra de las palabras m\u00e1s escuchadas en la visita. <strong>\u201cEs muy importante que sepamos todos que el camino es dif\u00edcil, que lo estamos encarando, pero si no hay millones de argentinos que quieren la modernidad ning\u00fan dirigente pol\u00edtico lo va a lograr. \u00a0La Sociedad Argentina se cans\u00f3 de la decadencia y va a encarar la modernidad, eso es lo que tenemos que liderar\u201d<\/strong>, finaliz\u00f3.<\/p>\n","protected":false},"excerpt":{"rendered":"<p>Diego Santilli y Facundo Manes, los principales referentes del espacio Juntos, estuvieron en Olavarr\u00eda. Lideraron una conferencia de prensa y<\/p>\n","protected":false},"author":3,"featured_media":37822,"comment_status":"closed","ping_status":"closed","sticky":false,"template":"","format":"standard","meta":{"_jetpack_memberships_contains_paid_content":false,"footnotes":""},"categories":[17,1],"tags":[],"class_list":["post-37820","post","type-post","status-publish","format-standard","has-post-thumbnail","hentry","category-elecciones-2021","category-portada"],"jetpack_featured_media_url":"https:\/\/i0.wp.com\/cdnoticias.com\/wp-content\/uploads\/2021\/11\/Manes-Santilli-Galli.jpg?fit=800%2C445&ssl=1","jetpack_sharing_enabled":true,"_links":{"self":[{"href":"https:\/\/cdnoticias.com\/index.php\/wp-json\/wp\/v2\/posts\/37820","targetHints":{"allow":["GET"]}}],"collection":[{"href":"https:\/\/cdnoticias.com\/index.php\/wp-json\/wp\/v2\/posts"}],"about":[{"href":"https:\/\/cdnoticias.com\/index.php\/wp-json\/wp\/v2\/types\/post"}],"author":[{"embeddable":true,"href":"https:\/\/cdnoticias.com\/index.php\/wp-json\/wp\/v2\/users\/3"}],"replies":[{"embeddable":true,"href":"https:\/\/cdnoticias.com\/index.php\/wp-json\/wp\/v2\/comments?post=37820"}],"version-history":[{"count":0,"href":"https:\/\/cdnoticias.com\/index.php\/wp-json\/wp\/v2\/posts\/37820\/revisions"}],"wp:featuredmedia":[{"embeddable":true,"href":"https:\/\/cdnoticias.com\/index.php\/wp-json\/wp\/v2\/media\/37822"}],"wp:attachment":[{"href":"https:\/\/cdnoticias.com\/index.php\/wp-json\/wp\/v2\/media?parent=37820"}],"wp:term":[{"taxonomy":"category","embeddable":true,"href":"https:\/\/cdnoticias.com\/index.php\/wp-json\/wp\/v2\/categories?post=37820"},{"taxonomy":"post_tag","embeddable":true,"href":"https:\/\/cdnoticias.com\/index.php\/wp-json\/wp\/v2\/tags?post=37820"}],"curies":[{"name":"wp","href":"https:\/\/api.w.org\/{rel}","templated":true}]}}