{"id":37799,"date":"2021-11-05T18:10:36","date_gmt":"2021-11-05T21:10:36","guid":{"rendered":"http:\/\/www.centraldenoticias.com.ar\/?p=37799"},"modified":"2021-11-05T20:53:11","modified_gmt":"2021-11-05T23:53:11","slug":"massa-y-tolosa-paz-ya-estan-en-olavarria","status":"publish","type":"post","link":"https:\/\/cdnoticias.com\/index.php\/2021\/11\/05\/massa-y-tolosa-paz-ya-estan-en-olavarria\/","title":{"rendered":"Massa y Tolosa Paz ya est\u00e1n en Olavarr\u00eda"},"content":{"rendered":"<p>El presidente de la C\u00e1mara de Diputados lleg\u00f3 a la ciudad para participar de\u00a0la \u201cMesa de la Producci\u00f3n y el Desarrollo\u201d.<!--more--><\/p>\n<hr \/>\n<p>&nbsp;<\/p>\n<p><strong>Sergio Massa<\/strong>, presidente de la <strong>C\u00e1mara de Diputados<\/strong> lleg\u00f3 a la ciudad este<strong> viernes por la tarde<\/strong> para participar de la<strong>\u00a0\u201cMesa de la Producci\u00f3n y el Desarrollo\u201d.<\/strong><\/p>\n<p>&nbsp;<\/p>\n<p><img data-recalc-dims=\"1\" loading=\"lazy\" decoding=\"async\" class=\"aligncenter wp-image-37805 size-large\" src=\"https:\/\/i0.wp.com\/cdnoticias.com\/wp-content\/uploads\/2021\/11\/marca-de-agua-2.jpg?resize=800%2C534&#038;ssl=1\" alt=\"\" width=\"800\" height=\"534\" srcset=\"https:\/\/i0.wp.com\/cdnoticias.com\/wp-content\/uploads\/2021\/11\/marca-de-agua-2.jpg?resize=1024%2C683&amp;ssl=1 1024w, https:\/\/i0.wp.com\/cdnoticias.com\/wp-content\/uploads\/2021\/11\/marca-de-agua-2.jpg?resize=300%2C200&amp;ssl=1 300w, https:\/\/i0.wp.com\/cdnoticias.com\/wp-content\/uploads\/2021\/11\/marca-de-agua-2.jpg?resize=768%2C512&amp;ssl=1 768w, https:\/\/i0.wp.com\/cdnoticias.com\/wp-content\/uploads\/2021\/11\/marca-de-agua-2.jpg?resize=272%2C182&amp;ssl=1 272w, https:\/\/i0.wp.com\/cdnoticias.com\/wp-content\/uploads\/2021\/11\/marca-de-agua-2.jpg?w=1152&amp;ssl=1 1152w\" sizes=\"auto, (max-width: 800px) 100vw, 800px\" \/><\/p>\n<p>&nbsp;<\/p>\n<p>Adem\u00e1s, estuvo acompa\u00f1ado de la <strong>candidata a Diputada Nacional<\/strong> por el Frente de Todos<strong>, Victoria Tolosa Paz<\/strong>,\u00a0el presidente del <strong>Banco BICE, Ignacio De Mendiguren,<\/strong> <strong>Maximiliano Wesner,<\/strong> candidato a<strong> Concejal por el Frente de Todos<\/strong>,\u00a0los candidatos a <strong>Senadores Provinciales, Eduardo \u201cBali\u201d Bucca, Liliana Schwindt y Federico Aguilera,<\/strong> <strong>Gast\u00f3n Sarachu<\/strong> candidato a <strong>Concejal<\/strong> por el Frente de Todos, la <strong>Diputada Provincial <\/strong>por el Frente de Todos<strong>, Luciana Padulo, el Diputado Provincial Cesar Valicenti y\u00a0 el Presidente del Colegio de Ingenieros,\u00a0<\/strong><strong>Marcos Cavilla.<\/strong><\/p>\n<p>&nbsp;<\/p>\n<p>&nbsp;<\/p>\n<p><img data-recalc-dims=\"1\" loading=\"lazy\" decoding=\"async\" class=\"aligncenter wp-image-37806 size-large\" src=\"https:\/\/i0.wp.com\/cdnoticias.com\/wp-content\/uploads\/2021\/11\/maraca-de-gua-3.jpg?resize=800%2C534&#038;ssl=1\" alt=\"\" width=\"800\" height=\"534\" srcset=\"https:\/\/i0.wp.com\/cdnoticias.com\/wp-content\/uploads\/2021\/11\/maraca-de-gua-3.jpg?resize=1024%2C683&amp;ssl=1 1024w, https:\/\/i0.wp.com\/cdnoticias.com\/wp-content\/uploads\/2021\/11\/maraca-de-gua-3.jpg?resize=300%2C200&amp;ssl=1 300w, https:\/\/i0.wp.com\/cdnoticias.com\/wp-content\/uploads\/2021\/11\/maraca-de-gua-3.jpg?resize=768%2C512&amp;ssl=1 768w, https:\/\/i0.wp.com\/cdnoticias.com\/wp-content\/uploads\/2021\/11\/maraca-de-gua-3.jpg?resize=272%2C182&amp;ssl=1 272w, https:\/\/i0.wp.com\/cdnoticias.com\/wp-content\/uploads\/2021\/11\/maraca-de-gua-3.jpg?w=1152&amp;ssl=1 1152w\" sizes=\"auto, (max-width: 800px) 100vw, 800px\" \/><\/p>\n<p>&nbsp;<\/p>\n<p><strong><img data-recalc-dims=\"1\" loading=\"lazy\" decoding=\"async\" class=\"aligncenter wp-image-37807 size-large\" src=\"https:\/\/i0.wp.com\/cdnoticias.com\/wp-content\/uploads\/2021\/11\/amarca-d-eagua-4.jpg?resize=800%2C534&#038;ssl=1\" alt=\"\" width=\"800\" height=\"534\" srcset=\"https:\/\/i0.wp.com\/cdnoticias.com\/wp-content\/uploads\/2021\/11\/amarca-d-eagua-4.jpg?resize=1024%2C683&amp;ssl=1 1024w, https:\/\/i0.wp.com\/cdnoticias.com\/wp-content\/uploads\/2021\/11\/amarca-d-eagua-4.jpg?resize=300%2C200&amp;ssl=1 300w, https:\/\/i0.wp.com\/cdnoticias.com\/wp-content\/uploads\/2021\/11\/amarca-d-eagua-4.jpg?resize=768%2C512&amp;ssl=1 768w, https:\/\/i0.wp.com\/cdnoticias.com\/wp-content\/uploads\/2021\/11\/amarca-d-eagua-4.jpg?resize=272%2C182&amp;ssl=1 272w, https:\/\/i0.wp.com\/cdnoticias.com\/wp-content\/uploads\/2021\/11\/amarca-d-eagua-4.jpg?w=1152&amp;ssl=1 1152w\" sizes=\"auto, (max-width: 800px) 100vw, 800px\" \/><\/strong><\/p>\n<p>&nbsp;<\/p>\n<p>Por otro lado, estuvieron presentes <strong>instituciones industriales, sindicales, comerciales y educativas.<\/strong><\/p>\n<p>&nbsp;<\/p>\n<p>Antes de la mesa con sectores productivos estuvieron en la <strong>f\u00e1brica Bolsas Olavarr\u00eda y se reunieron con sus directivos.<\/strong><\/p>\n<p>&nbsp;<\/p>\n<p>&nbsp;<\/p>\n","protected":false},"excerpt":{"rendered":"<p>El presidente de la C\u00e1mara de Diputados lleg\u00f3 a la ciudad para participar de\u00a0la \u201cMesa de la Producci\u00f3n y el<\/p>\n","protected":false},"author":6,"featured_media":37804,"comment_status":"closed","ping_status":"closed","sticky":false,"template":"","format":"standard","meta":{"_jetpack_memberships_contains_paid_content":false,"footnotes":""},"categories":[4,1],"tags":[],"class_list":["post-37799","post","type-post","status-publish","format-standard","has-post-thumbnail","hentry","category-politica","category-portada"],"jetpack_featured_media_url":"https:\/\/i0.wp.com\/cdnoticias.com\/wp-content\/uploads\/2021\/11\/marca-de-agua-1.jpg?fit=1152%2C768&ssl=1","jetpack_sharing_enabled":true,"_links":{"self":[{"href":"https:\/\/cdnoticias.com\/index.php\/wp-json\/wp\/v2\/posts\/37799","targetHints":{"allow":["GET"]}}],"collection":[{"href":"https:\/\/cdnoticias.com\/index.php\/wp-json\/wp\/v2\/posts"}],"about":[{"href":"https:\/\/cdnoticias.com\/index.php\/wp-json\/wp\/v2\/types\/post"}],"author":[{"embeddable":true,"href":"https:\/\/cdnoticias.com\/index.php\/wp-json\/wp\/v2\/users\/6"}],"replies":[{"embeddable":true,"href":"https:\/\/cdnoticias.com\/index.php\/wp-json\/wp\/v2\/comments?post=37799"}],"version-history":[{"count":0,"href":"https:\/\/cdnoticias.com\/index.php\/wp-json\/wp\/v2\/posts\/37799\/revisions"}],"wp:featuredmedia":[{"embeddable":true,"href":"https:\/\/cdnoticias.com\/index.php\/wp-json\/wp\/v2\/media\/37804"}],"wp:attachment":[{"href":"https:\/\/cdnoticias.com\/index.php\/wp-json\/wp\/v2\/media?parent=37799"}],"wp:term":[{"taxonomy":"category","embeddable":true,"href":"https:\/\/cdnoticias.com\/index.php\/wp-json\/wp\/v2\/categories?post=37799"},{"taxonomy":"post_tag","embeddable":true,"href":"https:\/\/cdnoticias.com\/index.php\/wp-json\/wp\/v2\/tags?post=37799"}],"curies":[{"name":"wp","href":"https:\/\/api.w.org\/{rel}","templated":true}]}}