{"id":37784,"date":"2021-11-05T16:17:10","date_gmt":"2021-11-05T19:17:10","guid":{"rendered":"http:\/\/www.centraldenoticias.com.ar\/?p=37784"},"modified":"2021-11-05T16:22:17","modified_gmt":"2021-11-05T19:22:17","slug":"fin-de-semana-de-musica-y-tango-en-la-yumba","status":"publish","type":"post","link":"https:\/\/cdnoticias.com\/index.php\/2021\/11\/05\/fin-de-semana-de-musica-y-tango-en-la-yumba\/","title":{"rendered":"Fin de semana de M\u00fasica y Tango en La Yumba"},"content":{"rendered":"<p>Ser\u00e1 este viernes 5 y 6 de noviembre en el espacio cultural La Yumba.\u00a0<!--more--><\/p>\n<hr \/>\n<p>&nbsp;<\/p>\n<p>Este<strong> viernes 5 a las 21:00<\/strong> se estar\u00e1n presentando en el <strong>espacio cultural La Yumba el d\u00fao &#8220;Binomio&#8221;,<\/strong> conformado por <strong>Gabi Niebla<\/strong> (voz) y <strong>Lucho Mangudo<\/strong> (guitarra y voz). El d\u00fao presentar\u00e1 un <strong>show en formato ac\u00fastico<\/strong>, brindando variedad de canciones. <strong>&#8220;Binomio&#8221; comenz\u00f3 a finales del 2020<\/strong>, haciendo su primera presentaci\u00f3n en el mes de diciembre llevando <strong>m\u00fasica nacional e internacional<\/strong>, adem\u00e1s de temas <strong>propios a su p\u00fablico.<\/strong><\/p>\n<p>&nbsp;<\/p>\n<p><img data-recalc-dims=\"1\" loading=\"lazy\" decoding=\"async\" class=\"aligncenter wp-image-37791 size-large\" src=\"https:\/\/i0.wp.com\/cdnoticias.com\/wp-content\/uploads\/2021\/11\/WhatsApp-Image-2021-11-05-at-09.18.24.jpeg?resize=800%2C800&#038;ssl=1\" alt=\"\" width=\"800\" height=\"800\" srcset=\"https:\/\/i0.wp.com\/cdnoticias.com\/wp-content\/uploads\/2021\/11\/WhatsApp-Image-2021-11-05-at-09.18.24.jpeg?resize=1024%2C1024&amp;ssl=1 1024w, https:\/\/i0.wp.com\/cdnoticias.com\/wp-content\/uploads\/2021\/11\/WhatsApp-Image-2021-11-05-at-09.18.24.jpeg?resize=150%2C150&amp;ssl=1 150w, https:\/\/i0.wp.com\/cdnoticias.com\/wp-content\/uploads\/2021\/11\/WhatsApp-Image-2021-11-05-at-09.18.24.jpeg?resize=300%2C300&amp;ssl=1 300w, https:\/\/i0.wp.com\/cdnoticias.com\/wp-content\/uploads\/2021\/11\/WhatsApp-Image-2021-11-05-at-09.18.24.jpeg?resize=768%2C768&amp;ssl=1 768w, https:\/\/i0.wp.com\/cdnoticias.com\/wp-content\/uploads\/2021\/11\/WhatsApp-Image-2021-11-05-at-09.18.24.jpeg?w=1080&amp;ssl=1 1080w\" sizes=\"auto, (max-width: 800px) 100vw, 800px\" \/><\/p>\n<p>&nbsp;<\/p>\n<p>&nbsp;<\/p>\n<p>Podes encontrarlos en <strong>Instagram como @binomio.musica<\/strong><\/p>\n<p>&nbsp;<\/p>\n<p>Por otro lado, el <strong>s\u00e1bado 6 de noviembre<\/strong> se realizar\u00e1\u00a0un<strong> seminario de tango a cargo de Anto Garabito y Nacho Iglesias<\/strong> a\u00a0partir de las <strong>21:30 en Mariano Moreno<\/strong> (Espa\u00f1a y Sarmiento).<\/p>\n<p>&nbsp;<\/p>\n<p><img data-recalc-dims=\"1\" loading=\"lazy\" decoding=\"async\" class=\"aligncenter wp-image-37792 size-large\" src=\"https:\/\/i0.wp.com\/cdnoticias.com\/wp-content\/uploads\/2021\/11\/WhatsApp-Image-2021-11-05-at-09.18.24-1.jpeg?resize=800%2C800&#038;ssl=1\" alt=\"\" width=\"800\" height=\"800\" srcset=\"https:\/\/i0.wp.com\/cdnoticias.com\/wp-content\/uploads\/2021\/11\/WhatsApp-Image-2021-11-05-at-09.18.24-1.jpeg?resize=1024%2C1024&amp;ssl=1 1024w, https:\/\/i0.wp.com\/cdnoticias.com\/wp-content\/uploads\/2021\/11\/WhatsApp-Image-2021-11-05-at-09.18.24-1.jpeg?resize=150%2C150&amp;ssl=1 150w, https:\/\/i0.wp.com\/cdnoticias.com\/wp-content\/uploads\/2021\/11\/WhatsApp-Image-2021-11-05-at-09.18.24-1.jpeg?resize=300%2C300&amp;ssl=1 300w, https:\/\/i0.wp.com\/cdnoticias.com\/wp-content\/uploads\/2021\/11\/WhatsApp-Image-2021-11-05-at-09.18.24-1.jpeg?resize=768%2C768&amp;ssl=1 768w, https:\/\/i0.wp.com\/cdnoticias.com\/wp-content\/uploads\/2021\/11\/WhatsApp-Image-2021-11-05-at-09.18.24-1.jpeg?w=1080&amp;ssl=1 1080w\" sizes=\"auto, (max-width: 800px) 100vw, 800px\" \/><\/p>\n<p>&nbsp;<\/p>\n<p>&nbsp;<\/p>\n<p><strong>Por consultas, reservas e inscripci\u00f3n<\/strong>, se encuentran en <strong>Facebook como\u00a0La Yumba Espacio Cultural<\/strong> y en<strong> Instagram @LaYumba\u00a0<\/strong><\/p>\n","protected":false},"excerpt":{"rendered":"<p>Ser\u00e1 este viernes 5 y 6 de noviembre en el espacio cultural La Yumba.\u00a0<\/p>\n","protected":false},"author":6,"featured_media":37794,"comment_status":"closed","ping_status":"closed","sticky":false,"template":"","format":"standard","meta":{"_jetpack_memberships_contains_paid_content":false,"footnotes":""},"categories":[9,1],"tags":[],"class_list":["post-37784","post","type-post","status-publish","format-standard","has-post-thumbnail","hentry","category-cultura","category-portada"],"jetpack_featured_media_url":"https:\/\/i0.wp.com\/cdnoticias.com\/wp-content\/uploads\/2021\/11\/yumba.jpg?fit=500%2C344&ssl=1","jetpack_sharing_enabled":true,"_links":{"self":[{"href":"https:\/\/cdnoticias.com\/index.php\/wp-json\/wp\/v2\/posts\/37784","targetHints":{"allow":["GET"]}}],"collection":[{"href":"https:\/\/cdnoticias.com\/index.php\/wp-json\/wp\/v2\/posts"}],"about":[{"href":"https:\/\/cdnoticias.com\/index.php\/wp-json\/wp\/v2\/types\/post"}],"author":[{"embeddable":true,"href":"https:\/\/cdnoticias.com\/index.php\/wp-json\/wp\/v2\/users\/6"}],"replies":[{"embeddable":true,"href":"https:\/\/cdnoticias.com\/index.php\/wp-json\/wp\/v2\/comments?post=37784"}],"version-history":[{"count":0,"href":"https:\/\/cdnoticias.com\/index.php\/wp-json\/wp\/v2\/posts\/37784\/revisions"}],"wp:featuredmedia":[{"embeddable":true,"href":"https:\/\/cdnoticias.com\/index.php\/wp-json\/wp\/v2\/media\/37794"}],"wp:attachment":[{"href":"https:\/\/cdnoticias.com\/index.php\/wp-json\/wp\/v2\/media?parent=37784"}],"wp:term":[{"taxonomy":"category","embeddable":true,"href":"https:\/\/cdnoticias.com\/index.php\/wp-json\/wp\/v2\/categories?post=37784"},{"taxonomy":"post_tag","embeddable":true,"href":"https:\/\/cdnoticias.com\/index.php\/wp-json\/wp\/v2\/tags?post=37784"}],"curies":[{"name":"wp","href":"https:\/\/api.w.org\/{rel}","templated":true}]}}