{"id":37747,"date":"2021-11-05T12:48:30","date_gmt":"2021-11-05T15:48:30","guid":{"rendered":"http:\/\/www.centraldenoticias.com.ar\/?p=37747"},"modified":"2021-11-05T12:48:30","modified_gmt":"2021-11-05T15:48:30","slug":"maria-mabel-dangelo-de-paterno-q-e-p-d","status":"publish","type":"post","link":"https:\/\/cdnoticias.com\/index.php\/2021\/11\/05\/maria-mabel-dangelo-de-paterno-q-e-p-d\/","title":{"rendered":"Mar\u00eda Mabel D&#8217;angelo de Paterno (Q.E.P.D.)"},"content":{"rendered":"<p>Falleci\u00f3 en Olavarr\u00eda el d\u00eda 5 de noviembre de 2021 a los 77 a\u00f1os de edad.<\/p>\n<p>&nbsp;<\/p>\n<p>Su esposo Miguel Paterno. Sus hijos Karina, Federico y Florencia Paterno. Sus hijos pol\u00edticos Jose Luis Chojo, Nicol\u00e1s Ca\u00f1adas y Paola Garc\u00eda. Sus nietos Ferm\u00edn, Emilio y Graciana Chojo, Ger\u00f3nimo y Alejo Paterno; Santino e Hilario Ca\u00f1adas. Sus hermanos pol\u00edticos. Sus sobrinos y dem\u00e1s deudos participan su fallecimiento.<\/p>\n<p>&nbsp;<\/p>\n<p>Velatorio: Sala &#8220;B&#8221; de Espa\u00f1a 2942, comienza 14:30. Responso: Capilla Ardiente. Inhumaci\u00f3n: Loma de Paz, viernes 5 a las 16:30 horas. Servicio adherido a Coopelectric.<\/p>\n<p>&nbsp;<\/p>\n<p>Barrio en el que viv\u00eda: San Vicente.<\/p>\n<p>&nbsp;<\/p>\n<p>Lugar de nacimiento: Olavarr\u00eda.<\/p>\n<p>&nbsp;<\/p>\n<p>Actividad que desarrollaba: Jubilada.<\/p>\n","protected":false},"excerpt":{"rendered":"<p>Falleci\u00f3 en Olavarr\u00eda el d\u00eda 5 de noviembre de 2021 a los 77 a\u00f1os de edad. &nbsp; Su esposo Miguel<\/p>\n","protected":false},"author":4,"featured_media":0,"comment_status":"closed","ping_status":"closed","sticky":false,"template":"","format":"standard","meta":{"_jetpack_memberships_contains_paid_content":false,"footnotes":""},"categories":[10],"tags":[],"class_list":["post-37747","post","type-post","status-publish","format-standard","hentry","category-necrologicas"],"jetpack_featured_media_url":"","jetpack_sharing_enabled":true,"_links":{"self":[{"href":"https:\/\/cdnoticias.com\/index.php\/wp-json\/wp\/v2\/posts\/37747","targetHints":{"allow":["GET"]}}],"collection":[{"href":"https:\/\/cdnoticias.com\/index.php\/wp-json\/wp\/v2\/posts"}],"about":[{"href":"https:\/\/cdnoticias.com\/index.php\/wp-json\/wp\/v2\/types\/post"}],"author":[{"embeddable":true,"href":"https:\/\/cdnoticias.com\/index.php\/wp-json\/wp\/v2\/users\/4"}],"replies":[{"embeddable":true,"href":"https:\/\/cdnoticias.com\/index.php\/wp-json\/wp\/v2\/comments?post=37747"}],"version-history":[{"count":0,"href":"https:\/\/cdnoticias.com\/index.php\/wp-json\/wp\/v2\/posts\/37747\/revisions"}],"wp:attachment":[{"href":"https:\/\/cdnoticias.com\/index.php\/wp-json\/wp\/v2\/media?parent=37747"}],"wp:term":[{"taxonomy":"category","embeddable":true,"href":"https:\/\/cdnoticias.com\/index.php\/wp-json\/wp\/v2\/categories?post=37747"},{"taxonomy":"post_tag","embeddable":true,"href":"https:\/\/cdnoticias.com\/index.php\/wp-json\/wp\/v2\/tags?post=37747"}],"curies":[{"name":"wp","href":"https:\/\/api.w.org\/{rel}","templated":true}]}}