{"id":37744,"date":"2021-11-05T12:54:26","date_gmt":"2021-11-05T15:54:26","guid":{"rendered":"http:\/\/www.centraldenoticias.com.ar\/?p=37744"},"modified":"2021-11-05T13:05:21","modified_gmt":"2021-11-05T16:05:21","slug":"y-si-adoptas-un-perro-veni-a-conocer-a-tu-nuevo-mejor-amigo","status":"publish","type":"post","link":"https:\/\/cdnoticias.com\/index.php\/2021\/11\/05\/y-si-adoptas-un-perro-veni-a-conocer-a-tu-nuevo-mejor-amigo\/","title":{"rendered":"\u00bfY si adopt\u00e1s un perro? \u201cVen\u00ed a conocer a tu nuevo mejor amigo\u201d"},"content":{"rendered":"<p>Es una jornada que se realizar\u00e1 el 13 de noviembre en el Parque Helios Eseverri organizada por la Direcci\u00f3n de Bromatolog\u00eda y agrupaciones proteccionistas. Charlas, m\u00fasica y un regalo para quienes adopten.<!--more--><\/p>\n<hr \/>\n<p><strong>El pr\u00f3ximo s\u00e1bado 13 de noviembre se realizar\u00e1 la Jornada de Adopci\u00f3n de Mascotas y Tenencia Responsable \u201cVen\u00ed a conocer a tu nuevo mejor amigo\u201d<\/strong>. Tendr\u00e1 lugar de 17 a 19 horas <strong>en el Parque Helios Eseverri<\/strong>.<\/p>\n<p>&nbsp;<\/p>\n<p>\u201cLa gesti\u00f3n municipal considera a la protecci\u00f3n animal y el control \u00e9tico de la fauna urbana como uno de los pilares que hacen a la salud p\u00fablica\u201d se destac\u00f3 desde el Municipio en el anuncio. En ese sentido, se se\u00f1al\u00f3 la necesidad de <strong>\u201ctrabajar en favor de controlar y disminuir la poblaci\u00f3n de animales callejeros\u201d<\/strong>.<\/p>\n<p>&nbsp;<\/p>\n<p>Para ello, el Municipio propicia las adopciones: \u201c<strong>un animal que encuentra un hogar es un animal menos en la calle<\/strong>, expuesto a los peligros que ocasiona deambular por la v\u00eda p\u00fablica: los animales callejeros pueden ocasionar mordeduras, accidentes de tr\u00e1nsito y riesgo a la poblaci\u00f3n de contraer enfermedades como rabia, leptospirosis, parasitosis, entre otras\u201d.<\/p>\n<p>&nbsp;<\/p>\n<p><img data-recalc-dims=\"1\" loading=\"lazy\" decoding=\"async\" class=\"aligncenter wp-image-37745\" src=\"https:\/\/i0.wp.com\/cdnoticias.com\/wp-content\/uploads\/2021\/11\/jornada-adopci%C3%B3n-de-perros-1024x1024.jpeg?resize=500%2C500&#038;ssl=1\" alt=\"\" width=\"500\" height=\"500\" srcset=\"https:\/\/i0.wp.com\/cdnoticias.com\/wp-content\/uploads\/2021\/11\/jornada-adopci%C3%B3n-de-perros.jpeg?resize=1024%2C1024&amp;ssl=1 1024w, https:\/\/i0.wp.com\/cdnoticias.com\/wp-content\/uploads\/2021\/11\/jornada-adopci%C3%B3n-de-perros.jpeg?resize=150%2C150&amp;ssl=1 150w, https:\/\/i0.wp.com\/cdnoticias.com\/wp-content\/uploads\/2021\/11\/jornada-adopci%C3%B3n-de-perros.jpeg?resize=300%2C300&amp;ssl=1 300w, https:\/\/i0.wp.com\/cdnoticias.com\/wp-content\/uploads\/2021\/11\/jornada-adopci%C3%B3n-de-perros.jpeg?resize=768%2C768&amp;ssl=1 768w, https:\/\/i0.wp.com\/cdnoticias.com\/wp-content\/uploads\/2021\/11\/jornada-adopci%C3%B3n-de-perros.jpeg?w=1200&amp;ssl=1 1200w\" sizes=\"auto, (max-width: 500px) 100vw, 500px\" \/><\/p>\n<p>&nbsp;<\/p>\n<p>La jornada a realizarse la semana que viene se destina a la<strong> adopci\u00f3n de perros adultos<\/strong>. Cuenta con la organizaci\u00f3n de la Direcci\u00f3n de Bromatolog\u00eda del Municipio, en conjunto con agrupaciones proteccionistas de Olavarr\u00eda. <strong>\u201cSe pretende que esta jornada se repita y se consolide en el tiempo\u201d<\/strong> se adelant\u00f3.<\/p>\n<p>&nbsp;<\/p>\n<p>La actividad incluir\u00e1 <strong>el desarrollo de charlas abiertas sobre adopci\u00f3n y tenencia responsable<\/strong>. Por otro lado, habr\u00e1<strong> puestos de artesanos y protectoras<\/strong>, actividades recreativas para ni\u00f1os y ni\u00f1as y <strong>espect\u00e1culos musicales, a cargo de Las Rocker\u00edsticas<\/strong>. Asimismo, los presentes podr\u00e1n deleitarse con <strong>demostraciones de perros de la Escuela Canina<\/strong>.\u00a0El evento ser\u00e1 auspiciado por Vital Can, que <strong>regalar\u00e1 alimento y merchandising a quienes adopten un animal<\/strong>.<\/p>\n<p>&nbsp;<\/p>\n<p><img data-recalc-dims=\"1\" loading=\"lazy\" decoding=\"async\" class=\"size-large wp-image-5061 aligncenter\" src=\"https:\/\/i0.wp.com\/cdnoticias.com\/wp-content\/uploads\/2020\/10\/Bromatalog%C3%ADa-Antirr%C3%A1bica-1-1024x682-1024x682.jpg?resize=800%2C533&#038;ssl=1\" alt=\"\" width=\"800\" height=\"533\" srcset=\"https:\/\/i0.wp.com\/cdnoticias.com\/wp-content\/uploads\/2020\/10\/Bromatalog%C3%ADa-Antirr%C3%A1bica-1-1024x682.jpg?resize=1024%2C682&amp;ssl=1 1024w, https:\/\/i0.wp.com\/cdnoticias.com\/wp-content\/uploads\/2020\/10\/Bromatalog%C3%ADa-Antirr%C3%A1bica-1-1024x682.jpg?resize=300%2C200&amp;ssl=1 300w, https:\/\/i0.wp.com\/cdnoticias.com\/wp-content\/uploads\/2020\/10\/Bromatalog%C3%ADa-Antirr%C3%A1bica-1-1024x682.jpg?resize=768%2C512&amp;ssl=1 768w, https:\/\/i0.wp.com\/cdnoticias.com\/wp-content\/uploads\/2020\/10\/Bromatalog%C3%ADa-Antirr%C3%A1bica-1-1024x682.jpg?resize=272%2C182&amp;ssl=1 272w\" sizes=\"auto, (max-width: 800px) 100vw, 800px\" \/><\/p>\n<p>&nbsp;<\/p>\n<p>Por su parte, <strong>se recibir\u00e1n donaciones<\/strong> de frazadas, pipetas, alimento balanceado, correas, collares y pretales a beneficio de las agrupaciones proteccionistas.<\/p>\n<p>&nbsp;<\/p>\n<p>Quienes piensan en adoptar una mascota pueden consultar<a href=\"https:\/\/www.olavarria.gov.ar\/mascotas\/\" target=\"_blank\" rel=\"noopener\"> informaci\u00f3n sobre tenencia responsable aqu\u00ed<\/a>.<\/p>\n","protected":false},"excerpt":{"rendered":"<p>Es una jornada que se realizar\u00e1 el 13 de noviembre en el Parque Helios Eseverri organizada por la Direcci\u00f3n de<\/p>\n","protected":false},"author":4,"featured_media":21460,"comment_status":"closed","ping_status":"closed","sticky":false,"template":"","format":"standard","meta":{"_jetpack_memberships_contains_paid_content":false,"footnotes":""},"categories":[5,1],"tags":[],"class_list":["post-37744","post","type-post","status-publish","format-standard","has-post-thumbnail","hentry","category-informacion-general","category-portada"],"jetpack_featured_media_url":"https:\/\/i0.wp.com\/cdnoticias.com\/wp-content\/uploads\/2021\/05\/Bromatologia-Antirrabica-2-1024x682.jpg?fit=1024%2C682&ssl=1","jetpack_sharing_enabled":true,"_links":{"self":[{"href":"https:\/\/cdnoticias.com\/index.php\/wp-json\/wp\/v2\/posts\/37744","targetHints":{"allow":["GET"]}}],"collection":[{"href":"https:\/\/cdnoticias.com\/index.php\/wp-json\/wp\/v2\/posts"}],"about":[{"href":"https:\/\/cdnoticias.com\/index.php\/wp-json\/wp\/v2\/types\/post"}],"author":[{"embeddable":true,"href":"https:\/\/cdnoticias.com\/index.php\/wp-json\/wp\/v2\/users\/4"}],"replies":[{"embeddable":true,"href":"https:\/\/cdnoticias.com\/index.php\/wp-json\/wp\/v2\/comments?post=37744"}],"version-history":[{"count":0,"href":"https:\/\/cdnoticias.com\/index.php\/wp-json\/wp\/v2\/posts\/37744\/revisions"}],"wp:featuredmedia":[{"embeddable":true,"href":"https:\/\/cdnoticias.com\/index.php\/wp-json\/wp\/v2\/media\/21460"}],"wp:attachment":[{"href":"https:\/\/cdnoticias.com\/index.php\/wp-json\/wp\/v2\/media?parent=37744"}],"wp:term":[{"taxonomy":"category","embeddable":true,"href":"https:\/\/cdnoticias.com\/index.php\/wp-json\/wp\/v2\/categories?post=37744"},{"taxonomy":"post_tag","embeddable":true,"href":"https:\/\/cdnoticias.com\/index.php\/wp-json\/wp\/v2\/tags?post=37744"}],"curies":[{"name":"wp","href":"https:\/\/api.w.org\/{rel}","templated":true}]}}