{"id":37731,"date":"2021-11-05T10:35:00","date_gmt":"2021-11-05T13:35:00","guid":{"rendered":"http:\/\/www.centraldenoticias.com.ar\/?p=37731"},"modified":"2021-11-05T13:34:56","modified_gmt":"2021-11-05T16:34:56","slug":"anuncian-la-finalizacion-del-tramite-de-escritura-para-el-pio-v","status":"publish","type":"post","link":"https:\/\/cdnoticias.com\/index.php\/2021\/11\/05\/anuncian-la-finalizacion-del-tramite-de-escritura-para-el-pio-v\/","title":{"rendered":"Anuncian la finalizaci\u00f3n del tr\u00e1mite de escrituraci\u00f3n para el PIO V"},"content":{"rendered":"<p>Fue comunicado por el subsecretario de Miner\u00eda bonaerense Federico Aguilera junto a los dirigentes industriales C\u00e9sar Longo y Sergio Corso. Son 38 los lotes en condiciones de escriturar.<!--more--><\/p>\n<hr \/>\n<p>Durante la ma\u00f1ana de este viernes, el subsecretario de Miner\u00eda de la provincia de Buenos Aires, Federico Aguilera encabez\u00f3 una conferencia de prensa para comunicar la <strong>finalizaci\u00f3n del tr\u00e1mite de escritura del Parque Industrial V de Olavarr\u00eda.<\/strong><\/p>\n<p>&nbsp;<\/p>\n<p>Estuvo acompa\u00f1ado por el presidente de la Uni\u00f3n Industrial Olavarr\u00eda, C\u00e9sar Longo y el ingeniero y dirigente del Centro Industrial Sergio Corso.<\/p>\n<p>&nbsp;<\/p>\n<p>Aguilera record\u00f3 los encuentros mantenidos con los sectores productivos de la ciudad y la demanda de dos cuestiones fundamentales:<strong><em> \u201cla puesta en funcionamiento de la sede del Banco Provincia en el PIO\u201d<\/em><\/strong> y <strong><em>\u201cel tr\u00e1mite de escrituraci\u00f3n del PIO V\u201d.<\/em><\/strong><\/p>\n<p>&nbsp;<\/p>\n<p><img data-recalc-dims=\"1\" loading=\"lazy\" decoding=\"async\" class=\"size-full wp-image-37742 aligncenter\" src=\"https:\/\/i0.wp.com\/cdnoticias.com\/wp-content\/uploads\/2021\/11\/anuncio-escrituras-aguilera-union-industrial-01.jpg?resize=800%2C445&#038;ssl=1\" alt=\"\" width=\"800\" height=\"445\" srcset=\"https:\/\/i0.wp.com\/cdnoticias.com\/wp-content\/uploads\/2021\/11\/anuncio-escrituras-aguilera-union-industrial-01.jpg?w=800&amp;ssl=1 800w, https:\/\/i0.wp.com\/cdnoticias.com\/wp-content\/uploads\/2021\/11\/anuncio-escrituras-aguilera-union-industrial-01.jpg?resize=300%2C167&amp;ssl=1 300w, https:\/\/i0.wp.com\/cdnoticias.com\/wp-content\/uploads\/2021\/11\/anuncio-escrituras-aguilera-union-industrial-01.jpg?resize=768%2C427&amp;ssl=1 768w\" sizes=\"auto, (max-width: 800px) 100vw, 800px\" \/><\/p>\n<p>&nbsp;<\/p>\n<p>En ese sentido, afirm\u00f3 que <em>\u201ces una gran alegr\u00eda que desde esta gesti\u00f3n provincial, podamos darles la noticia de que hemos concluido el plano de registraci\u00f3n del PIO V\u201d.<\/em><\/p>\n<p>&nbsp;<\/p>\n<p>Resalt\u00f3 que <strong><em>\u201ccada empresario del PIO va a tener su certificado catastral por lo que van a poder escriturar sus lotes\u201d.<\/em><\/strong><\/p>\n<p>&nbsp;<\/p>\n<p>Por otra parte, Aguilera record\u00f3 los vaivenes atravesados para concretar el tr\u00e1mite y se\u00f1al\u00f3 <strong><em>\u201catrasos del expediente en el Municipo durante algunos meses\u201d<\/em><\/strong> aunque destac\u00f3 que <em>\u201cen el \u00faltimo tiempo a trav\u00e9s del dialogo y de mucha insistencia de la Uni\u00f3n Industrial, se logr\u00f3 que eso avanzara\u201d.<\/em><\/p>\n<p>&nbsp;<\/p>\n<p><img data-recalc-dims=\"1\" loading=\"lazy\" decoding=\"async\" class=\"size-full wp-image-37740 aligncenter\" src=\"https:\/\/i0.wp.com\/cdnoticias.com\/wp-content\/uploads\/2021\/11\/anuncio-escrituras-aguilera-union-industrial-02.jpg?resize=800%2C445&#038;ssl=1\" alt=\"\" width=\"800\" height=\"445\" srcset=\"https:\/\/i0.wp.com\/cdnoticias.com\/wp-content\/uploads\/2021\/11\/anuncio-escrituras-aguilera-union-industrial-02.jpg?w=800&amp;ssl=1 800w, https:\/\/i0.wp.com\/cdnoticias.com\/wp-content\/uploads\/2021\/11\/anuncio-escrituras-aguilera-union-industrial-02.jpg?resize=300%2C167&amp;ssl=1 300w, https:\/\/i0.wp.com\/cdnoticias.com\/wp-content\/uploads\/2021\/11\/anuncio-escrituras-aguilera-union-industrial-02.jpg?resize=768%2C427&amp;ssl=1 768w\" sizes=\"auto, (max-width: 800px) 100vw, 800px\" \/><\/p>\n<p>&nbsp;<\/p>\n<p><strong>C\u00e9sar Longo<\/strong> se mostr\u00f3 visiblemente emocionado por el anuncio y explic\u00f3 que<em> \u201cesto es un anhelo de 11 a\u00f1os. No saben lo importante que es para un emprendedor tener una escritura\u201d.<\/em><\/p>\n<p>&nbsp;<\/p>\n<blockquote><p>Indic\u00f3 que de esta forma \u201cen el PIO V son 38 los lotes que pueden escriturar\u201d.<\/p><\/blockquote>\n<p>&nbsp;<\/p>\n<p>A su vez, Sergio Corso destac\u00f3<em> \u201cel ordenamiento de esta irregularidad por parte del Estado, a la cual el propio Estado hab\u00eda dado origen. Es algo que tenemos que festejar\u201d<\/em> y agreg\u00f3 que<strong><em> \u201cahora cambia el respaldo legal y la posibilidad de cr\u00e9ditos\u201d.<\/em><\/strong><\/p>\n<p>&nbsp;<\/p>\n<blockquote class=\"twitter-tweet\">\n<p dir=\"ltr\" lang=\"es\">Es un orgullo y una inmensa alegr\u00eda anunciar que despu\u00e9s de a\u00f1os de espera y reclamos,fue nuestra gesti\u00f3n provincial,a trav\u00e9s del <a href=\"https:\/\/twitter.com\/Produccion_PBA?ref_src=twsrc%5Etfw\">@Produccion_PBA<\/a> del cual formo parte, junto con <a href=\"https:\/\/twitter.com\/arba?ref_src=twsrc%5Etfw\">@arba<\/a> y la <a href=\"https:\/\/twitter.com\/UIOlavarria?ref_src=twsrc%5Etfw\">@UIOlavarria<\/a>,la que acaba de lograr la registraci\u00f3n catastral del plano del PIO V Olavarr\u00eda <a href=\"https:\/\/t.co\/ZPenJpKoMo\">pic.twitter.com\/ZPenJpKoMo<\/a><\/p>\n<p>\u2014 Federico Aguilera (@FedericoAguile5) <a href=\"https:\/\/twitter.com\/FedericoAguile5\/status\/1456619871266033671?ref_src=twsrc%5Etfw\">November 5, 2021<\/a><\/p><\/blockquote>\n<p><script async src=\"https:\/\/platform.twitter.com\/widgets.js\" charset=\"utf-8\"><\/script><\/p>\n","protected":false},"excerpt":{"rendered":"<p>Fue comunicado por el subsecretario de Miner\u00eda bonaerense Federico Aguilera junto a los dirigentes industriales C\u00e9sar Longo y Sergio Corso.<\/p>\n","protected":false},"author":2,"featured_media":37741,"comment_status":"closed","ping_status":"closed","sticky":false,"template":"","format":"standard","meta":{"_jetpack_memberships_contains_paid_content":false,"footnotes":""},"categories":[5,1],"tags":[],"class_list":["post-37731","post","type-post","status-publish","format-standard","has-post-thumbnail","hentry","category-informacion-general","category-portada"],"jetpack_featured_media_url":"https:\/\/i0.wp.com\/cdnoticias.com\/wp-content\/uploads\/2021\/11\/anuncio-escrituras-aguilera-union-industrial-00.jpg?fit=1200%2C668&ssl=1","jetpack_sharing_enabled":true,"_links":{"self":[{"href":"https:\/\/cdnoticias.com\/index.php\/wp-json\/wp\/v2\/posts\/37731","targetHints":{"allow":["GET"]}}],"collection":[{"href":"https:\/\/cdnoticias.com\/index.php\/wp-json\/wp\/v2\/posts"}],"about":[{"href":"https:\/\/cdnoticias.com\/index.php\/wp-json\/wp\/v2\/types\/post"}],"author":[{"embeddable":true,"href":"https:\/\/cdnoticias.com\/index.php\/wp-json\/wp\/v2\/users\/2"}],"replies":[{"embeddable":true,"href":"https:\/\/cdnoticias.com\/index.php\/wp-json\/wp\/v2\/comments?post=37731"}],"version-history":[{"count":0,"href":"https:\/\/cdnoticias.com\/index.php\/wp-json\/wp\/v2\/posts\/37731\/revisions"}],"wp:featuredmedia":[{"embeddable":true,"href":"https:\/\/cdnoticias.com\/index.php\/wp-json\/wp\/v2\/media\/37741"}],"wp:attachment":[{"href":"https:\/\/cdnoticias.com\/index.php\/wp-json\/wp\/v2\/media?parent=37731"}],"wp:term":[{"taxonomy":"category","embeddable":true,"href":"https:\/\/cdnoticias.com\/index.php\/wp-json\/wp\/v2\/categories?post=37731"},{"taxonomy":"post_tag","embeddable":true,"href":"https:\/\/cdnoticias.com\/index.php\/wp-json\/wp\/v2\/tags?post=37731"}],"curies":[{"name":"wp","href":"https:\/\/api.w.org\/{rel}","templated":true}]}}