{"id":37702,"date":"2021-11-04T20:30:30","date_gmt":"2021-11-04T23:30:30","guid":{"rendered":"http:\/\/www.centraldenoticias.com.ar\/?p=37702"},"modified":"2021-11-04T20:30:30","modified_gmt":"2021-11-04T23:30:30","slug":"vecinos-autoconvocados-aseguran-que-estamos-preparando-precandidatos-para-el-2023","status":"publish","type":"post","link":"https:\/\/cdnoticias.com\/index.php\/2021\/11\/04\/vecinos-autoconvocados-aseguran-que-estamos-preparando-precandidatos-para-el-2023\/","title":{"rendered":"Vecinos autoconvocados aseguran que \u201cestamos preparando precandidatos para el 2023\u201d"},"content":{"rendered":"<p>Lo dijo Claudio Peralta en un comunicado enviado a los medios. Afirman que los vecinos est\u00e1n cansados de \u201clas mismas caras en la pol\u00edtica\u201d.<!--more--><\/p>\n<hr \/>\n<p>De la Agrupaci\u00f3n de Vecinos Autoconvocados se emiti\u00f3 un comunicado a los medios period\u00edsticos de la ciudad en el cual anuncian que <strong>\u201cestamos preparando pre-candidatos para 2023\u201d.<\/strong><\/p>\n<p>&nbsp;<\/p>\n<p>Enfatizaron que desde hace 3 a\u00f1os vienen llevando adelante un trabajo social y que gracias a ese contacto con la comunidad \u201c<strong>venimos escuchando a los vecinos, quienes constantemente nos expresan sobre el cansancio de las elecciones y las mismas caras en la pol\u00edtica<\/strong>,\u00a0 las boletas son m\u00e1s de lo mismo desde hace varios a\u00f1os\u201d, dijo Claudio Peralta ,<\/p>\n<p>&nbsp;<\/p>\n<p>\u201cCuando decidimos escuchar y actuar sobre lo pol\u00edtico es impresionante la gente que se sum\u00f3 y la que se \u00a0quiere sumar, nuestra idea es que los pre- candidatos a concejales salgan de los barrios, hay gente preparada y con ganas de cambiar la realidad. <strong>Va a ser un trabajo complejo, pero tenemos 2 a\u00f1os para prepararnos, nuestro objetivo es que la gente de barrios olvidados como Carlos Pelegrini , Provincias Argentinas entre tantos otros vuelvan a creer<\/strong>\u201d, a\u00f1adi\u00f3.<\/p>\n<p>&nbsp;<\/p>\n<p>A la par, enfatiz\u00f3 que <strong>\u201cninguno de nosotros tuvo actividad pol\u00edtica, pero queremos asumir el compromiso con los vecinos, con los cuales venimos trabajando hace 3 a\u00f1os\u201d<\/strong>. Adem\u00e1s, se dio cuenta que la agrupaci\u00f3n responde a casos emergentes, primero fue en barrio Hip\u00f3lito Yrigoyen,\u00a0 pero ya luego en toda la ciudad, seg\u00fan a\u00f1adieron.<\/p>\n<p>&nbsp;<\/p>\n<p>\u201cEs una apuesta fuerte, los primeros en sumarse aparte de los colaboradores de la agrupaci\u00f3n fueron Facundo G\u00f3mez, Braian Burgardt y Fabricio Mondini, quienes seguramente ser\u00e1n pre- candidatos a 2023. <strong>Algo que nos impuls\u00f3 a lanzar esto antes\u00a0 fueron estas PASO, se pod\u00eda palpar con facilidad el cansancio de la gente con la pol\u00edtica, en vez de quejarnos desde nuestras casas preferimos actuar, sea cual sea el resultado vamos a seguir con el trabajo que venimos haciendo<\/strong>\u201d, finalizaron.<\/p>\n","protected":false},"excerpt":{"rendered":"<p>Lo dijo Claudio Peralta en un comunicado enviado a los medios. Afirman que los vecinos est\u00e1n cansados de \u201clas mismas<\/p>\n","protected":false},"author":3,"featured_media":37703,"comment_status":"closed","ping_status":"closed","sticky":false,"template":"","format":"standard","meta":{"_jetpack_memberships_contains_paid_content":false,"footnotes":""},"categories":[4,1],"tags":[],"class_list":["post-37702","post","type-post","status-publish","format-standard","has-post-thumbnail","hentry","category-politica","category-portada"],"jetpack_featured_media_url":"https:\/\/i0.wp.com\/cdnoticias.com\/wp-content\/uploads\/2021\/11\/WhatsApp-Image-2021-11-04-at-20.13.54.jpeg?fit=1600%2C737&ssl=1","jetpack_sharing_enabled":true,"_links":{"self":[{"href":"https:\/\/cdnoticias.com\/index.php\/wp-json\/wp\/v2\/posts\/37702","targetHints":{"allow":["GET"]}}],"collection":[{"href":"https:\/\/cdnoticias.com\/index.php\/wp-json\/wp\/v2\/posts"}],"about":[{"href":"https:\/\/cdnoticias.com\/index.php\/wp-json\/wp\/v2\/types\/post"}],"author":[{"embeddable":true,"href":"https:\/\/cdnoticias.com\/index.php\/wp-json\/wp\/v2\/users\/3"}],"replies":[{"embeddable":true,"href":"https:\/\/cdnoticias.com\/index.php\/wp-json\/wp\/v2\/comments?post=37702"}],"version-history":[{"count":0,"href":"https:\/\/cdnoticias.com\/index.php\/wp-json\/wp\/v2\/posts\/37702\/revisions"}],"wp:featuredmedia":[{"embeddable":true,"href":"https:\/\/cdnoticias.com\/index.php\/wp-json\/wp\/v2\/media\/37703"}],"wp:attachment":[{"href":"https:\/\/cdnoticias.com\/index.php\/wp-json\/wp\/v2\/media?parent=37702"}],"wp:term":[{"taxonomy":"category","embeddable":true,"href":"https:\/\/cdnoticias.com\/index.php\/wp-json\/wp\/v2\/categories?post=37702"},{"taxonomy":"post_tag","embeddable":true,"href":"https:\/\/cdnoticias.com\/index.php\/wp-json\/wp\/v2\/tags?post=37702"}],"curies":[{"name":"wp","href":"https:\/\/api.w.org\/{rel}","templated":true}]}}