{"id":37674,"date":"2021-11-05T12:09:12","date_gmt":"2021-11-05T15:09:12","guid":{"rendered":"http:\/\/www.centraldenoticias.com.ar\/?p=37674"},"modified":"2021-11-05T12:09:12","modified_gmt":"2021-11-05T15:09:12","slug":"emprendedores-olavarrienses-recibieron-microcreditos","status":"publish","type":"post","link":"https:\/\/cdnoticias.com\/index.php\/2021\/11\/05\/emprendedores-olavarrienses-recibieron-microcreditos\/","title":{"rendered":"Emprendedores olavarrienses recibieron microcr\u00e9ditos"},"content":{"rendered":"<p>Fueron beneficiados cuatro proyectos en el marco del financiamiento impulsado desde la CoNaMi.<!--more--><\/p>\n<hr \/>\n<p>En un acto que se celebr\u00f3 en la ma\u00f1ana de este jueves, en la el Sal\u00f3n Blanco del Palacio San Mart\u00edn, <strong>cuatro emprendedores olavarrienses recibieron financiamiento crediticio para sus proyectos.<\/strong><\/p>\n<p>&nbsp;<\/p>\n<p>Dicho financiamiento corresponde al programa implementado desde la<strong> CoNaMi (Comisi\u00f3n Nacional de Microcr\u00e9ditos),<\/strong> gestionado a nivel local por la Secretar\u00eda de Desarrollo Econ\u00f3mico del Municipio. <strong>Este programa a la fecha lleva otorgados m\u00e1s de 8 millones de pesos en cr\u00e9dito.<\/strong><\/p>\n<p>&nbsp;<\/p>\n<p>El intendente Ezequiel Galli encabez\u00f3 el acto y felicit\u00f3 a los emprendedores por su dedicaci\u00f3n y esfuerzo diario. Participaron adem\u00e1s el secretario de Desarrollo Econ\u00f3mico Julio Valetutto y el director de Econom\u00eda Social Leonardo Maiola, as\u00ed como tambi\u00e9n los emprendedores que recibieron el microcr\u00e9dito.<\/p>\n<p>&nbsp;<\/p>\n<p><strong><em>\u201cSiempre pongo a disposici\u00f3n al equipo para todo lo que tiene que ver con asesoramiento. El \u00e1rea est\u00e1 m\u00e1s que preparada para darles una mano en lo que sea necesario\u201d<\/em><\/strong> destac\u00f3 el Intendente.<\/p>\n<p>&nbsp;<\/p>\n<p><em>\u201cLos emprendedores destacan la accesibilidad del cr\u00e9dito: para muchos es el empuj\u00f3n necesario para dar un salto de calidad. Para nosotros es muy importante y es una gran herramienta para ustedes\u201d<\/em> resalt\u00f3 Ezequiel Galli al tiempo que concluy\u00f3:<em> \u201cMe alegra mucho que lo puedan aprovechar\u201d.<\/em><\/p>\n<p>&nbsp;<\/p>\n<p><img data-recalc-dims=\"1\" loading=\"lazy\" decoding=\"async\" class=\"alignnone size-large wp-image-37690\" src=\"https:\/\/i0.wp.com\/cdnoticias.com\/wp-content\/uploads\/2021\/11\/DE-Entrega-Microcredito-1-scaled-1.jpg?resize=800%2C534&#038;ssl=1\" alt=\"\" width=\"800\" height=\"534\" srcset=\"https:\/\/i0.wp.com\/cdnoticias.com\/wp-content\/uploads\/2021\/11\/DE-Entrega-Microcredito-1-scaled-1.jpg?resize=1024%2C684&amp;ssl=1 1024w, https:\/\/i0.wp.com\/cdnoticias.com\/wp-content\/uploads\/2021\/11\/DE-Entrega-Microcredito-1-scaled-1.jpg?resize=300%2C201&amp;ssl=1 300w, https:\/\/i0.wp.com\/cdnoticias.com\/wp-content\/uploads\/2021\/11\/DE-Entrega-Microcredito-1-scaled-1.jpg?resize=768%2C513&amp;ssl=1 768w, https:\/\/i0.wp.com\/cdnoticias.com\/wp-content\/uploads\/2021\/11\/DE-Entrega-Microcredito-1-scaled-1.jpg?resize=272%2C182&amp;ssl=1 272w, https:\/\/i0.wp.com\/cdnoticias.com\/wp-content\/uploads\/2021\/11\/DE-Entrega-Microcredito-1-scaled-1.jpg?w=1600&amp;ssl=1 1600w, https:\/\/i0.wp.com\/cdnoticias.com\/wp-content\/uploads\/2021\/11\/DE-Entrega-Microcredito-1-scaled-1.jpg?w=2400&amp;ssl=1 2400w\" sizes=\"auto, (max-width: 800px) 100vw, 800px\" \/><\/p>\n<p>&nbsp;<\/p>\n<p><strong>En esta ocasi\u00f3n los emprendedores adjudicatarios fueron los siguientes:<\/strong><\/p>\n<p>&nbsp;<\/p>\n<p><strong>Proyecto: Lucas Sebasti\u00e1n Mayer. Actividad: vivero.<\/strong> El financiamiento se destinar\u00e1 a la compra de macetas, abono y bulbos. Recr\u00e9dito.<\/p>\n<p>&nbsp;<\/p>\n<p><strong>Proyecto: Micaela Soledad Rodr\u00edguez. Actividad: vivero (suculentas)<\/strong>. El financiamiento se destinar\u00e1 a la compra de planta madre para reproducci\u00f3n, macetas de pl\u00e1stico, tierra, insumos de jardiner\u00eda, abonos y fertilizantes y cer\u00e1mica. Recr\u00e9dito.<\/p>\n<p>&nbsp;<\/p>\n<p><strong>Proyecto: Mar\u00eda Ver\u00f3nica Pianciola. Actividad: Ecoterra \u2013 Espacio Educativo Integral.<\/strong> El financiamiento se destinar\u00e1 a la construcci\u00f3n de una pileta de 10\u00d74 mts.<\/p>\n<p>&nbsp;<\/p>\n<p><strong>Proyecto: Laura Josefa Tejo. Actividad: servicio integral para bicicletas.<\/strong> El financiamiento se destinar\u00e1 a la compra de herramientas para el arreglo de bicicletas.<\/p>\n<p>&nbsp;<\/p>\n<p>Los emprendedores recibieron un monto crediticio de<strong> 80.000 pesos cada uno<\/strong>, a devolver en 24 cuotas; conforme el sistema de fondo rotatorio.<\/p>\n<p>&nbsp;<\/p>\n<p><img data-recalc-dims=\"1\" loading=\"lazy\" decoding=\"async\" class=\"alignnone size-large wp-image-37692\" src=\"https:\/\/i0.wp.com\/cdnoticias.com\/wp-content\/uploads\/2021\/11\/DE-Entrega-Microcredito-2-scaled.jpg?resize=800%2C534&#038;ssl=1\" alt=\"\" width=\"800\" height=\"534\" srcset=\"https:\/\/i0.wp.com\/cdnoticias.com\/wp-content\/uploads\/2021\/11\/DE-Entrega-Microcredito-2-scaled.jpg?resize=1024%2C684&amp;ssl=1 1024w, https:\/\/i0.wp.com\/cdnoticias.com\/wp-content\/uploads\/2021\/11\/DE-Entrega-Microcredito-2-scaled.jpg?resize=300%2C201&amp;ssl=1 300w, https:\/\/i0.wp.com\/cdnoticias.com\/wp-content\/uploads\/2021\/11\/DE-Entrega-Microcredito-2-scaled.jpg?resize=768%2C513&amp;ssl=1 768w, https:\/\/i0.wp.com\/cdnoticias.com\/wp-content\/uploads\/2021\/11\/DE-Entrega-Microcredito-2-scaled.jpg?resize=272%2C182&amp;ssl=1 272w, https:\/\/i0.wp.com\/cdnoticias.com\/wp-content\/uploads\/2021\/11\/DE-Entrega-Microcredito-2-scaled.jpg?w=1600&amp;ssl=1 1600w, https:\/\/i0.wp.com\/cdnoticias.com\/wp-content\/uploads\/2021\/11\/DE-Entrega-Microcredito-2-scaled.jpg?w=2400&amp;ssl=1 2400w\" sizes=\"auto, (max-width: 800px) 100vw, 800px\" \/><\/p>\n<p>&nbsp;<\/p>\n<p><b>CoNaMi<\/b><\/p>\n<p>La CoNaMi fue creada por la Ley N\u00ba 26.117 para implementar el<strong> Programa Nacional de Microcr\u00e9dito para la Econom\u00eda Social.<\/strong> Sus acciones forman parte de la estrategia integral de desarrollo productivo con inclusi\u00f3n social que impulsa el Ministerio de Desarrollo Social de la Naci\u00f3n.<\/p>\n<p>&nbsp;<\/p>\n<p>Dicha Comisi\u00f3n tiene como objetivos facilitar el acceso al microcr\u00e9dito a quienes necesiten capital para fortalecer sus emprendimientos productivos, de servicio y\/o consumo.<\/p>\n<p>&nbsp;<\/p>\n","protected":false},"excerpt":{"rendered":"<p>Fueron beneficiados cuatro proyectos en el marco del financiamiento impulsado desde la CoNaMi.<\/p>\n","protected":false},"author":5,"featured_media":37694,"comment_status":"closed","ping_status":"closed","sticky":false,"template":"","format":"standard","meta":{"_jetpack_memberships_contains_paid_content":false,"footnotes":""},"categories":[5,1],"tags":[],"class_list":["post-37674","post","type-post","status-publish","format-standard","has-post-thumbnail","hentry","category-informacion-general","category-portada"],"jetpack_featured_media_url":"https:\/\/i0.wp.com\/cdnoticias.com\/wp-content\/uploads\/2021\/11\/DE-Entrega-Microcredito-3-scaled.jpg?fit=2560%2C1711&ssl=1","jetpack_sharing_enabled":true,"_links":{"self":[{"href":"https:\/\/cdnoticias.com\/index.php\/wp-json\/wp\/v2\/posts\/37674","targetHints":{"allow":["GET"]}}],"collection":[{"href":"https:\/\/cdnoticias.com\/index.php\/wp-json\/wp\/v2\/posts"}],"about":[{"href":"https:\/\/cdnoticias.com\/index.php\/wp-json\/wp\/v2\/types\/post"}],"author":[{"embeddable":true,"href":"https:\/\/cdnoticias.com\/index.php\/wp-json\/wp\/v2\/users\/5"}],"replies":[{"embeddable":true,"href":"https:\/\/cdnoticias.com\/index.php\/wp-json\/wp\/v2\/comments?post=37674"}],"version-history":[{"count":0,"href":"https:\/\/cdnoticias.com\/index.php\/wp-json\/wp\/v2\/posts\/37674\/revisions"}],"wp:featuredmedia":[{"embeddable":true,"href":"https:\/\/cdnoticias.com\/index.php\/wp-json\/wp\/v2\/media\/37694"}],"wp:attachment":[{"href":"https:\/\/cdnoticias.com\/index.php\/wp-json\/wp\/v2\/media?parent=37674"}],"wp:term":[{"taxonomy":"category","embeddable":true,"href":"https:\/\/cdnoticias.com\/index.php\/wp-json\/wp\/v2\/categories?post=37674"},{"taxonomy":"post_tag","embeddable":true,"href":"https:\/\/cdnoticias.com\/index.php\/wp-json\/wp\/v2\/tags?post=37674"}],"curies":[{"name":"wp","href":"https:\/\/api.w.org\/{rel}","templated":true}]}}