{"id":37670,"date":"2021-11-05T16:57:23","date_gmt":"2021-11-05T19:57:23","guid":{"rendered":"http:\/\/www.centraldenoticias.com.ar\/?p=37670"},"modified":"2021-11-05T16:57:23","modified_gmt":"2021-11-05T19:57:23","slug":"extension-del-plazo-para-la-inscripcion-al-fondo-reactivo-cultural","status":"publish","type":"post","link":"https:\/\/cdnoticias.com\/index.php\/2021\/11\/05\/extension-del-plazo-para-la-inscripcion-al-fondo-reactivo-cultural\/","title":{"rendered":"Extensi\u00f3n del plazo para la inscripci\u00f3n al Fondo Reactivo Cultural"},"content":{"rendered":"<p>El plazo de entrega de proyectos se extiende hasta el viernes 12 de noviembre.<!--more--><\/p>\n<hr \/>\n<p>&nbsp;<\/p>\n<p>Se <strong>extiende la convocatoria para la inscripci\u00f3n del Fondo Reactivo Cultural<\/strong>, orientada a <strong>respaldar econ\u00f3micamente a proyectos art\u00edsticos independientes<\/strong>, con el fin de acompa\u00f1ar \u00a0a las\/os trabajadoras\/es de la <strong>cultura de Olavarr\u00eda.<\/strong><\/p>\n<p>&nbsp;<\/p>\n<p>El <strong>Fondo Reactivo<\/strong> se encuadra en el <strong>Programa EMERGER de la UNICEN<\/strong> (Universidad Nacional del Centro de la Provincia de Buenos Aires). Es coordinado por la Municipalidad de Olavarr\u00eda a trav\u00e9s de<strong> Subsecretar\u00eda de Cultura y Educaci\u00f3n<\/strong>, el <strong>\u00c1rea Cultura UNICEN<\/strong> y la <strong>Facultad de Ciencias Sociales<\/strong> a trav\u00e9s del <strong>Centro Cultural Universitario<\/strong> (CCU).<\/p>\n<p>&nbsp;<\/p>\n<p>El <strong>Fondo Reactivo Cultural<\/strong> consiste en una <strong>convocatoria dirigida a artistas, grupos art\u00edsticos y gestores\/as culturales<\/strong>, con el fin de <strong>promover la producci\u00f3n creativa y cultural<\/strong> de nuestra ciudad. Se trata de un <strong>apoyo econ\u00f3mico a proyectos art\u00edsticos independientes<\/strong>, con el fin de acompa\u00f1ar \u00a0a las\/os trabajadoras\/es de la cultura de nuestra ciudad.<\/p>\n<p>&nbsp;<\/p>\n<p>Las <strong>propuestas ganadoras recibir\u00e1n\u00a0un apoyo econ\u00f3mico<\/strong> extraordinario que constar\u00e1 de un <strong>pago \u00fanico de\u00a0$30.000<\/strong>. Se <strong>extiende el plazo de entrega de proyectos hasta el viernes 12 de noviembre.<\/strong><\/p>\n<p>&nbsp;<\/p>\n<p>Para <strong>acceder al Fondo Reactivo<\/strong> \u2013 de acuerdo a bases y condiciones que pueden consultarse en\u00a0<a href=\"http:\/\/www.olavarria.gov.ar\/\" target=\"_blank\" rel=\"noopener\">www.olavarria.gov.ar<\/a>\u00a0y\u00a0<a href=\"http:\/\/www.unicen.edu.ar\/\" target=\"_blank\" rel=\"noopener\">www.unicen.edu.ar<\/a>\u00a0\u2013 se deber\u00e1 <strong>presentar un proyecto desarrollado en nuestra ciudad<\/strong>, el cual podr\u00e1 enmarcarse en artes esc\u00e9nicas, artes audiovisuales y multimediales, artes sonoras, literatura, artes visuales o interdisciplinarios.<\/p>\n<p>&nbsp;<\/p>\n<p>Por<strong> informes e inscripci\u00f3n<\/strong>\u00a0<a href=\"https:\/\/docs.google.com\/forms\/d\/1_w7R8dLWjf9VwVaiLCYe3INTFxyz_oq9_maeppeu5mc\/edit?usp=drivesdk\" target=\"_blank\" rel=\"noopener\"><strong>clic aqu\u00ed<\/strong><\/a>, o comunicarse v\u00eda correo electr\u00f3nico a:\u00a0<a href=\"mailto:reactivocultural@gmail.com\">reactivocultural2021@gmail.com<\/a>.<\/p>\n","protected":false},"excerpt":{"rendered":"<p>El plazo de entrega de proyectos se extiende hasta el viernes 12 de noviembre.<\/p>\n","protected":false},"author":6,"featured_media":37671,"comment_status":"closed","ping_status":"closed","sticky":false,"template":"","format":"standard","meta":{"_jetpack_memberships_contains_paid_content":false,"footnotes":""},"categories":[5,1],"tags":[],"class_list":["post-37670","post","type-post","status-publish","format-standard","has-post-thumbnail","hentry","category-informacion-general","category-portada"],"jetpack_featured_media_url":"https:\/\/i0.wp.com\/cdnoticias.com\/wp-content\/uploads\/2021\/11\/Convenio-Mpio-Unicen-1-1024x683.jpg?fit=1024%2C683&ssl=1","jetpack_sharing_enabled":true,"_links":{"self":[{"href":"https:\/\/cdnoticias.com\/index.php\/wp-json\/wp\/v2\/posts\/37670","targetHints":{"allow":["GET"]}}],"collection":[{"href":"https:\/\/cdnoticias.com\/index.php\/wp-json\/wp\/v2\/posts"}],"about":[{"href":"https:\/\/cdnoticias.com\/index.php\/wp-json\/wp\/v2\/types\/post"}],"author":[{"embeddable":true,"href":"https:\/\/cdnoticias.com\/index.php\/wp-json\/wp\/v2\/users\/6"}],"replies":[{"embeddable":true,"href":"https:\/\/cdnoticias.com\/index.php\/wp-json\/wp\/v2\/comments?post=37670"}],"version-history":[{"count":0,"href":"https:\/\/cdnoticias.com\/index.php\/wp-json\/wp\/v2\/posts\/37670\/revisions"}],"wp:featuredmedia":[{"embeddable":true,"href":"https:\/\/cdnoticias.com\/index.php\/wp-json\/wp\/v2\/media\/37671"}],"wp:attachment":[{"href":"https:\/\/cdnoticias.com\/index.php\/wp-json\/wp\/v2\/media?parent=37670"}],"wp:term":[{"taxonomy":"category","embeddable":true,"href":"https:\/\/cdnoticias.com\/index.php\/wp-json\/wp\/v2\/categories?post=37670"},{"taxonomy":"post_tag","embeddable":true,"href":"https:\/\/cdnoticias.com\/index.php\/wp-json\/wp\/v2\/tags?post=37670"}],"curies":[{"name":"wp","href":"https:\/\/api.w.org\/{rel}","templated":true}]}}