{"id":37646,"date":"2021-11-04T17:07:34","date_gmt":"2021-11-04T20:07:34","guid":{"rendered":"http:\/\/www.centraldenoticias.com.ar\/?p=37646"},"modified":"2021-11-04T17:07:34","modified_gmt":"2021-11-04T20:07:34","slug":"noche-de-blues-rock-y-arte-muestra-de-obras-de-la-escuela-de-artes-visuales","status":"publish","type":"post","link":"https:\/\/cdnoticias.com\/index.php\/2021\/11\/04\/noche-de-blues-rock-y-arte-muestra-de-obras-de-la-escuela-de-artes-visuales\/","title":{"rendered":"&#8220;Noche de blues, rock y arte&#8221;: muestra de obras de la Escuela de Artes Visuales"},"content":{"rendered":"<p>Ser\u00e1 el pr\u00f3ximo s\u00e1bado 6 de noviembre a las 21:00 en Punto de Giro. Las entradas ya est\u00e1n a la venta.\u00a0<!--more--><\/p>\n<hr \/>\n<p>&nbsp;<\/p>\n<p>El pr\u00f3ximo<strong> s\u00e1bado 6 de noviembre a las 21:00<\/strong> llega <strong>&#8220;Noche de blues, rock y arte&#8221;: muestra de obras de arte<\/strong> de docentes y estudiantes <strong>de la Escuela de Artes Visuales. <\/strong><\/p>\n<p>&nbsp;<\/p>\n<p>Adem\u00e1s se har\u00e1 presente la<strong> banda<\/strong>\u00a0<strong>&#8220;La m\u00e1quina del rock&#8221; <\/strong>para brindar un <strong>recital de rock.\u00a0<\/strong>\u00a0La cita es en <strong>Punto de Giro<\/strong>, ubicado en la calle <strong>Maip\u00fa 3428.<\/strong><\/p>\n<p>&nbsp;<\/p>\n<p>Las<strong> entradas<\/strong> se pueden conseguir en la <strong>Escuela de Artes Visuales<\/strong> o en <strong>Pentagrama Instrumentos Musicales<\/strong>. El valor de las<strong> entradas anticipadas<\/strong> tienen un valor de <strong>$300<\/strong> y <strong>en puerta<\/strong> de <strong>$400.\u00a0<\/strong><\/p>\n","protected":false},"excerpt":{"rendered":"<p>Ser\u00e1 el pr\u00f3ximo s\u00e1bado 6 de noviembre a las 21:00 en Punto de Giro. Las entradas ya est\u00e1n a la<\/p>\n","protected":false},"author":6,"featured_media":37664,"comment_status":"closed","ping_status":"closed","sticky":false,"template":"","format":"standard","meta":{"_jetpack_memberships_contains_paid_content":false,"footnotes":""},"categories":[9,1],"tags":[],"class_list":["post-37646","post","type-post","status-publish","format-standard","has-post-thumbnail","hentry","category-cultura","category-portada"],"jetpack_featured_media_url":"https:\/\/i0.wp.com\/cdnoticias.com\/wp-content\/uploads\/2021\/11\/noche-de-rock.jpg?fit=800%2C445&ssl=1","jetpack_sharing_enabled":true,"_links":{"self":[{"href":"https:\/\/cdnoticias.com\/index.php\/wp-json\/wp\/v2\/posts\/37646","targetHints":{"allow":["GET"]}}],"collection":[{"href":"https:\/\/cdnoticias.com\/index.php\/wp-json\/wp\/v2\/posts"}],"about":[{"href":"https:\/\/cdnoticias.com\/index.php\/wp-json\/wp\/v2\/types\/post"}],"author":[{"embeddable":true,"href":"https:\/\/cdnoticias.com\/index.php\/wp-json\/wp\/v2\/users\/6"}],"replies":[{"embeddable":true,"href":"https:\/\/cdnoticias.com\/index.php\/wp-json\/wp\/v2\/comments?post=37646"}],"version-history":[{"count":0,"href":"https:\/\/cdnoticias.com\/index.php\/wp-json\/wp\/v2\/posts\/37646\/revisions"}],"wp:featuredmedia":[{"embeddable":true,"href":"https:\/\/cdnoticias.com\/index.php\/wp-json\/wp\/v2\/media\/37664"}],"wp:attachment":[{"href":"https:\/\/cdnoticias.com\/index.php\/wp-json\/wp\/v2\/media?parent=37646"}],"wp:term":[{"taxonomy":"category","embeddable":true,"href":"https:\/\/cdnoticias.com\/index.php\/wp-json\/wp\/v2\/categories?post=37646"},{"taxonomy":"post_tag","embeddable":true,"href":"https:\/\/cdnoticias.com\/index.php\/wp-json\/wp\/v2\/tags?post=37646"}],"curies":[{"name":"wp","href":"https:\/\/api.w.org\/{rel}","templated":true}]}}