{"id":37631,"date":"2021-11-04T14:04:23","date_gmt":"2021-11-04T17:04:23","guid":{"rendered":"http:\/\/www.centraldenoticias.com.ar\/?p=37631"},"modified":"2021-11-04T14:04:23","modified_gmt":"2021-11-04T17:04:23","slug":"tristeza-y-pesar-por-el-fallecimiento-del-empresario-daniel-block","status":"publish","type":"post","link":"https:\/\/cdnoticias.com\/index.php\/2021\/11\/04\/tristeza-y-pesar-por-el-fallecimiento-del-empresario-daniel-block\/","title":{"rendered":"Tristeza y pesar por el fallecimiento del empresario Daniel Block"},"content":{"rendered":"<p>La Uni\u00f3n Industrial destac\u00f3 su figura: \u201cun gran desarrollador, autodidacta, ferviente buscador de la excelencia\u201d. Tambi\u00e9n se expresaron el intendente Ezequiel Galli y el ex intendente Jos\u00e9 Eseverri.<!--more--><\/p>\n<hr \/>\n<p>Este jueves <a href=\"https:\/\/cdnoticias.com\/index.php\/2021\/11\/04\/daniel-enrique-block-q-e-p-d\/\" target=\"_blank\" rel=\"noopener\">falleci\u00f3 el empresario Daniel Enrique Bolck<\/a> y distintas instituciones y autoridades de nuestra ciudad expresaron su pesar por la p\u00e9rdida. <strong>Fue el fundador y presidente de Electrot\u00e9cnica Block Hermanos, empresa que super\u00f3 los 50 a\u00f1os de trayectoria<\/strong>, dedicada a la reparaci\u00f3n, mantenimiento y dise\u00f1o de motores el\u00e9ctricos.<\/p>\n<p>&nbsp;<\/p>\n<p>\u201c<strong>La Uni\u00f3n Industrial de Olavarr\u00eda expresa su profundo dolor por el fallecimiento de Daniel Block, destacado empresario de nuestra ciudad, y gran impulsor de la Industria local<\/strong>. En palabras de nuestros asociados, colegas y amigos de Daniel, queda la pena de lo que ha sido una gran p\u00e9rdida, una GRAN persona que se lo recordara como un gran desarrollador, autodidacta, ferviente buscador de la excelencia, visionario, emprendedor, \u00b4un distinto\u00b4 que resuena en cada persona que comparti\u00f3 su presencia, dejando huellas en ense\u00f1anzas y conocimiento. Por sobre todo excelente persona y colega, que ha transmitido a sus hijos todos sus valores y virtudes\u201d lo record\u00f3 la Uni\u00f3n Industrial.<\/p>\n<p>&nbsp;<\/p>\n<p><img data-recalc-dims=\"1\" loading=\"lazy\" decoding=\"async\" class=\"aligncenter wp-image-37632\" src=\"https:\/\/i0.wp.com\/cdnoticias.com\/wp-content\/uploads\/2021\/11\/daniel-block-union-industrial.jpeg?resize=500%2C500&#038;ssl=1\" alt=\"\" width=\"500\" height=\"500\" srcset=\"https:\/\/i0.wp.com\/cdnoticias.com\/wp-content\/uploads\/2021\/11\/daniel-block-union-industrial.jpeg?resize=1024%2C1024&amp;ssl=1 1024w, https:\/\/i0.wp.com\/cdnoticias.com\/wp-content\/uploads\/2021\/11\/daniel-block-union-industrial.jpeg?resize=150%2C150&amp;ssl=1 150w, https:\/\/i0.wp.com\/cdnoticias.com\/wp-content\/uploads\/2021\/11\/daniel-block-union-industrial.jpeg?resize=300%2C300&amp;ssl=1 300w, https:\/\/i0.wp.com\/cdnoticias.com\/wp-content\/uploads\/2021\/11\/daniel-block-union-industrial.jpeg?resize=768%2C768&amp;ssl=1 768w, https:\/\/i0.wp.com\/cdnoticias.com\/wp-content\/uploads\/2021\/11\/daniel-block-union-industrial.jpeg?w=1080&amp;ssl=1 1080w\" sizes=\"auto, (max-width: 500px) 100vw, 500px\" \/><\/p>\n<p>&nbsp;<\/p>\n<p>\u201cDesde nuestra instituci\u00f3n<strong> agradecemos su inmenso aporte de trabajo, desarrollo y transformaci\u00f3n<\/strong> que Daniel gener\u00f3, y enviamos nuestro m\u00e1s sentido p\u00e9same y condolencias a su familia, amigos y colegas. A su familia y amigos enviamos nuestro m\u00e1s sentido p\u00e9same\u201d cerr\u00f3 la instituci\u00f3n sus condolencias.<\/p>\n<p>&nbsp;<\/p>\n<p>En tanto, <strong>el intendente Ezequiel Galli<\/strong> se expres\u00f3 a trav\u00e9s de sus redes sociales sobre la figura de Block. <strong>\u201cHoy es un d\u00eda de mucha tristeza. Se nos fue uno de los empresarios con m\u00e1s empuje y m\u00e1s capacidad que tuvo y tendr\u00e1 Olavarr\u00eda\u201d<\/strong>.<\/p>\n<p>&nbsp;<\/p>\n<p><img data-recalc-dims=\"1\" loading=\"lazy\" decoding=\"async\" class=\"size-large wp-image-37634 aligncenter\" src=\"https:\/\/i0.wp.com\/cdnoticias.com\/wp-content\/uploads\/2021\/11\/daniel-block-00.jpg?resize=800%2C445&#038;ssl=1\" alt=\"\" width=\"800\" height=\"445\" srcset=\"https:\/\/i0.wp.com\/cdnoticias.com\/wp-content\/uploads\/2021\/11\/daniel-block-00.jpg?resize=1024%2C570&amp;ssl=1 1024w, https:\/\/i0.wp.com\/cdnoticias.com\/wp-content\/uploads\/2021\/11\/daniel-block-00.jpg?resize=300%2C167&amp;ssl=1 300w, https:\/\/i0.wp.com\/cdnoticias.com\/wp-content\/uploads\/2021\/11\/daniel-block-00.jpg?resize=768%2C427&amp;ssl=1 768w, https:\/\/i0.wp.com\/cdnoticias.com\/wp-content\/uploads\/2021\/11\/daniel-block-00.jpg?resize=800%2C445&amp;ssl=1 800w, https:\/\/i0.wp.com\/cdnoticias.com\/wp-content\/uploads\/2021\/11\/daniel-block-00.jpg?w=1172&amp;ssl=1 1172w\" sizes=\"auto, (max-width: 800px) 100vw, 800px\" \/><\/p>\n<p>&nbsp;<\/p>\n<p>El <strong>ex jefe comunal Jos\u00e9 Eseverri<\/strong> replic\u00f3 el mensaje de la Uni\u00f3n Industrial y a\u00f1adi\u00f3 su recuerdo del empresario: <strong>\u201cun ejemplo de innovador. Olavarr\u00eda te va a extra\u00f1ar\u201d<\/strong>.<\/p>\n<p>&nbsp;<\/p>\n<p>El <strong>concejal Eduardo Rodr\u00edguez<\/strong> (Frente Renovador) lament\u00f3 que <strong>\u201cse fue un gran emprendedor y hacedor\u201d<\/strong>.<\/p>\n","protected":false},"excerpt":{"rendered":"<p>La Uni\u00f3n Industrial destac\u00f3 su figura: \u201cun gran desarrollador, autodidacta, ferviente buscador de la excelencia\u201d. Tambi\u00e9n se expresaron el intendente<\/p>\n","protected":false},"author":4,"featured_media":37633,"comment_status":"closed","ping_status":"closed","sticky":false,"template":"","format":"standard","meta":{"_jetpack_memberships_contains_paid_content":false,"footnotes":""},"categories":[5,1],"tags":[],"class_list":["post-37631","post","type-post","status-publish","format-standard","has-post-thumbnail","hentry","category-informacion-general","category-portada"],"jetpack_featured_media_url":"https:\/\/i0.wp.com\/cdnoticias.com\/wp-content\/uploads\/2021\/11\/daniel-block.jpg?fit=960%2C540&ssl=1","jetpack_sharing_enabled":true,"_links":{"self":[{"href":"https:\/\/cdnoticias.com\/index.php\/wp-json\/wp\/v2\/posts\/37631","targetHints":{"allow":["GET"]}}],"collection":[{"href":"https:\/\/cdnoticias.com\/index.php\/wp-json\/wp\/v2\/posts"}],"about":[{"href":"https:\/\/cdnoticias.com\/index.php\/wp-json\/wp\/v2\/types\/post"}],"author":[{"embeddable":true,"href":"https:\/\/cdnoticias.com\/index.php\/wp-json\/wp\/v2\/users\/4"}],"replies":[{"embeddable":true,"href":"https:\/\/cdnoticias.com\/index.php\/wp-json\/wp\/v2\/comments?post=37631"}],"version-history":[{"count":0,"href":"https:\/\/cdnoticias.com\/index.php\/wp-json\/wp\/v2\/posts\/37631\/revisions"}],"wp:featuredmedia":[{"embeddable":true,"href":"https:\/\/cdnoticias.com\/index.php\/wp-json\/wp\/v2\/media\/37633"}],"wp:attachment":[{"href":"https:\/\/cdnoticias.com\/index.php\/wp-json\/wp\/v2\/media?parent=37631"}],"wp:term":[{"taxonomy":"category","embeddable":true,"href":"https:\/\/cdnoticias.com\/index.php\/wp-json\/wp\/v2\/categories?post=37631"},{"taxonomy":"post_tag","embeddable":true,"href":"https:\/\/cdnoticias.com\/index.php\/wp-json\/wp\/v2\/tags?post=37631"}],"curies":[{"name":"wp","href":"https:\/\/api.w.org\/{rel}","templated":true}]}}