{"id":37628,"date":"2021-11-04T13:09:42","date_gmt":"2021-11-04T16:09:42","guid":{"rendered":"http:\/\/www.centraldenoticias.com.ar\/?p=37628"},"modified":"2021-11-04T13:09:42","modified_gmt":"2021-11-04T16:09:42","slug":"inauguraran-el-lugar-de-oracion-rincon-de-los-santos","status":"publish","type":"post","link":"https:\/\/cdnoticias.com\/index.php\/2021\/11\/04\/inauguraran-el-lugar-de-oracion-rincon-de-los-santos\/","title":{"rendered":"Inaugurar\u00e1n el lugar de oraci\u00f3n \u201cRinc\u00f3n de los Santos\u201d"},"content":{"rendered":"<p>Estar\u00e1 emplazado en el templo ubicado en el barrio CECO I y tendr\u00e1 im\u00e1genes de santos y beatos argentinos, como el santo Cura Brochero, el beato Ceferino Namuncur\u00e1, entre otros.\u00a0<!--more--><\/p>\n<hr \/>\n<p>Desde la <strong>Parroquia San Cayetano de Olavarr\u00eda<\/strong> se invit\u00f3 a la comunidad a participar de la <strong>inauguraci\u00f3n del \u201cRinc\u00f3n de los Santos\u201d que ser\u00e1 emplazado en el templo ubicado en el barrio CECO I. Ser\u00e1 el pr\u00f3ximo domingo.\u00a0<\/strong><\/p>\n<p>&nbsp;<\/p>\n<p>El \u201cRinc\u00f3n de los Santos\u201d ser\u00e1 <strong>un lugar de oraci\u00f3n que fue preparado con im\u00e1genes de Santos y Beatos Argentinos, entre ellos el santo Cura Brochero, el beato Ceferino Namuncur\u00e1, los beatos m\u00e1rtires riojanos, y a futuro la beata Mar\u00eda Antonia de San Jos\u00e9 y el venerable Negro Manuel -custodio de la Virgen de Luj\u00e1n-.<\/strong><\/p>\n<p>&nbsp;<\/p>\n<blockquote><p>A estos se les suma adem\u00e1s una r\u00e9plica de la Virgen de Nuestra Se\u00f1ora de Guadalupe bendecida por el santo papa Juan Pablo II en su viaje a M\u00e9xico junto al indio Juan Diego -primer santo aborigen-.<\/p><\/blockquote>\n<p>&nbsp;<\/p>\n<p>Luego de esta inauguraci\u00f3n, y en los pr\u00f3ximos meses, <strong>se ir\u00e1n entronizando m\u00e1s im\u00e1genes de santos y beatos argentinos.<\/strong><\/p>\n<p>&nbsp;<\/p>\n<p>Esta inauguraci\u00f3n ser\u00e1<em> \u201ctras la fiesta de todos los santos que hemos celebrado\u201d<\/em> este <strong>domingo 7 de noviembre con posterioridad a la Misa de las 19 horas.<\/strong><\/p>\n<p>&nbsp;<\/p>\n<p>Este oratorio no ser\u00e1 <em>\u201csolo un lugar de devoci\u00f3n; ser\u00e1 tambi\u00e9n un aliento para que resuene nuestro propio llamado a la santidad en el mundo actual, como nos lo recuerda el papa Francisco en su carta \u2018Gaudete et exsultate\u2019\u201d.<\/em><\/p>\n<p>&nbsp;<\/p>\n<p><strong>Para la bendici\u00f3n del espacio fue invitado el Padre Estanislao<\/strong>, de la Iglesia San Vicente, el coro de ni\u00f1as del colegio Estrada y otros m\u00fasicos.<\/p>\n","protected":false},"excerpt":{"rendered":"<p>Estar\u00e1 emplazado en el templo ubicado en el barrio CECO I y tendr\u00e1 im\u00e1genes de santos y beatos argentinos, como<\/p>\n","protected":false},"author":2,"featured_media":37629,"comment_status":"closed","ping_status":"closed","sticky":false,"template":"","format":"standard","meta":{"_jetpack_memberships_contains_paid_content":false,"footnotes":""},"categories":[5,1],"tags":[],"class_list":["post-37628","post","type-post","status-publish","format-standard","has-post-thumbnail","hentry","category-informacion-general","category-portada"],"jetpack_featured_media_url":"https:\/\/i0.wp.com\/cdnoticias.com\/wp-content\/uploads\/2021\/11\/1635986260099blob.png?fit=1415%2C925&ssl=1","jetpack_sharing_enabled":true,"_links":{"self":[{"href":"https:\/\/cdnoticias.com\/index.php\/wp-json\/wp\/v2\/posts\/37628","targetHints":{"allow":["GET"]}}],"collection":[{"href":"https:\/\/cdnoticias.com\/index.php\/wp-json\/wp\/v2\/posts"}],"about":[{"href":"https:\/\/cdnoticias.com\/index.php\/wp-json\/wp\/v2\/types\/post"}],"author":[{"embeddable":true,"href":"https:\/\/cdnoticias.com\/index.php\/wp-json\/wp\/v2\/users\/2"}],"replies":[{"embeddable":true,"href":"https:\/\/cdnoticias.com\/index.php\/wp-json\/wp\/v2\/comments?post=37628"}],"version-history":[{"count":0,"href":"https:\/\/cdnoticias.com\/index.php\/wp-json\/wp\/v2\/posts\/37628\/revisions"}],"wp:featuredmedia":[{"embeddable":true,"href":"https:\/\/cdnoticias.com\/index.php\/wp-json\/wp\/v2\/media\/37629"}],"wp:attachment":[{"href":"https:\/\/cdnoticias.com\/index.php\/wp-json\/wp\/v2\/media?parent=37628"}],"wp:term":[{"taxonomy":"category","embeddable":true,"href":"https:\/\/cdnoticias.com\/index.php\/wp-json\/wp\/v2\/categories?post=37628"},{"taxonomy":"post_tag","embeddable":true,"href":"https:\/\/cdnoticias.com\/index.php\/wp-json\/wp\/v2\/tags?post=37628"}],"curies":[{"name":"wp","href":"https:\/\/api.w.org\/{rel}","templated":true}]}}