{"id":37621,"date":"2021-11-04T12:08:47","date_gmt":"2021-11-04T15:08:47","guid":{"rendered":"http:\/\/www.centraldenoticias.com.ar\/?p=37621"},"modified":"2021-11-05T13:06:50","modified_gmt":"2021-11-05T16:06:50","slug":"mas-visitas-de-campana-horacio-rodriguez-larreta-tambien-visitara-olavarria","status":"publish","type":"post","link":"https:\/\/cdnoticias.com\/index.php\/2021\/11\/04\/mas-visitas-de-campana-horacio-rodriguez-larreta-tambien-visitara-olavarria\/","title":{"rendered":"M\u00e1s visitas de campa\u00f1a: Horacio Rodr\u00edguez Larreta tambi\u00e9n visitar\u00e1 Olavarr\u00eda"},"content":{"rendered":"<p>Ser\u00e1 este s\u00e1bado, en el marco de una recorrida del Jefe de Gobierno porte\u00f1o. Se espera una agenda de actividades y un di\u00e1logo con los medios en un bar c\u00e9ntrico.<!--more--><\/p>\n<hr \/>\n<p>En la <strong>recta final de la campa\u00f1a de cara a las Legislativas del 14 de noviembre, este s\u00e1bado por la tarde el Jefe de Gobierno porte\u00f1o, Horacio Rodr\u00edguez Larreta, estar\u00e1 en Olavarr\u00eda para realizar una agenda de actividades.<\/strong><\/p>\n<p>&nbsp;<\/p>\n<p>Ser\u00e1<strong> el regreso del mandatario porte\u00f1o tras su visita a la ciudad junto a Diego Santilli, en un acto que los dos encabezaron en el Club Estudiantes.<\/strong> De hecho, el referente de Juntos acompa\u00f1\u00f3 a los precandidatos a la presentaci\u00f3n de propuestas para la Industria en el PIO.<\/p>\n<p>&nbsp;<\/p>\n<blockquote><p>Se prev\u00e9, por ahora, un di\u00e1logo con los medios en la tarde del s\u00e1bado en un bar c\u00e9ntrico de la ciudad. No se confirm\u00f3 a\u00fan si realizar\u00e1 recorridas por algunos sectores de la ciudad.<\/p><\/blockquote>\n<p>&nbsp;<\/p>\n<p><strong>Larreta se transform\u00f3 en referencia del espacio Juntos<\/strong> tras imponer candidatos de su confianza en la Provincia de Buenos Aires, y se posiciona como protagonista de cara a la carrera presidencial en 2023.<\/p>\n","protected":false},"excerpt":{"rendered":"<p>Ser\u00e1 este s\u00e1bado, en el marco de una recorrida del Jefe de Gobierno porte\u00f1o. Se espera una agenda de actividades<\/p>\n","protected":false},"author":2,"featured_media":24344,"comment_status":"closed","ping_status":"closed","sticky":false,"template":"","format":"standard","meta":{"_jetpack_memberships_contains_paid_content":false,"footnotes":""},"categories":[17,1],"tags":[],"class_list":["post-37621","post","type-post","status-publish","format-standard","has-post-thumbnail","hentry","category-elecciones-2021","category-portada"],"jetpack_featured_media_url":"https:\/\/i0.wp.com\/cdnoticias.com\/wp-content\/uploads\/2021\/06\/visitalarreta-1.jpg?fit=1280%2C853&ssl=1","jetpack_sharing_enabled":true,"_links":{"self":[{"href":"https:\/\/cdnoticias.com\/index.php\/wp-json\/wp\/v2\/posts\/37621","targetHints":{"allow":["GET"]}}],"collection":[{"href":"https:\/\/cdnoticias.com\/index.php\/wp-json\/wp\/v2\/posts"}],"about":[{"href":"https:\/\/cdnoticias.com\/index.php\/wp-json\/wp\/v2\/types\/post"}],"author":[{"embeddable":true,"href":"https:\/\/cdnoticias.com\/index.php\/wp-json\/wp\/v2\/users\/2"}],"replies":[{"embeddable":true,"href":"https:\/\/cdnoticias.com\/index.php\/wp-json\/wp\/v2\/comments?post=37621"}],"version-history":[{"count":0,"href":"https:\/\/cdnoticias.com\/index.php\/wp-json\/wp\/v2\/posts\/37621\/revisions"}],"wp:featuredmedia":[{"embeddable":true,"href":"https:\/\/cdnoticias.com\/index.php\/wp-json\/wp\/v2\/media\/24344"}],"wp:attachment":[{"href":"https:\/\/cdnoticias.com\/index.php\/wp-json\/wp\/v2\/media?parent=37621"}],"wp:term":[{"taxonomy":"category","embeddable":true,"href":"https:\/\/cdnoticias.com\/index.php\/wp-json\/wp\/v2\/categories?post=37621"},{"taxonomy":"post_tag","embeddable":true,"href":"https:\/\/cdnoticias.com\/index.php\/wp-json\/wp\/v2\/tags?post=37621"}],"curies":[{"name":"wp","href":"https:\/\/api.w.org\/{rel}","templated":true}]}}