{"id":37618,"date":"2021-11-04T11:10:43","date_gmt":"2021-11-04T14:10:43","guid":{"rendered":"http:\/\/www.centraldenoticias.com.ar\/?p=37618"},"modified":"2021-11-04T12:08:57","modified_gmt":"2021-11-04T15:08:57","slug":"victoria-tolosa-paz-estara-en-olavarria-junto-a-massa-y-de-mendiguren","status":"publish","type":"post","link":"https:\/\/cdnoticias.com\/index.php\/2021\/11\/04\/victoria-tolosa-paz-estara-en-olavarria-junto-a-massa-y-de-mendiguren\/","title":{"rendered":"Victoria Tolosa Paz estar\u00e1 en Olavarr\u00eda junto a Massa y De Mendiguren"},"content":{"rendered":"<p>As\u00ed fue confirmado por el Frente de Todos. Ser\u00e1 el viernes, donde participar\u00e1n de una \u201cMesa de Producci\u00f3n y Desarrollo\u201d.\u00a0<!--more--><\/p>\n<hr \/>\n<p>Tras la confirmaci\u00f3n de <a href=\"https:\/\/cdnoticias.com\/index.php\/2021\/11\/02\/sergio-massa-llegara-este-viernes-a-olavarria\/\" target=\"_blank\" rel=\"noopener\">la llegada de Sergio Massa e Ignacio De Mendiguren a Olavarr\u00eda<\/a>, <strong>se inform\u00f3 tambi\u00e9n la presencia de la primera candidata a diputada nacional por el Frente de Todos, Victoria Tolosa Paz, en un viernes de mucha actividad de campa\u00f1a para la ciudad.<\/strong><\/p>\n<p>&nbsp;<\/p>\n<blockquote><p>Los tres dirigentes participar\u00e1n de la \u201cMesa de Producci\u00f3n y Desarrollo\u201d que se llevar\u00e1 delante desde las 16 horas en el Colegio de Ingenieros, ubicado en \u00c1lvaro Barros 2946 piso 1.<\/p><\/blockquote>\n<p>&nbsp;<\/p>\n<p>Luego de dicho encuentro, en el que se prev\u00e9n importantes presencias empresariales, de la industria y el comercio local, los dirigentes dialogar\u00e1n con los medios presentes.<\/p>\n<p>&nbsp;<\/p>\n<p>Para <strong>Massa y Tolosa Paz ser\u00e1 la segunda visita a Olavarr\u00eda en el marco de la campa\u00f1a de cara a las Legislativas del 14 de noviembre.<\/strong> Para De Mendiguren, en tanto, ser\u00e1 el regreso a la ciudad despu\u00e9s de un largo tiempo de ausencia de visitas.<\/p>\n<p>&nbsp;<\/p>\n<p>Finalmente, vale mencionar la particularidad que <strong>los dos protagonistas de la elecci\u00f3n que se realizar\u00e1 en 10 d\u00edas, Santilli y Tolosa Paz, estar\u00e1n en Olavarr\u00eda en actividades en simult\u00e1neo.<\/strong><\/p>\n","protected":false},"excerpt":{"rendered":"<p>As\u00ed fue confirmado por el Frente de Todos. Ser\u00e1 el viernes, donde participar\u00e1n de una \u201cMesa de Producci\u00f3n y Desarrollo\u201d.\u00a0<\/p>\n","protected":false},"author":2,"featured_media":31622,"comment_status":"closed","ping_status":"closed","sticky":false,"template":"","format":"standard","meta":{"_jetpack_memberships_contains_paid_content":false,"footnotes":""},"categories":[17,1],"tags":[],"class_list":["post-37618","post","type-post","status-publish","format-standard","has-post-thumbnail","hentry","category-elecciones-2021","category-portada"],"jetpack_featured_media_url":"https:\/\/i0.wp.com\/cdnoticias.com\/wp-content\/uploads\/2021\/09\/Tolosa-Paz.jpg?fit=800%2C445&ssl=1","jetpack_sharing_enabled":true,"_links":{"self":[{"href":"https:\/\/cdnoticias.com\/index.php\/wp-json\/wp\/v2\/posts\/37618","targetHints":{"allow":["GET"]}}],"collection":[{"href":"https:\/\/cdnoticias.com\/index.php\/wp-json\/wp\/v2\/posts"}],"about":[{"href":"https:\/\/cdnoticias.com\/index.php\/wp-json\/wp\/v2\/types\/post"}],"author":[{"embeddable":true,"href":"https:\/\/cdnoticias.com\/index.php\/wp-json\/wp\/v2\/users\/2"}],"replies":[{"embeddable":true,"href":"https:\/\/cdnoticias.com\/index.php\/wp-json\/wp\/v2\/comments?post=37618"}],"version-history":[{"count":0,"href":"https:\/\/cdnoticias.com\/index.php\/wp-json\/wp\/v2\/posts\/37618\/revisions"}],"wp:featuredmedia":[{"embeddable":true,"href":"https:\/\/cdnoticias.com\/index.php\/wp-json\/wp\/v2\/media\/31622"}],"wp:attachment":[{"href":"https:\/\/cdnoticias.com\/index.php\/wp-json\/wp\/v2\/media?parent=37618"}],"wp:term":[{"taxonomy":"category","embeddable":true,"href":"https:\/\/cdnoticias.com\/index.php\/wp-json\/wp\/v2\/categories?post=37618"},{"taxonomy":"post_tag","embeddable":true,"href":"https:\/\/cdnoticias.com\/index.php\/wp-json\/wp\/v2\/tags?post=37618"}],"curies":[{"name":"wp","href":"https:\/\/api.w.org\/{rel}","templated":true}]}}