{"id":37614,"date":"2021-11-04T10:55:01","date_gmt":"2021-11-04T13:55:01","guid":{"rendered":"http:\/\/www.centraldenoticias.com.ar\/?p=37614"},"modified":"2021-11-04T10:55:01","modified_gmt":"2021-11-04T13:55:01","slug":"una-vecina-reclamo-por-el-retiro-de-un-pasacalle","status":"publish","type":"post","link":"https:\/\/cdnoticias.com\/index.php\/2021\/11\/04\/una-vecina-reclamo-por-el-retiro-de-un-pasacalle\/","title":{"rendered":"Una vecina reclam\u00f3 por el retiro de un pasacalle"},"content":{"rendered":"<p>Est\u00e1 en el sector de Brown y Col\u00f3n. Es una publicidad electoral y fue colocada en la previa a las PASO. Se expuso que ha comenzado a romperse y es riesgoso para los transe\u00fantes.<!--more--><\/p>\n<hr \/>\n<p><strong>Una vecina del sector de Brown y Col\u00f3n manifest\u00f3 su queja a trav\u00e9s de sus redes sociales por la permanencia de un pasacalle con publicidad de campa\u00f1a electoral<\/strong> frente a su casa. Expuso un video donde se evidencia el lugar donde est\u00e1 colocado y las condiciones en que se encuentra.<\/p>\n<p>&nbsp;<\/p>\n<p>Fue colocado antes de las PASO, es decir hace m\u00e1s de dos meses, y a\u00fan no fue retirado. <strong>\u201cHace un mes me quej\u00e9 de que no hab\u00edan sacado este cartel de la lista 505\u201d<\/strong> record\u00f3 la vecina quien cuestion\u00f3 que<strong> \u201cterminaron las elecciones y no lo vinieron a sacar, no vino nadie de la Municipalidad a sacarlo\u201d<\/strong>.<\/p>\n<p>&nbsp;<\/p>\n<p><img data-recalc-dims=\"1\" loading=\"lazy\" decoding=\"async\" class=\"size-full wp-image-37616 aligncenter\" src=\"https:\/\/i0.wp.com\/cdnoticias.com\/wp-content\/uploads\/2021\/11\/pasacalle-reclamo-1.jpeg?resize=720%2C799&#038;ssl=1\" alt=\"\" width=\"720\" height=\"799\" srcset=\"https:\/\/i0.wp.com\/cdnoticias.com\/wp-content\/uploads\/2021\/11\/pasacalle-reclamo-1.jpeg?w=720&amp;ssl=1 720w, https:\/\/i0.wp.com\/cdnoticias.com\/wp-content\/uploads\/2021\/11\/pasacalle-reclamo-1.jpeg?resize=270%2C300&amp;ssl=1 270w\" sizes=\"auto, (max-width: 720px) 100vw, 720px\" \/><\/p>\n<p>&nbsp;<\/p>\n<p>A su vez, se\u00f1al\u00f3 que <strong>ha comenzado a romperse producto del paso del tiempo y las condiciones clim\u00e1ticas aumentan el riesgo de que se desprenda<\/strong> y genere mayores riesgos para los transe\u00fantes.<\/p>\n<p>&nbsp;<\/p>\n<p><strong>\u201cNo tengo por qu\u00e9 sacar un cartel que no me corresponde\u201d<\/strong> enfatiz\u00f3 la mujer para reiterar el pedido a la Municipalidad de que sea retirado el pasacalle.<\/p>\n","protected":false},"excerpt":{"rendered":"<p>Est\u00e1 en el sector de Brown y Col\u00f3n. Es una publicidad electoral y fue colocada en la previa a las<\/p>\n","protected":false},"author":4,"featured_media":37615,"comment_status":"closed","ping_status":"closed","sticky":false,"template":"","format":"standard","meta":{"_jetpack_memberships_contains_paid_content":false,"footnotes":""},"categories":[5,1],"tags":[],"class_list":["post-37614","post","type-post","status-publish","format-standard","has-post-thumbnail","hentry","category-informacion-general","category-portada"],"jetpack_featured_media_url":"https:\/\/i0.wp.com\/cdnoticias.com\/wp-content\/uploads\/2021\/11\/pasacalle-reclamo.jpg?fit=720%2C401&ssl=1","jetpack_sharing_enabled":true,"_links":{"self":[{"href":"https:\/\/cdnoticias.com\/index.php\/wp-json\/wp\/v2\/posts\/37614","targetHints":{"allow":["GET"]}}],"collection":[{"href":"https:\/\/cdnoticias.com\/index.php\/wp-json\/wp\/v2\/posts"}],"about":[{"href":"https:\/\/cdnoticias.com\/index.php\/wp-json\/wp\/v2\/types\/post"}],"author":[{"embeddable":true,"href":"https:\/\/cdnoticias.com\/index.php\/wp-json\/wp\/v2\/users\/4"}],"replies":[{"embeddable":true,"href":"https:\/\/cdnoticias.com\/index.php\/wp-json\/wp\/v2\/comments?post=37614"}],"version-history":[{"count":0,"href":"https:\/\/cdnoticias.com\/index.php\/wp-json\/wp\/v2\/posts\/37614\/revisions"}],"wp:featuredmedia":[{"embeddable":true,"href":"https:\/\/cdnoticias.com\/index.php\/wp-json\/wp\/v2\/media\/37615"}],"wp:attachment":[{"href":"https:\/\/cdnoticias.com\/index.php\/wp-json\/wp\/v2\/media?parent=37614"}],"wp:term":[{"taxonomy":"category","embeddable":true,"href":"https:\/\/cdnoticias.com\/index.php\/wp-json\/wp\/v2\/categories?post=37614"},{"taxonomy":"post_tag","embeddable":true,"href":"https:\/\/cdnoticias.com\/index.php\/wp-json\/wp\/v2\/tags?post=37614"}],"curies":[{"name":"wp","href":"https:\/\/api.w.org\/{rel}","templated":true}]}}